{"id":1086,"date":"2021-04-03T12:59:39","date_gmt":"2021-04-03T15:59:39","guid":{"rendered":"http:\/\/cvmarj.org.br\/site\/?p=1086"},"modified":"2021-04-03T17:20:28","modified_gmt":"2021-04-03T20:20:28","slug":"abril-2021","status":"publish","type":"post","link":"https:\/\/cvmarj.org.br\/site\/index.php\/2021\/04\/03\/abril-2021\/","title":{"rendered":"Abril 2021"},"content":{"rendered":"\t\t<div data-elementor-type=\"wp-post\" data-elementor-id=\"1086\" class=\"elementor elementor-1086\" data-elementor-settings=\"{&quot;ha_cmc_init_switcher&quot;:&quot;no&quot;}\">\n\t\t\t\t\t\t<section class=\"elementor-section elementor-top-section elementor-element elementor-element-45a3361b elementor-section-boxed elementor-section-height-default elementor-section-height-default\" data-id=\"45a3361b\" data-element_type=\"section\" data-settings=\"{&quot;_ha_eqh_enable&quot;:false}\">\n\t\t\t\t\t\t<div class=\"elementor-container elementor-column-gap-default\">\n\t\t\t\t\t<div class=\"elementor-column elementor-col-100 elementor-top-column elementor-element elementor-element-282a4d1b\" data-id=\"282a4d1b\" data-element_type=\"column\">\n\t\t\t<div class=\"elementor-widget-wrap elementor-element-populated\">\n\t\t\t\t\t\t<div class=\"elementor-element elementor-element-38f2694c elementor-widget elementor-widget-text-editor\" data-id=\"38f2694c\" data-element_type=\"widget\" data-widget_type=\"text-editor.default\">\n\t\t\t\t<div class=\"elementor-widget-container\">\n\t\t\t\t\t\t\t\t\t<p><\/p>\n<h4>Estamos&nbsp;<b>CANCELANDO<\/b>&nbsp;as atividades abaixo, em fun\u00e7\u00e3o do agravamento da pandemia do Corona Virus:<\/h4>\n<div><br><\/div>\n<p>ATIVIDADES MENSAIS DO CVMARJ _ ABRIL DE 2021.<\/p>\n<p>02\/04\/2021!<\/p>\n<p>* 10\/04\/2021, S\u00c1BADO: PORT\u00d5ES ABERTOS NA SEDE DO CVMARJ.<\/p>\n<p>* 14\/04\/2021, QUARTA FEIRA: ANIVERS\u00c1RIO DO GRUPO HIST\u00d3RICO LIBERTADORES DE MONTESE.<\/p>\n<p>18\/04\/2021, DOMINGO: ENCONTRO MENSAL DO CVMARJ, NO MUSEU MILITAR CONDE DE LINHARES.<\/p>\n<p>* 22\/04\/2021, QUINTA FEIRA: DIA DA AVIA\u00c7\u00c3O DE CA\u00c7A.<\/p>\n<p>* 24\/04\/2021, S\u00c1BADO: REUNI\u00c3O DA DIRETORIA E CONSELHO ELEITOS, NA SEDE DO CLUBE.<\/p>\n<p>VAMOS EM FRENTE!<\/p>\n<p>SOMOS CVMARJ!<\/p>\n<p>AT.<\/p>\n<p>S\u00c9RGIO CAPELLA.<br>PRESIDENTE DO CVMARJ.<\/p>\t\t\t\t\t\t\t\t<\/div>\n\t\t\t\t<\/div>\n\t\t\t\t\t<\/div>\n\t\t<\/div>\n\t\t\t\t\t<\/div>\n\t\t<\/section>\n\t\t\t\t<section class=\"elementor-section elementor-top-section elementor-element elementor-element-7742900 elementor-section-boxed elementor-section-height-default elementor-section-height-default\" data-id=\"7742900\" data-element_type=\"section\" data-settings=\"{&quot;_ha_eqh_enable&quot;:false}\">\n\t\t\t\t\t\t<div class=\"elementor-container elementor-column-gap-default\">\n\t\t\t\t\t<div class=\"elementor-column elementor-col-100 elementor-top-column elementor-element elementor-element-6a92428\" data-id=\"6a92428\" data-element_type=\"column\">\n\t\t\t<div class=\"elementor-widget-wrap elementor-element-populated\">\n\t\t\t\t\t\t<div class=\"elementor-element elementor-element-f45475d elementor-widget elementor-widget-image\" data-id=\"f45475d\" data-element_type=\"widget\" data-widget_type=\"image.default\">\n\t\t\t\t<div class=\"elementor-widget-container\">\n\t\t\t\t\t\t\t\t\t\t\t\t\t\t\t<img fetchpriority=\"high\" decoding=\"async\" width=\"724\" height=\"1024\" src=\"https:\/\/cvmarj.org.br\/site\/wp-content\/uploads\/2021\/04\/9a214ffa-4930-4cec-853f-57192f6cc6ec-724x1024.jpg\" class=\"attachment-large size-large wp-image-1096\" alt=\"\" srcset=\"https:\/\/cvmarj.org.br\/site\/wp-content\/uploads\/2021\/04\/9a214ffa-4930-4cec-853f-57192f6cc6ec-724x1024.jpg 724w, https:\/\/cvmarj.org.br\/site\/wp-content\/uploads\/2021\/04\/9a214ffa-4930-4cec-853f-57192f6cc6ec-212x300.jpg 212w, https:\/\/cvmarj.org.br\/site\/wp-content\/uploads\/2021\/04\/9a214ffa-4930-4cec-853f-57192f6cc6ec-768x1086.jpg 768w, https:\/\/cvmarj.org.br\/site\/wp-content\/uploads\/2021\/04\/9a214ffa-4930-4cec-853f-57192f6cc6ec.jpg 905w\" sizes=\"(max-width: 724px) 100vw, 724px\" \/>\t\t\t\t\t\t\t\t\t\t\t\t\t\t\t<\/div>\n\t\t\t\t<\/div>\n\t\t\t\t\t<\/div>\n\t\t<\/div>\n\t\t\t\t\t<\/div>\n\t\t<\/section>\n\t\t\t\t<section class=\"elementor-section elementor-top-section elementor-element elementor-element-f429778 elementor-section-boxed elementor-section-height-default elementor-section-height-default\" data-id=\"f429778\" data-element_type=\"section\" data-settings=\"{&quot;_ha_eqh_enable&quot;:false}\">\n\t\t\t\t\t\t<div class=\"elementor-container elementor-column-gap-default\">\n\t\t\t\t\t<div class=\"elementor-column elementor-col-100 elementor-top-column elementor-element elementor-element-4c95a05\" data-id=\"4c95a05\" data-element_type=\"column\">\n\t\t\t<div class=\"elementor-widget-wrap elementor-element-populated\">\n\t\t\t\t\t\t<div class=\"elementor-element elementor-element-b5de961 elementor-widget elementor-widget-image\" data-id=\"b5de961\" data-element_type=\"widget\" data-widget_type=\"image.default\">\n\t\t\t\t<div class=\"elementor-widget-container\">\n\t\t\t\t\t\t\t\t\t\t\t\t\t\t\t<img decoding=\"async\" width=\"1024\" height=\"566\" src=\"https:\/\/cvmarj.org.br\/site\/wp-content\/uploads\/2021\/04\/1163bc47-c63e-4f10-8d17-19a04083b914-1024x566.jpg\" class=\"attachment-large size-large wp-image-1095\" alt=\"\" srcset=\"https:\/\/cvmarj.org.br\/site\/wp-content\/uploads\/2021\/04\/1163bc47-c63e-4f10-8d17-19a04083b914-1024x566.jpg 1024w, https:\/\/cvmarj.org.br\/site\/wp-content\/uploads\/2021\/04\/1163bc47-c63e-4f10-8d17-19a04083b914-300x166.jpg 300w, https:\/\/cvmarj.org.br\/site\/wp-content\/uploads\/2021\/04\/1163bc47-c63e-4f10-8d17-19a04083b914-768x425.jpg 768w, https:\/\/cvmarj.org.br\/site\/wp-content\/uploads\/2021\/04\/1163bc47-c63e-4f10-8d17-19a04083b914.jpg 1280w\" sizes=\"(max-width: 1024px) 100vw, 1024px\" \/>\t\t\t\t\t\t\t\t\t\t\t\t\t\t\t<\/div>\n\t\t\t\t<\/div>\n\t\t\t\t\t<\/div>\n\t\t<\/div>\n\t\t\t\t\t<\/div>\n\t\t<\/section>\n\t\t\t\t<section class=\"elementor-section elementor-top-section elementor-element elementor-element-415904d elementor-section-boxed elementor-section-height-default elementor-section-height-default\" data-id=\"415904d\" data-element_type=\"section\" data-settings=\"{&quot;_ha_eqh_enable&quot;:false}\">\n\t\t\t\t\t\t<div class=\"elementor-container elementor-column-gap-default\">\n\t\t\t\t\t<div class=\"elementor-column elementor-col-100 elementor-top-column elementor-element elementor-element-bd2f251\" data-id=\"bd2f251\" data-element_type=\"column\">\n\t\t\t<div class=\"elementor-widget-wrap elementor-element-populated\">\n\t\t\t\t\t\t<div class=\"elementor-element elementor-element-9ebe2ac elementor-widget elementor-widget-image\" data-id=\"9ebe2ac\" data-element_type=\"widget\" data-widget_type=\"image.default\">\n\t\t\t\t<div class=\"elementor-widget-container\">\n\t\t\t\t\t\t\t\t\t\t\t\t\t\t\t<img decoding=\"async\" width=\"1024\" height=\"1024\" src=\"https:\/\/cvmarj.org.br\/site\/wp-content\/uploads\/2021\/04\/090127ba-010a-4fb1-be69-cb897090d99a-1024x1024.jpg\" class=\"attachment-large size-large wp-image-1136\" alt=\"\" srcset=\"https:\/\/cvmarj.org.br\/site\/wp-content\/uploads\/2021\/04\/090127ba-010a-4fb1-be69-cb897090d99a-1024x1024.jpg 1024w, https:\/\/cvmarj.org.br\/site\/wp-content\/uploads\/2021\/04\/090127ba-010a-4fb1-be69-cb897090d99a-300x300.jpg 300w, https:\/\/cvmarj.org.br\/site\/wp-content\/uploads\/2021\/04\/090127ba-010a-4fb1-be69-cb897090d99a-150x150.jpg 150w, https:\/\/cvmarj.org.br\/site\/wp-content\/uploads\/2021\/04\/090127ba-010a-4fb1-be69-cb897090d99a-768x768.jpg 768w, https:\/\/cvmarj.org.br\/site\/wp-content\/uploads\/2021\/04\/090127ba-010a-4fb1-be69-cb897090d99a.jpg 1080w\" sizes=\"(max-width: 1024px) 100vw, 1024px\" \/>\t\t\t\t\t\t\t\t\t\t\t\t\t\t\t<\/div>\n\t\t\t\t<\/div>\n\t\t\t\t\t<\/div>\n\t\t<\/div>\n\t\t\t\t\t<\/div>\n\t\t<\/section>\n\t\t\t\t<\/div>\n\t\t","protected":false},"excerpt":{"rendered":"<p>Estamos&nbsp;CANCELANDO&nbsp;as atividades abaixo, em fun\u00e7\u00e3o do agravamento da pandemia do Corona Virus: ATIVIDADES MENSAIS DO CVMARJ _ ABRIL DE 2021. 02\/04\/2021! * 10\/04\/2021, S\u00c1BADO: PORT\u00d5ES ABERTOS NA SEDE DO CVMARJ. * 14\/04\/2021, QUARTA FEIRA: ANIVERS\u00c1RIO DO GRUPO HIST\u00d3RICO LIBERTADORES DE MONTESE. 18\/04\/2021, DOMINGO: ENCONTRO MENSAL DO CVMARJ, NO MUSEU MILITAR CONDE DE LINHARES. * 22\/04\/2021,&hellip;&nbsp;<a href=\"https:\/\/cvmarj.org.br\/site\/index.php\/2021\/04\/03\/abril-2021\/\" class=\"\" rel=\"bookmark\">Ler mais &raquo;<span class=\"screen-reader-text\">Abril 2021<\/span><\/a><\/p>\n","protected":false},"author":1,"featured_media":0,"comment_status":"closed","ping_status":"closed","sticky":false,"template":"","format":"standard","meta":{"neve_meta_sidebar":"","neve_meta_container":"","neve_meta_enable_content_width":"","neve_meta_content_width":0,"neve_meta_title_alignment":"","neve_meta_author_avatar":"","neve_post_elements_order":"[\"content\"]","neve_meta_disable_header":"","neve_meta_disable_footer":"","neve_meta_disable_title":"","footnotes":""},"categories":[7],"tags":[],"_links":{"self":[{"href":"https:\/\/cvmarj.org.br\/site\/index.php\/wp-json\/wp\/v2\/posts\/1086"}],"collection":[{"href":"https:\/\/cvmarj.org.br\/site\/index.php\/wp-json\/wp\/v2\/posts"}],"about":[{"href":"https:\/\/cvmarj.org.br\/site\/index.php\/wp-json\/wp\/v2\/types\/post"}],"author":[{"embeddable":true,"href":"https:\/\/cvmarj.org.br\/site\/index.php\/wp-json\/wp\/v2\/users\/1"}],"replies":[{"embeddable":true,"href":"https:\/\/cvmarj.org.br\/site\/index.php\/wp-json\/wp\/v2\/comments?post=1086"}],"version-history":[{"count":16,"href":"https:\/\/cvmarj.org.br\/site\/index.php\/wp-json\/wp\/v2\/posts\/1086\/revisions"}],"predecessor-version":[{"id":1139,"href":"https:\/\/cvmarj.org.br\/site\/index.php\/wp-json\/wp\/v2\/posts\/1086\/revisions\/1139"}],"wp:attachment":[{"href":"https:\/\/cvmarj.org.br\/site\/index.php\/wp-json\/wp\/v2\/media?parent=1086"}],"wp:term":[{"taxonomy":"category","embeddable":true,"href":"https:\/\/cvmarj.org.br\/site\/index.php\/wp-json\/wp\/v2\/categories?post=1086"},{"taxonomy":"post_tag","embeddable":true,"href":"https:\/\/cvmarj.org.br\/site\/index.php\/wp-json\/wp\/v2\/tags?post=1086"}],"curies":[{"name":"wp","href":"https:\/\/api.w.org\/{rel}","templated":true}]}}