{"id":1243,"date":"2021-04-09T12:45:36","date_gmt":"2021-04-09T15:45:36","guid":{"rendered":"http:\/\/cvmarj.org.br\/site\/?p=1243"},"modified":"2021-04-09T13:03:22","modified_gmt":"2021-04-09T16:03:22","slug":"sefferson-steindorff","status":"publish","type":"post","link":"https:\/\/cvmarj.org.br\/site\/index.php\/2021\/04\/09\/sefferson-steindorff\/","title":{"rendered":"Sefferson Steindorff 1 (Museu Militar)"},"content":{"rendered":"\n<p><\/p>\n\n\n\n<p>S\u00f3cio 22<br>BRASILEIRO \u2013 A3<br>Marca: Trator M5<br>Modelo: International Harvester\/Trator M5A1<br>Cor: Verde<br>Ano: 1942<br>Placa: N\u00e3o emplacado<br>Identifica\u00e7\u00e3o: For\u00e7a Expedicion\u00e1ria Brasileira<\/p>\n\n\n\n<figure class=\"wp-block-gallery columns-3 is-cropped wp-block-gallery-1 is-layout-flex wp-block-gallery-is-layout-flex\"><ul class=\"blocks-gallery-grid\"><li class=\"blocks-gallery-item\"><figure><img fetchpriority=\"high\" decoding=\"async\" width=\"485\" height=\"454\" src=\"http:\/\/cvmarj.org.br\/site\/wp-content\/uploads\/2021\/04\/68848ad9-50e8-487d-b87e-c2f67119564b.jpg\" alt=\"\" data-id=\"1247\" data-full-url=\"http:\/\/cvmarj.org.br\/site\/wp-content\/uploads\/2021\/04\/68848ad9-50e8-487d-b87e-c2f67119564b.jpg\" data-link=\"http:\/\/cvmarj.org.br\/site\/index.php\/2021\/04\/09\/sefferson-steindorff\/68848ad9-50e8-487d-b87e-c2f67119564b\/\" class=\"wp-image-1247\" srcset=\"https:\/\/cvmarj.org.br\/site\/wp-content\/uploads\/2021\/04\/68848ad9-50e8-487d-b87e-c2f67119564b.jpg 485w, https:\/\/cvmarj.org.br\/site\/wp-content\/uploads\/2021\/04\/68848ad9-50e8-487d-b87e-c2f67119564b-300x281.jpg 300w\" sizes=\"(max-width: 485px) 100vw, 485px\" \/><\/figure><\/li><li class=\"blocks-gallery-item\"><figure><img decoding=\"async\" width=\"624\" height=\"442\" src=\"http:\/\/cvmarj.org.br\/site\/wp-content\/uploads\/2021\/04\/b5fb3835-8cb0-4ca4-a4ea-cab067e1636b.jpg\" alt=\"\" data-id=\"1248\" data-full-url=\"http:\/\/cvmarj.org.br\/site\/wp-content\/uploads\/2021\/04\/b5fb3835-8cb0-4ca4-a4ea-cab067e1636b.jpg\" data-link=\"http:\/\/cvmarj.org.br\/site\/index.php\/2021\/04\/09\/sefferson-steindorff\/b5fb3835-8cb0-4ca4-a4ea-cab067e1636b\/\" class=\"wp-image-1248\" srcset=\"https:\/\/cvmarj.org.br\/site\/wp-content\/uploads\/2021\/04\/b5fb3835-8cb0-4ca4-a4ea-cab067e1636b.jpg 624w, https:\/\/cvmarj.org.br\/site\/wp-content\/uploads\/2021\/04\/b5fb3835-8cb0-4ca4-a4ea-cab067e1636b-300x213.jpg 300w\" sizes=\"(max-width: 624px) 100vw, 624px\" \/><\/figure><\/li><li class=\"blocks-gallery-item\"><figure><img decoding=\"async\" width=\"439\" height=\"470\" src=\"http:\/\/cvmarj.org.br\/site\/wp-content\/uploads\/2021\/04\/bb27acee-5465-4d5d-b229-9cb430aecbcd.jpg\" alt=\"\" data-id=\"1249\" data-full-url=\"http:\/\/cvmarj.org.br\/site\/wp-content\/uploads\/2021\/04\/bb27acee-5465-4d5d-b229-9cb430aecbcd.jpg\" data-link=\"http:\/\/cvmarj.org.br\/site\/index.php\/2021\/04\/09\/sefferson-steindorff\/bb27acee-5465-4d5d-b229-9cb430aecbcd\/\" class=\"wp-image-1249\" srcset=\"https:\/\/cvmarj.org.br\/site\/wp-content\/uploads\/2021\/04\/bb27acee-5465-4d5d-b229-9cb430aecbcd.jpg 439w, https:\/\/cvmarj.org.br\/site\/wp-content\/uploads\/2021\/04\/bb27acee-5465-4d5d-b229-9cb430aecbcd-280x300.jpg 280w\" sizes=\"(max-width: 439px) 100vw, 439px\" \/><\/figure><\/li><\/ul><\/figure>\n","protected":false},"excerpt":{"rendered":"<p>S\u00f3cio 22BRASILEIRO \u2013 A3Marca: Trator M5Modelo: International Harvester\/Trator M5A1Cor: VerdeAno: 1942Placa: N\u00e3o emplacadoIdentifica\u00e7\u00e3o: For\u00e7a Expedicion\u00e1ria Brasileira<\/p>\n","protected":false},"author":1,"featured_media":1250,"comment_status":"closed","ping_status":"closed","sticky":false,"template":"","format":"standard","meta":{"neve_meta_sidebar":"full-width","neve_meta_container":"","neve_meta_enable_content_width":"","neve_meta_content_width":0,"neve_meta_title_alignment":"","neve_meta_author_avatar":"off","neve_post_elements_order":"[\"thumbnail\",\"content\",\"tags\",\"comments\",\"title\",\"meta\",\"post-navigation\"]","neve_meta_disable_header":"","neve_meta_disable_footer":"on","neve_meta_disable_title":"","footnotes":""},"categories":[4],"tags":[],"_links":{"self":[{"href":"https:\/\/cvmarj.org.br\/site\/index.php\/wp-json\/wp\/v2\/posts\/1243"}],"collection":[{"href":"https:\/\/cvmarj.org.br\/site\/index.php\/wp-json\/wp\/v2\/posts"}],"about":[{"href":"https:\/\/cvmarj.org.br\/site\/index.php\/wp-json\/wp\/v2\/types\/post"}],"author":[{"embeddable":true,"href":"https:\/\/cvmarj.org.br\/site\/index.php\/wp-json\/wp\/v2\/users\/1"}],"replies":[{"embeddable":true,"href":"https:\/\/cvmarj.org.br\/site\/index.php\/wp-json\/wp\/v2\/comments?post=1243"}],"version-history":[{"count":5,"href":"https:\/\/cvmarj.org.br\/site\/index.php\/wp-json\/wp\/v2\/posts\/1243\/revisions"}],"predecessor-version":[{"id":1261,"href":"https:\/\/cvmarj.org.br\/site\/index.php\/wp-json\/wp\/v2\/posts\/1243\/revisions\/1261"}],"wp:featuredmedia":[{"embeddable":true,"href":"https:\/\/cvmarj.org.br\/site\/index.php\/wp-json\/wp\/v2\/media\/1250"}],"wp:attachment":[{"href":"https:\/\/cvmarj.org.br\/site\/index.php\/wp-json\/wp\/v2\/media?parent=1243"}],"wp:term":[{"taxonomy":"category","embeddable":true,"href":"https:\/\/cvmarj.org.br\/site\/index.php\/wp-json\/wp\/v2\/categories?post=1243"},{"taxonomy":"post_tag","embeddable":true,"href":"https:\/\/cvmarj.org.br\/site\/index.php\/wp-json\/wp\/v2\/tags?post=1243"}],"curies":[{"name":"wp","href":"https:\/\/api.w.org\/{rel}","templated":true}]}}