{"id":1269,"date":"2021-04-10T12:03:03","date_gmt":"2021-04-10T15:03:03","guid":{"rendered":"http:\/\/cvmarj.org.br\/site\/?p=1269"},"modified":"2021-04-10T12:03:05","modified_gmt":"2021-04-10T15:03:05","slug":"sefferson-steindorff-4-museu-militar","status":"publish","type":"post","link":"https:\/\/cvmarj.org.br\/site\/index.php\/2021\/04\/10\/sefferson-steindorff-4-museu-militar\/","title":{"rendered":"Sefferson Steindorff 4 (Museu Militar)"},"content":{"rendered":"\n<p><\/p>\n\n\n\n<p>BRASILEIRO \u2013 A8<br>Marca: Viatura TE GMC Oficina<br>Modelo: GMC Oficina<br>Cor: Verde<br>Ano: 1942<br>Placa: N\u00e3o emplacado<br>Identifica\u00e7\u00e3o: Americana<\/p>\n\n\n\n<figure class=\"wp-block-gallery columns-3 is-cropped wp-block-gallery-1 is-layout-flex wp-block-gallery-is-layout-flex\"><ul class=\"blocks-gallery-grid\"><li class=\"blocks-gallery-item\"><figure><img fetchpriority=\"high\" decoding=\"async\" width=\"480\" height=\"720\" src=\"http:\/\/cvmarj.org.br\/site\/wp-content\/uploads\/2021\/04\/7480d8ae-805e-4ddc-ac93-057966320368.jpg\" alt=\"\" data-id=\"1270\" data-full-url=\"http:\/\/cvmarj.org.br\/site\/wp-content\/uploads\/2021\/04\/7480d8ae-805e-4ddc-ac93-057966320368.jpg\" data-link=\"http:\/\/cvmarj.org.br\/site\/?attachment_id=1270\" class=\"wp-image-1270\" srcset=\"https:\/\/cvmarj.org.br\/site\/wp-content\/uploads\/2021\/04\/7480d8ae-805e-4ddc-ac93-057966320368.jpg 480w, https:\/\/cvmarj.org.br\/site\/wp-content\/uploads\/2021\/04\/7480d8ae-805e-4ddc-ac93-057966320368-200x300.jpg 200w\" sizes=\"(max-width: 480px) 100vw, 480px\" \/><\/figure><\/li><li class=\"blocks-gallery-item\"><figure><img decoding=\"async\" width=\"688\" height=\"396\" src=\"http:\/\/cvmarj.org.br\/site\/wp-content\/uploads\/2021\/04\/00387659-d2d4-43f3-bc1e-59523768b94c.jpg\" alt=\"\" data-id=\"1271\" data-full-url=\"http:\/\/cvmarj.org.br\/site\/wp-content\/uploads\/2021\/04\/00387659-d2d4-43f3-bc1e-59523768b94c.jpg\" data-link=\"http:\/\/cvmarj.org.br\/site\/?attachment_id=1271\" class=\"wp-image-1271\" srcset=\"https:\/\/cvmarj.org.br\/site\/wp-content\/uploads\/2021\/04\/00387659-d2d4-43f3-bc1e-59523768b94c.jpg 688w, https:\/\/cvmarj.org.br\/site\/wp-content\/uploads\/2021\/04\/00387659-d2d4-43f3-bc1e-59523768b94c-300x173.jpg 300w\" sizes=\"(max-width: 688px) 100vw, 688px\" \/><\/figure><\/li><li class=\"blocks-gallery-item\"><figure><img decoding=\"async\" width=\"720\" height=\"433\" src=\"http:\/\/cvmarj.org.br\/site\/wp-content\/uploads\/2021\/04\/f90da65a-0f50-421b-b919-667377232cbf.jpg\" alt=\"\" data-id=\"1272\" data-full-url=\"http:\/\/cvmarj.org.br\/site\/wp-content\/uploads\/2021\/04\/f90da65a-0f50-421b-b919-667377232cbf.jpg\" data-link=\"http:\/\/cvmarj.org.br\/site\/?attachment_id=1272\" class=\"wp-image-1272\" srcset=\"https:\/\/cvmarj.org.br\/site\/wp-content\/uploads\/2021\/04\/f90da65a-0f50-421b-b919-667377232cbf.jpg 720w, https:\/\/cvmarj.org.br\/site\/wp-content\/uploads\/2021\/04\/f90da65a-0f50-421b-b919-667377232cbf-300x180.jpg 300w\" sizes=\"(max-width: 720px) 100vw, 720px\" \/><\/figure><\/li><\/ul><\/figure>\n","protected":false},"excerpt":{"rendered":"<p>BRASILEIRO \u2013 A8Marca: Viatura TE GMC OficinaModelo: GMC OficinaCor: VerdeAno: 1942Placa: N\u00e3o emplacadoIdentifica\u00e7\u00e3o: Americana<\/p>\n","protected":false},"author":1,"featured_media":1273,"comment_status":"closed","ping_status":"closed","sticky":false,"template":"","format":"standard","meta":{"neve_meta_sidebar":"full-width","neve_meta_container":"","neve_meta_enable_content_width":"","neve_meta_content_width":0,"neve_meta_title_alignment":"","neve_meta_author_avatar":"off","neve_post_elements_order":"[\"thumbnail\",\"content\",\"tags\",\"comments\",\"title\",\"meta\",\"post-navigation\"]","neve_meta_disable_header":"","neve_meta_disable_footer":"on","neve_meta_disable_title":"","footnotes":""},"categories":[4],"tags":[],"_links":{"self":[{"href":"https:\/\/cvmarj.org.br\/site\/index.php\/wp-json\/wp\/v2\/posts\/1269"}],"collection":[{"href":"https:\/\/cvmarj.org.br\/site\/index.php\/wp-json\/wp\/v2\/posts"}],"about":[{"href":"https:\/\/cvmarj.org.br\/site\/index.php\/wp-json\/wp\/v2\/types\/post"}],"author":[{"embeddable":true,"href":"https:\/\/cvmarj.org.br\/site\/index.php\/wp-json\/wp\/v2\/users\/1"}],"replies":[{"embeddable":true,"href":"https:\/\/cvmarj.org.br\/site\/index.php\/wp-json\/wp\/v2\/comments?post=1269"}],"version-history":[{"count":1,"href":"https:\/\/cvmarj.org.br\/site\/index.php\/wp-json\/wp\/v2\/posts\/1269\/revisions"}],"predecessor-version":[{"id":1274,"href":"https:\/\/cvmarj.org.br\/site\/index.php\/wp-json\/wp\/v2\/posts\/1269\/revisions\/1274"}],"wp:featuredmedia":[{"embeddable":true,"href":"https:\/\/cvmarj.org.br\/site\/index.php\/wp-json\/wp\/v2\/media\/1273"}],"wp:attachment":[{"href":"https:\/\/cvmarj.org.br\/site\/index.php\/wp-json\/wp\/v2\/media?parent=1269"}],"wp:term":[{"taxonomy":"category","embeddable":true,"href":"https:\/\/cvmarj.org.br\/site\/index.php\/wp-json\/wp\/v2\/categories?post=1269"},{"taxonomy":"post_tag","embeddable":true,"href":"https:\/\/cvmarj.org.br\/site\/index.php\/wp-json\/wp\/v2\/tags?post=1269"}],"curies":[{"name":"wp","href":"https:\/\/api.w.org\/{rel}","templated":true}]}}