{"id":1289,"date":"2021-04-10T12:25:51","date_gmt":"2021-04-10T15:25:51","guid":{"rendered":"http:\/\/cvmarj.org.br\/site\/?p=1289"},"modified":"2021-04-10T12:25:52","modified_gmt":"2021-04-10T15:25:52","slug":"sefferson-steindorff-7-museu-militar","status":"publish","type":"post","link":"https:\/\/cvmarj.org.br\/site\/index.php\/2021\/04\/10\/sefferson-steindorff-7-museu-militar\/","title":{"rendered":"Sefferson Steindorff 7 (Museu Militar)"},"content":{"rendered":"\n<p><\/p>\n\n\n\n<p>BRASILEIRO \u2013 A5<br>Marca: Viatura TNE Lapk Cara Chata<br>Modelo: Mercedes Benz &#8211; Cara- Chata<br>Cor: verde<br>Ano: 1960<br>Placa: N\u00e3o emplacado<br>Identifica\u00e7\u00e3o: MERCEDES Benz do Brasil<\/p>\n\n\n\n<figure class=\"wp-block-gallery columns-3 is-cropped wp-block-gallery-1 is-layout-flex wp-block-gallery-is-layout-flex\"><ul class=\"blocks-gallery-grid\"><li class=\"blocks-gallery-item\"><figure><img fetchpriority=\"high\" decoding=\"async\" width=\"421\" height=\"416\" src=\"http:\/\/cvmarj.org.br\/site\/wp-content\/uploads\/2021\/04\/4f9a7bcc-ff30-46ee-8a14-098421a01591.jpg\" alt=\"\" data-id=\"1290\" data-full-url=\"http:\/\/cvmarj.org.br\/site\/wp-content\/uploads\/2021\/04\/4f9a7bcc-ff30-46ee-8a14-098421a01591.jpg\" data-link=\"http:\/\/cvmarj.org.br\/site\/?attachment_id=1290\" class=\"wp-image-1290\" srcset=\"https:\/\/cvmarj.org.br\/site\/wp-content\/uploads\/2021\/04\/4f9a7bcc-ff30-46ee-8a14-098421a01591.jpg 421w, https:\/\/cvmarj.org.br\/site\/wp-content\/uploads\/2021\/04\/4f9a7bcc-ff30-46ee-8a14-098421a01591-300x296.jpg 300w\" sizes=\"(max-width: 421px) 100vw, 421px\" \/><\/figure><\/li><li class=\"blocks-gallery-item\"><figure><img decoding=\"async\" width=\"718\" height=\"359\" src=\"http:\/\/cvmarj.org.br\/site\/wp-content\/uploads\/2021\/04\/760e466a-f8e8-487d-81e8-fe8e82808a68.jpg\" alt=\"\" data-id=\"1291\" data-full-url=\"http:\/\/cvmarj.org.br\/site\/wp-content\/uploads\/2021\/04\/760e466a-f8e8-487d-81e8-fe8e82808a68.jpg\" data-link=\"http:\/\/cvmarj.org.br\/site\/?attachment_id=1291\" class=\"wp-image-1291\" srcset=\"https:\/\/cvmarj.org.br\/site\/wp-content\/uploads\/2021\/04\/760e466a-f8e8-487d-81e8-fe8e82808a68.jpg 718w, https:\/\/cvmarj.org.br\/site\/wp-content\/uploads\/2021\/04\/760e466a-f8e8-487d-81e8-fe8e82808a68-300x150.jpg 300w\" sizes=\"(max-width: 718px) 100vw, 718px\" \/><\/figure><\/li><li class=\"blocks-gallery-item\"><figure><img decoding=\"async\" width=\"524\" height=\"429\" src=\"http:\/\/cvmarj.org.br\/site\/wp-content\/uploads\/2021\/04\/d46429a9-ba17-41ab-b114-35ddb4e1d12b.jpg\" alt=\"\" data-id=\"1292\" data-full-url=\"http:\/\/cvmarj.org.br\/site\/wp-content\/uploads\/2021\/04\/d46429a9-ba17-41ab-b114-35ddb4e1d12b.jpg\" data-link=\"http:\/\/cvmarj.org.br\/site\/?attachment_id=1292\" class=\"wp-image-1292\" srcset=\"https:\/\/cvmarj.org.br\/site\/wp-content\/uploads\/2021\/04\/d46429a9-ba17-41ab-b114-35ddb4e1d12b.jpg 524w, https:\/\/cvmarj.org.br\/site\/wp-content\/uploads\/2021\/04\/d46429a9-ba17-41ab-b114-35ddb4e1d12b-300x246.jpg 300w\" sizes=\"(max-width: 524px) 100vw, 524px\" \/><\/figure><\/li><\/ul><\/figure>\n","protected":false},"excerpt":{"rendered":"<p>BRASILEIRO \u2013 A5Marca: Viatura TNE Lapk Cara ChataModelo: Mercedes Benz &#8211; Cara- ChataCor: verdeAno: 1960Placa: N\u00e3o emplacadoIdentifica\u00e7\u00e3o: MERCEDES Benz do Brasil<\/p>\n","protected":false},"author":1,"featured_media":1293,"comment_status":"closed","ping_status":"closed","sticky":false,"template":"","format":"standard","meta":{"neve_meta_sidebar":"full-width","neve_meta_container":"","neve_meta_enable_content_width":"","neve_meta_content_width":0,"neve_meta_title_alignment":"","neve_meta_author_avatar":"off","neve_post_elements_order":"[\"thumbnail\",\"content\",\"tags\",\"comments\",\"title\",\"meta\",\"post-navigation\"]","neve_meta_disable_header":"","neve_meta_disable_footer":"on","neve_meta_disable_title":"","footnotes":""},"categories":[4],"tags":[],"_links":{"self":[{"href":"https:\/\/cvmarj.org.br\/site\/index.php\/wp-json\/wp\/v2\/posts\/1289"}],"collection":[{"href":"https:\/\/cvmarj.org.br\/site\/index.php\/wp-json\/wp\/v2\/posts"}],"about":[{"href":"https:\/\/cvmarj.org.br\/site\/index.php\/wp-json\/wp\/v2\/types\/post"}],"author":[{"embeddable":true,"href":"https:\/\/cvmarj.org.br\/site\/index.php\/wp-json\/wp\/v2\/users\/1"}],"replies":[{"embeddable":true,"href":"https:\/\/cvmarj.org.br\/site\/index.php\/wp-json\/wp\/v2\/comments?post=1289"}],"version-history":[{"count":1,"href":"https:\/\/cvmarj.org.br\/site\/index.php\/wp-json\/wp\/v2\/posts\/1289\/revisions"}],"predecessor-version":[{"id":1294,"href":"https:\/\/cvmarj.org.br\/site\/index.php\/wp-json\/wp\/v2\/posts\/1289\/revisions\/1294"}],"wp:featuredmedia":[{"embeddable":true,"href":"https:\/\/cvmarj.org.br\/site\/index.php\/wp-json\/wp\/v2\/media\/1293"}],"wp:attachment":[{"href":"https:\/\/cvmarj.org.br\/site\/index.php\/wp-json\/wp\/v2\/media?parent=1289"}],"wp:term":[{"taxonomy":"category","embeddable":true,"href":"https:\/\/cvmarj.org.br\/site\/index.php\/wp-json\/wp\/v2\/categories?post=1289"},{"taxonomy":"post_tag","embeddable":true,"href":"https:\/\/cvmarj.org.br\/site\/index.php\/wp-json\/wp\/v2\/tags?post=1289"}],"curies":[{"name":"wp","href":"https:\/\/api.w.org\/{rel}","templated":true}]}}