{"id":1337,"date":"2021-04-22T12:33:14","date_gmt":"2021-04-22T15:33:14","guid":{"rendered":"http:\/\/cvmarj.org.br\/site\/?p=1337"},"modified":"2021-04-22T12:33:16","modified_gmt":"2021-04-22T15:33:16","slug":"o-dia-a-dia-da-feb-na-italia-1945","status":"publish","type":"post","link":"https:\/\/cvmarj.org.br\/site\/index.php\/2021\/04\/22\/o-dia-a-dia-da-feb-na-italia-1945\/","title":{"rendered":"O Dia a Dia da FEB na It\u00e1lia &#8211; 1945."},"content":{"rendered":"\n<p>1 Abr &#8211; O 6\u00ba RI lan\u00e7a nova Patrulha de Combate para golpe de m\u00e3o novamente na regi\u00e3o de C. S. Ant\u00f4nio, tamb\u00e9m comandada por um Aspirante R\/2. A patrulha retornou com a miss\u00e3o cumprida. No mesmo per\u00edodo, o 11\u00ba RI executou diversas miss\u00f5es de patrulha,<br>sendo que uma delas, em Caselina, aprisionou 34 alem\u00e3es, inclusive um Cmt Cia e um m\u00e9dico. Esta \u00e9 considerada a patrulha de \u201cmaior vulto [\u2026] campanha\u201d (Idem, p. 395\/396). &#8211; A Intend\u00eancia da FEB avan\u00e7a o Ponto de Distribui\u00e7\u00e3o [(princi-palmente classes I (alimentos), e III (combust\u00edveis)] para Pamperso. 2 Abr &#8211; O IV Corpo de Ex\u00e9rcito expede a sua OGO n\u00ba 15 na qual prescreve os preparativos e as ordens gerais sobre a Ofensiva de Pri-mavera. A 1\u00aa DIE recebe a miss\u00e3o de manter as posi\u00e7\u00f5es, ficar em condi\u00e7\u00f5es de cobrir o flanco esquerdo do IV Corpo e realizar opera-\u00e7\u00f5es de persegui\u00e7\u00e3o ao inimigo. Em ocasi\u00e3o posterior, o Gen Masca-renhas obteve autoriza\u00e7\u00e3o para ampliar a miss\u00e3o da DIE e atacar a regi\u00e3o de Montese-Montello. Em face disto, o Cmt FEB planeja atacar a partir das 1315 h de 14 Abr com o 11\u00ba RI (Cel Delmiro Pereira de Andrade) e com os II e III\/1\u00ba RI mantendo o 6\u00ba RI em reserva (Castello Branco, 1960, p. 407). PC do 1\u00ba RI: em Sassomolare. &#8211; Localizado e identificado em Montiloco o corpo do Ten Amaro Felic\u00edssimo de Oliveira (ver 20 Nov 44). O 1\u00ba Esqd de Cavalaria Leve (1\u00ba EsqdCL) possui a denomina\u00e7\u00e3o hist\u00f3rica de Esquadr\u00e3o Tenente Amaro, est\u00e1 sediado em Valen\u00e7a, RJ e \u00e9 subordinado \u00e0 12\u00aa Brigada de Infantaria Leve (Aerom\u00f3vel), sediada em Ca\u00e7apava, SP. 3 Abr 45 &#8211; O Gen Mascarenhas determina a publica\u00e7\u00e3o no BI n\u00ba 93 de uma proclama\u00e7\u00e3o aos oficiais, sargentos, cabos e soldados do Servi\u00e7o Postal da FEB, tendo em vista as futuras opera\u00e7\u00f5es: \u201cEste \u00e9 o \u00faltimo esfor\u00e7o que o Brasil espera de n\u00f3s, pela Vit\u00f3ria Final. Avante Brasileiros\u201d (Carvalho, 1952, p. 137). 5 Abr &#8211; Substitui\u00e7\u00e3o do Major Orlando Gomes Ramagem no coman-do do II\/11\u00ba RI pelo Major Miguel Archanjo de Souza Aguiar (Idem, p. 626). &#8211; Uma patrulha brasileira \u00e9 duramente atacada pelo alem\u00e3es em Serrasiccia. O resgate dos feridos foi uma p\u00e1gina de gl\u00f3ria para o Servi\u00e7o de Sa\u00fade da FEB, que conseguiu cumprir a sua miss\u00e3o entre 1730 e 2300 h, debaixo de tiros de morteiros (Rigoni, 2016, p. 124). &#8211; In\u00edcio do ataque preparat\u00f3rio \u00e0 Ofensiva da Primavera pelo V Ex no litoral do Mar Tirreno.<br>6 Abr &#8211; Tentativa frustrada de golpe de m\u00e3o alem\u00e3o sobre a 9\u00aa\/III\/11\u00ba RI. 7 Abr &#8211; De 7 de mar\u00e7o at\u00e9 esta data a 1\u00aa DIE capturou 94 prisio-neiros alem\u00e3es, todos pertencentes ao XIV Ex\u00e9rcito. &#8211; Nova distribui\u00e7\u00e3o das tropas permite ao 6\u00ba RI uma necess\u00e1ria \u201cre-cupera\u00e7\u00e3o\u201d (Moraes, 1947, p. 160). &#8211; O Gen Mascarenhas determina um reajustamento na 1\u00aa DIE visando os preparativos para o ataque a Montese (Castello Branco, 1960, p. 412). Determina ainda a mudan\u00e7a do QG para Gaggio Montano. 8 Abr 45 &#8211; Devido \u00e0 amplia\u00e7\u00e3o do setor brasileiro, o Btl Sizeno (II\/1\u00ba RI) recebe a miss\u00e3o de guarnecer a posi\u00e7\u00e3o de Sassomolare. &#8211; Nova reuni\u00e3o dos generais do IV Corpo em Casteluccio: o Gen Mascarenhas descreve o dispositivo da 1\u00aa DIE desdobrado em Capella di Ronchidos-Sassomolare e prop\u00f5e que a conquista de Montese fosse atribui\u00e7\u00e3o da tropa brasileira como compensa\u00e7\u00e3o ao esfor\u00e7o da 10\u00aa DMth. &#8211; Deste dia at\u00e9 12 Abr, a Art inicia o sistema de \u201cfalsas prepara\u00e7\u00f5es\u201d em todas as frentes do IV Grupo do 1\u00ba ROAR e da DIE, cuja finalidade era iludir o inimigo em rela\u00e7\u00e3o \u00e0 incerteza do local e data do ataque. O 1\u00ba ROAR, nesta a\u00e7\u00e3o, foi refor\u00e7ado por um Grupo de Art 178 mm brit\u00e2nico, Mrt, CC e Art blindada que estavam \u00e0 disposi\u00e7\u00e3o da DIE (Sim\u00f5es, 1967, p. 112). &#8211; O VIII Ex brit\u00e2nico inicia as opera\u00e7\u00f5es na frente \u00e0 leste da FEB. 9 Abr &#8211; Atingido o avi\u00e3o do Ten Armando de Souza Coelho em \u00e1rea inimiga. Conseguiu o piloto chegar \u00e0 area aliada mas teve que saltar, sendo recolhido pelas tropas inglesas. Dois dias depois retomou as suas miss\u00f5es (Castello Branco, 1960, p. 534). 10 Abr &#8211; In\u00edcio da Ofensiva de Primavera (at\u00e9 02 Mai) pelo XV Grupo de Ex\u00e9rcitos, o qual terminou com a capitula\u00e7\u00e3o incondicional das for\u00e7as inimigas na It\u00e1lia em 02 de maio. &#8211; O 1\u00ba RI \u00e9 substitu\u00eddo pelo 371\u00ba RI\/NA e passa a ser concentrado em Gaggio Montano aguardando nova miss\u00e3o (Carvalho, 1952, p. 130).<\/p>\n\n\n\n<ul><li>Pelo Decreto-Lei n\u00ba 7.454, o Governo cria as medalhas da Aero-na\u00fatica: Cruz de Bravura, Cruz de Avia\u00e7\u00e3o, Cruz de Sangue e Medalha de Campanha na It\u00e1lia (Idem, p. 548).<\/li><\/ul>\n","protected":false},"excerpt":{"rendered":"<p>1 Abr &#8211; O 6\u00ba RI lan\u00e7a nova Patrulha de Combate para golpe de m\u00e3o novamente na regi\u00e3o de C. S. Ant\u00f4nio, tamb\u00e9m comandada por um Aspirante R\/2. A patrulha retornou com a miss\u00e3o cumprida. No mesmo per\u00edodo, o 11\u00ba RI executou diversas miss\u00f5es de patrulha,sendo que uma delas, em Caselina, aprisionou 34 alem\u00e3es, inclusive&hellip;&nbsp;<a href=\"https:\/\/cvmarj.org.br\/site\/index.php\/2021\/04\/22\/o-dia-a-dia-da-feb-na-italia-1945\/\" class=\"\" rel=\"bookmark\">Ler mais &raquo;<span class=\"screen-reader-text\">O Dia a Dia da FEB na It\u00e1lia &#8211; 1945.<\/span><\/a><\/p>\n","protected":false},"author":1,"featured_media":0,"comment_status":"closed","ping_status":"closed","sticky":false,"template":"","format":"standard","meta":{"neve_meta_sidebar":"","neve_meta_container":"","neve_meta_enable_content_width":"","neve_meta_content_width":0,"neve_meta_title_alignment":"","neve_meta_author_avatar":"","neve_post_elements_order":"","neve_meta_disable_header":"","neve_meta_disable_footer":"","neve_meta_disable_title":"","footnotes":""},"categories":[11],"tags":[],"_links":{"self":[{"href":"https:\/\/cvmarj.org.br\/site\/index.php\/wp-json\/wp\/v2\/posts\/1337"}],"collection":[{"href":"https:\/\/cvmarj.org.br\/site\/index.php\/wp-json\/wp\/v2\/posts"}],"about":[{"href":"https:\/\/cvmarj.org.br\/site\/index.php\/wp-json\/wp\/v2\/types\/post"}],"author":[{"embeddable":true,"href":"https:\/\/cvmarj.org.br\/site\/index.php\/wp-json\/wp\/v2\/users\/1"}],"replies":[{"embeddable":true,"href":"https:\/\/cvmarj.org.br\/site\/index.php\/wp-json\/wp\/v2\/comments?post=1337"}],"version-history":[{"count":1,"href":"https:\/\/cvmarj.org.br\/site\/index.php\/wp-json\/wp\/v2\/posts\/1337\/revisions"}],"predecessor-version":[{"id":1338,"href":"https:\/\/cvmarj.org.br\/site\/index.php\/wp-json\/wp\/v2\/posts\/1337\/revisions\/1338"}],"wp:attachment":[{"href":"https:\/\/cvmarj.org.br\/site\/index.php\/wp-json\/wp\/v2\/media?parent=1337"}],"wp:term":[{"taxonomy":"category","embeddable":true,"href":"https:\/\/cvmarj.org.br\/site\/index.php\/wp-json\/wp\/v2\/categories?post=1337"},{"taxonomy":"post_tag","embeddable":true,"href":"https:\/\/cvmarj.org.br\/site\/index.php\/wp-json\/wp\/v2\/tags?post=1337"}],"curies":[{"name":"wp","href":"https:\/\/api.w.org\/{rel}","templated":true}]}}