{"id":1366,"date":"2021-04-22T14:15:17","date_gmt":"2021-04-22T17:15:17","guid":{"rendered":"http:\/\/cvmarj.org.br\/site\/?p=1366"},"modified":"2021-05-19T15:56:25","modified_gmt":"2021-05-19T18:56:25","slug":"o-resgate-do-270","status":"publish","type":"post","link":"https:\/\/cvmarj.org.br\/site\/index.php\/2021\/04\/22\/o-resgate-do-270\/","title":{"rendered":"O RESGATE DO 270"},"content":{"rendered":"\n<p>Segue o registro do presente que &#8220;ganhei&#8221; em 2008, dos amigos do CVMARJ &#8211; Clube de Ve\u00edculos Militares Antigos do Rio de Janeiro, um Jeep Kaiser M 606<\/p>\n\n\n\n<p>Amigos, bom dia!<\/p>\n\n\n\n<p>Muita coisa j\u00e1 aconteceu desde o dia 15 de agosto de 2008, por volta das 17:00 horas, quando durante a solenidade de inaugura\u00e7\u00e3o do I Encontro Nacional de Ve\u00edculos Militares do Forte de Copacabana, \u201cganhei\u201d um presente inesquec\u00edvel e que se Deus permitir, ficar\u00e1 comigo at\u00e9 quando partir desta para uma melhor!<\/p>\n\n\n\n<p>Como \u00e9 de conhecimento de alguns, sou hoje o Presidente do CVMARJ \u2013 Clube de Ve\u00edculos Militares Antigos do Rio de Janeiro, e com isso mantenho estreita rela\u00e7\u00e3o com s\u00f3cios, entusiastas e amigos, que tem como atividade a preocupa\u00e7\u00e3o com a preserva\u00e7\u00e3o de viaturas militares antigas.<\/p>\n\n\n\n<p>Hoje tenho um grande cadastro do pessoal que participa das nossas atividades pela cidade do Rio de Janeiro, e outras pr\u00f3ximas, portanto sei quais os ve\u00edculos de cada amigo e parceiro.<\/p>\n\n\n\n<p>Em 2008, quando eu era o Diretor de Rela\u00e7\u00f5es P\u00fablicas do Clube, um grupo de amigos se reuniu em um evento que n\u00e3o participei, algu\u00e9m lembrou que eu, n\u00e3o possu\u00eda vtr militar antiga, o que para eles n\u00e3o estava certo, sendo assim foi iniciado um movimento entre v\u00e1rios S\u00f3cios, no sentido de que uma a\u00e7\u00e3o entre amigos, redundasse na compra de um ve\u00edculo militar, sua recupera\u00e7\u00e3o, e posterior entrega como pr\u00eamio, pelos \u201cmeus servi\u00e7os e atua\u00e7\u00e3o\u201d na entidade, o que modestamente discordo pois, assim como eu, muitos ajudam da forma que podem.<\/p>\n\n\n\n<p>Vale ressaltar que por motivos alheios \u00e0 minha vontade, realmente, no momento, n\u00e3o possu\u00eda meios de comprar e restaurar uma viatura nesta condi\u00e7\u00e3o, mas que nunca me impediu de realizar a minha tarefa com toda a dedica\u00e7\u00e3o e amor pelo nosso Clube.<\/p>\n\n\n\n<p>Dentro de um grande sigilo, no qual todos sabiam menos eu, a vtr foi encaminhada para a oficina do nosso Diretor T\u00e9cnico Jos\u00e9 Delatorre, carinhosamente conhecido tamb\u00e9m como Zezinho, para restaura\u00e7\u00e3o, e sempre que eu perguntava de quem era a vtr, at\u00e9 para tentar trazer para as fileiras do CVMARJ, o \u201cnovo\u201d e \u201cfeliz\u201d propriet\u00e1rio, o pessoal desconversava e dizia que era uma pessoa de fora do Rio de Janeiro. Mas, outros amigos come\u00e7aram a me perguntar sobre o que eu achava sobre o Kaiser M 606, j\u00e1 que dentro do Clube as brincadeiras com \u201cdefeitos\u201d e virtudes de cada modelo, fazem parte do nosso dia a dia, eu respondia que o Jeep Kaiser, era uma viatura fant\u00e1stica e que eu durante minha estada no Ex\u00e9rcito, tive entre as minhas viaturas, dois Jeeps Kaiser M 606, um com o numeral EB 21-11268, no 2\u00ba Pelot\u00e3o do 3\u00ba Esquadr\u00e3o de Cavalaria Mecanizado, durante os anos de 1974 \u00e0 1977, e outro de numeral EB 21-11270, no Pelot\u00e3o de Manuten\u00e7\u00e3o e Transportes, do Esquadr\u00e3o de Comando e Servi\u00e7os, durante os anos de 1977 \u00e0 1981, todos do 15\u00ba Regimento de Cavalaria Mecanizado, os quais tinha muito carinho, pois sempre estavam em excelentes condi\u00e7\u00f5es, inclusive o EB 21-11270, era o Jeep do Comandante do Pelot\u00e3o de Manuten\u00e7\u00e3o e Transportes, portanto muito utilizado nos meus deslocamentos e miss\u00f5es. Dizia ainda que durante o meu servi\u00e7o ativo no 15\u00ba R C Mec, a nossa dota\u00e7\u00e3o era 52 M 38 e 12 Kaiser M 606. Em fun\u00e7\u00e3o de um acidente, em que um Kaiser M 606, atingiu com o seu step, que era localizado na lateral, uma senhora, o nosso Sub-Comandante, Coronel Hildo Vieira Prado, que era um homem da Arma de Cavalaria, mas que tinha no sangue o Quadro de Material B\u00e9lico, tomou uma decis\u00e3o: colocar os steps e cambur\u00f5es, nas tampas traseiras dos Kaiser, da mesma forma que nos M 38, o que foi prontamente realizado.<\/p>\n\n\n\n<p>Fui acompanhando o servi\u00e7o de restaura\u00e7\u00e3o do Kaiser, de quem n\u00e3o sabia o nome do futuro felizardo, inclusive tirando fotos e registrando a transforma\u00e7\u00e3o do guerreiro!<\/p>\n\n\n\n<p>Cabe o registro de que eu n\u00e3o tinha a menor ideia de que seria poss\u00edvel \u201cganhar\u201d literalmente um Jeep nas condi\u00e7\u00f5es em que fui agraciado, e aproveito a oportunidade para agradecer a todos que de alguma forma, tenha sido ela qual for, por esse maravilhoso presente!<\/p>\n\n\n\n<p>Durante a cerim\u00f4nia de inaugura\u00e7\u00e3o do evento, eu estava acompanhando o General Juarez, Diretor da Diretoria de Assuntos Culturais do Ex\u00e9rcito, quando o Conselheiro do Clube, Paulo Eurico solicitou a nossa participa\u00e7\u00e3o em uma atividade n\u00e3o prevista na programa\u00e7\u00e3o do evento. Foi quando todos os participantes se reuniram ao redor de um dos quase 90 ve\u00edculos militares expostos, assim foi feita a entrega do Jeep, que foi um momento maravilhoso e marcante para mim e para os participantes da a\u00e7\u00e3o, e que se n\u00e3o fosse eu o \u201cescolhido\u201d, e sim outro companheiro, tamb\u00e9m estaria junto na empreitada.<\/p>\n\n\n\n<p>O Jeep \u00e9 lindo, tem cara de mau, \u00e9 um guerreiro, e neste per\u00edodo, ainda contando com a ajuda de muitos outros amigos, fui aos poucos resgatando a mem\u00f3ria do Jeep que era minha viatura de Comando, da qual tenho muito boas recorda\u00e7\u00f5es, as quais nunca esquecerei em quanto viver! Portanto, o numero escolhido, foi EB 21-11270, e que nas fotos anexas, ser\u00e1 mostrada a transforma\u00e7\u00e3o pelo qual o Jeep est\u00e1 passando, com a finalidade de representar da forma mais fiel poss\u00edvel, uma viatura que utilizei h\u00e1 44 anos. A \u00fanica coisa que vou me permitir alterar, ser\u00e1 a coloca\u00e7\u00e3o de um r\u00e1dio e antena, os quais o Jeep original n\u00e3o possu\u00eda, o que era um erro, pois dificultava a comunica\u00e7\u00e3o do Pelot\u00e3o, mas como \u201ctenho\u201d que colocar o gualhardete da \u201cCavalaria\u201d no Jeep, portanto o equipamento fica implantado na sua configura\u00e7\u00e3o definitiva.<\/p>\n\n\n\n<p>Embarquei o \u201c270\u201d, para o IV EBVMA, Encontro Nacional de Curitiba, onde junto com outras vtrs, vai representar o CVMARJ, neste evento que \u00e9 refer\u00eancia para todos n\u00f3s, mostrando que no nosso Clube, a uni\u00e3o nos torna cada dia mais fortes, e juntos sabemos quer podemos atingir todos os nossos objetivos. Seguem anexo algumas fotos da \u201ctransforma\u00e7\u00e3o\u201d do meu Kaiser M 606, EB 21-11270, ao longo desses anos.<\/p>\n\n\n\n<p>Em 2011, o Jeep entrou em uma manuten\u00e7\u00e3o de 4\u00ba Escal\u00e3o, com uma desmontagem geral, para lanternagem e pintura, assim como revis\u00e3o em seus componentes mec\u00e2nicos e el\u00e9tricos. Em agosto de 2012, voltou as atividades operativas.<\/p>\n\n\n\n<p>De 2018 a 2019, foi feita nova manuten\u00e7\u00e3o, agora de 3\u00ba Escal\u00e3o, voltando \u00e0 opera\u00e7\u00e3o em 07\/09\/2019, no desfile da Independ\u00eancia do Brasil.<\/p>\n\n\n\n<p><br><strong>VEJA OS \u00c1LBUNS DE FOTOS:<\/strong><\/p>\n\n\n\n<p><a href=\"https:\/\/picasaweb.google.com\/118277742937489088943\/JEEP270EM2013?noredirect=1\" target=\"_blank\" rel=\"noreferrer noopener\">https:\/\/picasaweb.google.com\/118277742937489088943\/JEEP270EM2013?noredirect=1<\/a><\/p>\n\n\n\n<p><a href=\"https:\/\/picasaweb.google.com\/118277742937489088943\/270EMACAO2014?noredirect=1\" target=\"_blank\" rel=\"noreferrer noopener\">https:\/\/picasaweb.google.com\/118277742937489088943\/270EMACAO2014?noredirect=1<\/a><\/p>\n\n\n\n<p><a href=\"https:\/\/drive.google.com\/drive\/folders\/19yx6x0cIc3A4qIIJkxKh9LgY4NKH8k5l\" target=\"_blank\" rel=\"noreferrer noopener\">https:\/\/drive.google.com\/drive\/folders\/19yx6x0cIc3A4qIIJkxKh9LgY4NKH8k5l<\/a><\/p>\n\n\n\n<p><a href=\"https:\/\/drive.google.com\/drive\/folders\/1H-RTIE0hCUTzgxY1DfKhl7RLBqXowMXR\" target=\"_blank\" rel=\"noreferrer noopener\">https:\/\/drive.google.com\/drive\/folders\/1H-RTIE0hCUTzgxY1DfKhl7RLBqXowMXR<\/a><\/p>\n\n\n\n<p><br>VAMOS EM FRENTE!<\/p>\n\n\n\n<p>CAVALARIA!<\/p>\n\n\n\n<p>S\u00e9rgio Capella.<br>CVMARJ.<br>21 964863933.<\/p>\n","protected":false},"excerpt":{"rendered":"<p>Segue o registro do presente que &#8220;ganhei&#8221; em 2008, dos amigos do CVMARJ &#8211; Clube de Ve\u00edculos Militares Antigos do Rio de Janeiro, um Jeep Kaiser M 606 Amigos, bom dia! Muita coisa j\u00e1 aconteceu desde o dia 15 de agosto de 2008, por volta das 17:00 horas, quando durante a solenidade de inaugura\u00e7\u00e3o do&hellip;&nbsp;<a href=\"https:\/\/cvmarj.org.br\/site\/index.php\/2021\/04\/22\/o-resgate-do-270\/\" class=\"\" rel=\"bookmark\">Ler mais &raquo;<span class=\"screen-reader-text\">O RESGATE DO 270<\/span><\/a><\/p>\n","protected":false},"author":1,"featured_media":0,"comment_status":"closed","ping_status":"closed","sticky":false,"template":"","format":"standard","meta":{"neve_meta_sidebar":"","neve_meta_container":"","neve_meta_enable_content_width":"","neve_meta_content_width":0,"neve_meta_title_alignment":"","neve_meta_author_avatar":"","neve_post_elements_order":"","neve_meta_disable_header":"","neve_meta_disable_footer":"","neve_meta_disable_title":"","footnotes":""},"categories":[11],"tags":[],"_links":{"self":[{"href":"https:\/\/cvmarj.org.br\/site\/index.php\/wp-json\/wp\/v2\/posts\/1366"}],"collection":[{"href":"https:\/\/cvmarj.org.br\/site\/index.php\/wp-json\/wp\/v2\/posts"}],"about":[{"href":"https:\/\/cvmarj.org.br\/site\/index.php\/wp-json\/wp\/v2\/types\/post"}],"author":[{"embeddable":true,"href":"https:\/\/cvmarj.org.br\/site\/index.php\/wp-json\/wp\/v2\/users\/1"}],"replies":[{"embeddable":true,"href":"https:\/\/cvmarj.org.br\/site\/index.php\/wp-json\/wp\/v2\/comments?post=1366"}],"version-history":[{"count":3,"href":"https:\/\/cvmarj.org.br\/site\/index.php\/wp-json\/wp\/v2\/posts\/1366\/revisions"}],"predecessor-version":[{"id":1370,"href":"https:\/\/cvmarj.org.br\/site\/index.php\/wp-json\/wp\/v2\/posts\/1366\/revisions\/1370"}],"wp:attachment":[{"href":"https:\/\/cvmarj.org.br\/site\/index.php\/wp-json\/wp\/v2\/media?parent=1366"}],"wp:term":[{"taxonomy":"category","embeddable":true,"href":"https:\/\/cvmarj.org.br\/site\/index.php\/wp-json\/wp\/v2\/categories?post=1366"},{"taxonomy":"post_tag","embeddable":true,"href":"https:\/\/cvmarj.org.br\/site\/index.php\/wp-json\/wp\/v2\/tags?post=1366"}],"curies":[{"name":"wp","href":"https:\/\/api.w.org\/{rel}","templated":true}]}}