{"id":1374,"date":"2021-05-05T17:21:14","date_gmt":"2021-05-05T20:21:14","guid":{"rendered":"http:\/\/cvmarj.org.br\/site\/?p=1374"},"modified":"2021-09-28T12:02:14","modified_gmt":"2021-09-28T15:02:14","slug":"noticias","status":"publish","type":"post","link":"https:\/\/cvmarj.org.br\/site\/index.php\/2021\/05\/05\/noticias\/","title":{"rendered":"Not\u00edcias Clique Aqui"},"content":{"rendered":"\n<p>ATEN\u00c7\u00c3O, NOVO EVENTO OFICIAL DO CVMARJ, <\/p>\n\n\n\n<p>MISS\u00c3O &#8220;ASAS DE PRATA&#8221;, DIA 25\/09\/2021, S\u00c1BADO, VISITA AO MUSEU AEROESPACIAL, NO CAMPO DOS AFONSOS, PARA S\u00d3CIOS, FAMILIARES E CONVIDADOS ESPECIAIS.<\/p>\n\n\n\n<p>ATEN\u00c7\u00c3O, USAR TRAJES DO CVMARJ, OU FAB\/FEB DA II GM.<\/p>\n\n\n\n<p>CAMISAS E BON\u00c9S DO CVMARJ, PREFERENCIALMENTE AS VERDES DE MALHA.<\/p>\n\n\n\n<p>OBS:<\/p>\n\n\n\n<ul><li>TEREMOS CAMISETAS, FLAMULAS E BON\u00c9S PARA VENDA.<\/li><li>LEVAR COMPROVANTE DE VACINA\u00c7\u00c3O CONTRA O COVIDE 19.<\/li><li>USO DE MASCARAS OBRIGAT\u00d3RIO<\/li><\/ul>\n\n\n\n<p>CHEGADA NO LOCAL, A PARTIR DAS 08:00 H, AT\u00c9 09:00 H.O<\/p>\n\n\n\n<p>ACESSO: Av Marechal Fontenelle 800, Parque de Material Aeron\u00e1utico dos Afonsos, em frente aos Correios, Campo dos Afonsos.<\/p>\n\n\n\n<p>Informar que vai participar da visita do CVMARJ ao MUSAL.<\/p>\n\n\n\n<p>VAMOS EM FRENTE!<\/p>\n\n\n\n<p>SOMOS CVMARJ!<\/p>\n\n\n\n<p>S\u00c9RGIO CAPELLA.<br>PRESIDENTE DO CVMARJ.<\/p>\n\n\n\n<figure class=\"wp-block-gallery columns-3 is-cropped wp-block-gallery-1 is-layout-flex wp-block-gallery-is-layout-flex\"><ul class=\"blocks-gallery-grid\"><li class=\"blocks-gallery-item\"><figure><img fetchpriority=\"high\" decoding=\"async\" width=\"693\" height=\"444\" src=\"https:\/\/cvmarj.org.br\/site\/wp-content\/uploads\/2021\/09\/0989e3f4-a1d9-41ce-a202-d6c1e43d0b77-1.jpg\" alt=\"\" data-id=\"2520\" data-full-url=\"https:\/\/cvmarj.org.br\/site\/wp-content\/uploads\/2021\/09\/0989e3f4-a1d9-41ce-a202-d6c1e43d0b77-1.jpg\" data-link=\"https:\/\/cvmarj.org.br\/site\/index.php\/2021\/05\/05\/noticias\/0989e3f4-a1d9-41ce-a202-d6c1e43d0b77-1\/\" class=\"wp-image-2520\" srcset=\"https:\/\/cvmarj.org.br\/site\/wp-content\/uploads\/2021\/09\/0989e3f4-a1d9-41ce-a202-d6c1e43d0b77-1.jpg 693w, https:\/\/cvmarj.org.br\/site\/wp-content\/uploads\/2021\/09\/0989e3f4-a1d9-41ce-a202-d6c1e43d0b77-1-300x192.jpg 300w\" sizes=\"(max-width: 693px) 100vw, 693px\" \/><\/figure><\/li><li class=\"blocks-gallery-item\"><figure><img decoding=\"async\" width=\"1024\" height=\"709\" src=\"https:\/\/cvmarj.org.br\/site\/wp-content\/uploads\/2021\/09\/4e94616c-dffe-4ef9-bd3f-368a1acbde93-1-1024x709.jpg\" alt=\"\" data-id=\"2521\" data-full-url=\"https:\/\/cvmarj.org.br\/site\/wp-content\/uploads\/2021\/09\/4e94616c-dffe-4ef9-bd3f-368a1acbde93-1.jpg\" data-link=\"https:\/\/cvmarj.org.br\/site\/index.php\/2021\/05\/05\/noticias\/4e94616c-dffe-4ef9-bd3f-368a1acbde93-1\/\" class=\"wp-image-2521\" srcset=\"https:\/\/cvmarj.org.br\/site\/wp-content\/uploads\/2021\/09\/4e94616c-dffe-4ef9-bd3f-368a1acbde93-1-1024x709.jpg 1024w, https:\/\/cvmarj.org.br\/site\/wp-content\/uploads\/2021\/09\/4e94616c-dffe-4ef9-bd3f-368a1acbde93-1-300x208.jpg 300w, https:\/\/cvmarj.org.br\/site\/wp-content\/uploads\/2021\/09\/4e94616c-dffe-4ef9-bd3f-368a1acbde93-1-768x532.jpg 768w, https:\/\/cvmarj.org.br\/site\/wp-content\/uploads\/2021\/09\/4e94616c-dffe-4ef9-bd3f-368a1acbde93-1.jpg 1280w\" sizes=\"(max-width: 1024px) 100vw, 1024px\" \/><\/figure><\/li><li class=\"blocks-gallery-item\"><figure><img decoding=\"async\" width=\"1024\" height=\"576\" src=\"https:\/\/cvmarj.org.br\/site\/wp-content\/uploads\/2021\/09\/23959356-cc4c-4bd1-baad-a5d6ef68b2fa-1024x576.jpg\" alt=\"\" data-id=\"2522\" data-full-url=\"https:\/\/cvmarj.org.br\/site\/wp-content\/uploads\/2021\/09\/23959356-cc4c-4bd1-baad-a5d6ef68b2fa.jpg\" data-link=\"https:\/\/cvmarj.org.br\/site\/index.php\/2021\/05\/05\/noticias\/23959356-cc4c-4bd1-baad-a5d6ef68b2fa\/\" class=\"wp-image-2522\" srcset=\"https:\/\/cvmarj.org.br\/site\/wp-content\/uploads\/2021\/09\/23959356-cc4c-4bd1-baad-a5d6ef68b2fa-1024x576.jpg 1024w, https:\/\/cvmarj.org.br\/site\/wp-content\/uploads\/2021\/09\/23959356-cc4c-4bd1-baad-a5d6ef68b2fa-300x169.jpg 300w, https:\/\/cvmarj.org.br\/site\/wp-content\/uploads\/2021\/09\/23959356-cc4c-4bd1-baad-a5d6ef68b2fa-768x432.jpg 768w, https:\/\/cvmarj.org.br\/site\/wp-content\/uploads\/2021\/09\/23959356-cc4c-4bd1-baad-a5d6ef68b2fa.jpg 1152w\" sizes=\"(max-width: 1024px) 100vw, 1024px\" \/><\/figure><\/li><li class=\"blocks-gallery-item\"><figure><img loading=\"lazy\" decoding=\"async\" width=\"530\" height=\"277\" src=\"https:\/\/cvmarj.org.br\/site\/wp-content\/uploads\/2021\/09\/9d713cb3-2460-410c-ab50-c7956d6c10ed.jpg\" alt=\"\" data-id=\"2523\" data-full-url=\"https:\/\/cvmarj.org.br\/site\/wp-content\/uploads\/2021\/09\/9d713cb3-2460-410c-ab50-c7956d6c10ed.jpg\" data-link=\"https:\/\/cvmarj.org.br\/site\/index.php\/2021\/05\/05\/noticias\/9d713cb3-2460-410c-ab50-c7956d6c10ed\/\" class=\"wp-image-2523\" srcset=\"https:\/\/cvmarj.org.br\/site\/wp-content\/uploads\/2021\/09\/9d713cb3-2460-410c-ab50-c7956d6c10ed.jpg 530w, https:\/\/cvmarj.org.br\/site\/wp-content\/uploads\/2021\/09\/9d713cb3-2460-410c-ab50-c7956d6c10ed-300x157.jpg 300w\" sizes=\"(max-width: 530px) 100vw, 530px\" \/><\/figure><\/li><li class=\"blocks-gallery-item\"><figure><img loading=\"lazy\" decoding=\"async\" width=\"720\" height=\"405\" src=\"https:\/\/cvmarj.org.br\/site\/wp-content\/uploads\/2021\/09\/84adfdc8-31a5-4c7a-b528-fb523aea75c7.jpg\" alt=\"\" data-id=\"2524\" data-full-url=\"https:\/\/cvmarj.org.br\/site\/wp-content\/uploads\/2021\/09\/84adfdc8-31a5-4c7a-b528-fb523aea75c7.jpg\" data-link=\"https:\/\/cvmarj.org.br\/site\/index.php\/2021\/05\/05\/noticias\/84adfdc8-31a5-4c7a-b528-fb523aea75c7\/\" class=\"wp-image-2524\" srcset=\"https:\/\/cvmarj.org.br\/site\/wp-content\/uploads\/2021\/09\/84adfdc8-31a5-4c7a-b528-fb523aea75c7.jpg 720w, https:\/\/cvmarj.org.br\/site\/wp-content\/uploads\/2021\/09\/84adfdc8-31a5-4c7a-b528-fb523aea75c7-300x169.jpg 300w\" sizes=\"(max-width: 720px) 100vw, 720px\" \/><\/figure><\/li><\/ul><\/figure>\n\n\n\n<hr class=\"wp-block-separator is-style-wide\"\/>\n\n\n\n<figure class=\"wp-block-image size-full\"><img loading=\"lazy\" decoding=\"async\" width=\"720\" height=\"297\" src=\"https:\/\/cvmarj.org.br\/site\/wp-content\/uploads\/2021\/09\/311b85f4-7ef3-414e-9dba-5da11e37bc21.jpg\" alt=\"\" class=\"wp-image-2518\" srcset=\"https:\/\/cvmarj.org.br\/site\/wp-content\/uploads\/2021\/09\/311b85f4-7ef3-414e-9dba-5da11e37bc21.jpg 720w, https:\/\/cvmarj.org.br\/site\/wp-content\/uploads\/2021\/09\/311b85f4-7ef3-414e-9dba-5da11e37bc21-300x124.jpg 300w\" sizes=\"(max-width: 720px) 100vw, 720px\" \/><\/figure>\n\n\n\n<hr class=\"wp-block-separator is-style-wide\"\/>\n\n\n\n<p>ATEN\u00c7\u00c3O, NOVO EVENTO OFICIAL DO CVMARJ!<\/p>\n\n\n\n<p>25\/09\/2021,<br>MISS\u00c3O &#8220;ASAS DE PRATA&#8221;.<\/p>\n\n\n\n<p>DIA 25\/09\/2021, S\u00c1BADO, VISITA AO MUSEU AEROESPACIAL, NO CAMPO DOS AFONSOS!<\/p>\n\n\n\n<p>EVENTO IMPERD\u00cdVEL!<br>AGUARDAMOS OS S\u00d3CIOS, FAMILIARES E AMIGOS ESPECIAIS\u2026<\/p>\n\n\n\n<p>VC QUEM TEM RECEBIDO NOSSAS MENSAGENS, N\u00c3O PODE FICAR DE FORA DESSE GRANDE EVENTO!<\/p>\n\n\n\n<p>CHEGADA NO LOCAL, A PARTIR DAS 08:00 H, AT\u00c9 09:00 H.<\/p>\n\n\n\n<p>PONTO DE ENCONTRO, MUSAL.<\/p>\n\n\n\n<p>Av Marechal Fontenelle 800, Parque de Material Aeron\u00e1utico dos Afonsos, em frente aos Correios.<\/p>\n\n\n\n<p>VAMOS EM FRENTE!<\/p>\n\n\n\n<p>SOMOS CVMARJ!<\/p>\n\n\n\n<p>S\u00c9RGIO CAPELLA.<br>PRESIDENTE DO CVMARJ.<\/p>\n\n\n\n<figure class=\"wp-block-gallery columns-3 is-cropped wp-block-gallery-2 is-layout-flex wp-block-gallery-is-layout-flex\"><ul class=\"blocks-gallery-grid\"><li class=\"blocks-gallery-item\"><figure><img loading=\"lazy\" decoding=\"async\" width=\"693\" height=\"444\" src=\"https:\/\/cvmarj.org.br\/site\/wp-content\/uploads\/2021\/09\/0989e3f4-a1d9-41ce-a202-d6c1e43d0b77.jpg\" alt=\"\" data-id=\"2514\" data-full-url=\"https:\/\/cvmarj.org.br\/site\/wp-content\/uploads\/2021\/09\/0989e3f4-a1d9-41ce-a202-d6c1e43d0b77.jpg\" data-link=\"https:\/\/cvmarj.org.br\/site\/index.php\/2021\/05\/05\/noticias\/0989e3f4-a1d9-41ce-a202-d6c1e43d0b77\/\" class=\"wp-image-2514\" srcset=\"https:\/\/cvmarj.org.br\/site\/wp-content\/uploads\/2021\/09\/0989e3f4-a1d9-41ce-a202-d6c1e43d0b77.jpg 693w, https:\/\/cvmarj.org.br\/site\/wp-content\/uploads\/2021\/09\/0989e3f4-a1d9-41ce-a202-d6c1e43d0b77-300x192.jpg 300w\" sizes=\"(max-width: 693px) 100vw, 693px\" \/><\/figure><\/li><li class=\"blocks-gallery-item\"><figure><img loading=\"lazy\" decoding=\"async\" width=\"709\" height=\"459\" src=\"https:\/\/cvmarj.org.br\/site\/wp-content\/uploads\/2021\/09\/08170265-3681-4930-870d-54f00291dda6.jpg\" alt=\"\" data-id=\"2515\" data-full-url=\"https:\/\/cvmarj.org.br\/site\/wp-content\/uploads\/2021\/09\/08170265-3681-4930-870d-54f00291dda6.jpg\" data-link=\"https:\/\/cvmarj.org.br\/site\/index.php\/2021\/05\/05\/noticias\/08170265-3681-4930-870d-54f00291dda6\/\" class=\"wp-image-2515\" srcset=\"https:\/\/cvmarj.org.br\/site\/wp-content\/uploads\/2021\/09\/08170265-3681-4930-870d-54f00291dda6.jpg 709w, https:\/\/cvmarj.org.br\/site\/wp-content\/uploads\/2021\/09\/08170265-3681-4930-870d-54f00291dda6-300x194.jpg 300w\" sizes=\"(max-width: 709px) 100vw, 709px\" \/><\/figure><\/li><li class=\"blocks-gallery-item\"><figure><img loading=\"lazy\" decoding=\"async\" width=\"1024\" height=\"709\" src=\"https:\/\/cvmarj.org.br\/site\/wp-content\/uploads\/2021\/09\/4e94616c-dffe-4ef9-bd3f-368a1acbde93-1024x709.jpg\" alt=\"\" data-id=\"2516\" data-full-url=\"https:\/\/cvmarj.org.br\/site\/wp-content\/uploads\/2021\/09\/4e94616c-dffe-4ef9-bd3f-368a1acbde93.jpg\" data-link=\"https:\/\/cvmarj.org.br\/site\/index.php\/2021\/05\/05\/noticias\/4e94616c-dffe-4ef9-bd3f-368a1acbde93\/\" class=\"wp-image-2516\" srcset=\"https:\/\/cvmarj.org.br\/site\/wp-content\/uploads\/2021\/09\/4e94616c-dffe-4ef9-bd3f-368a1acbde93-1024x709.jpg 1024w, https:\/\/cvmarj.org.br\/site\/wp-content\/uploads\/2021\/09\/4e94616c-dffe-4ef9-bd3f-368a1acbde93-300x208.jpg 300w, https:\/\/cvmarj.org.br\/site\/wp-content\/uploads\/2021\/09\/4e94616c-dffe-4ef9-bd3f-368a1acbde93-768x532.jpg 768w, https:\/\/cvmarj.org.br\/site\/wp-content\/uploads\/2021\/09\/4e94616c-dffe-4ef9-bd3f-368a1acbde93.jpg 1280w\" sizes=\"(max-width: 1024px) 100vw, 1024px\" \/><\/figure><\/li><\/ul><\/figure>\n\n\n\n<hr class=\"wp-block-separator is-style-wide\"\/>\n\n\n\n<div class=\"wp-block-media-text alignwide is-stacked-on-mobile\"><figure class=\"wp-block-media-text__media\"><img loading=\"lazy\" decoding=\"async\" width=\"183\" height=\"275\" src=\"https:\/\/cvmarj.org.br\/site\/wp-content\/uploads\/2021\/09\/3a25defc-70bc-4c48-bc24-9e4fd08f5101.jpg\" alt=\"\" class=\"wp-image-2510 size-full\"\/><\/figure><div class=\"wp-block-media-text__content\">\n<p class=\"has-large-font-size\">Parab\u00e9ns grande amigo <strong>M\u00c1RIO PEREIRA<\/strong>, pelo seu anivers\u00e1rio.<\/p>\n<\/div><\/div>\n\n\n\n<hr class=\"wp-block-separator is-style-wide\"\/>\n\n\n\n<p><strong>O &#8220;GASPVM<\/strong> _ GRUPO DE APOIO AOS S\u00d3CIOS COM PROBLEMAS NAS VIATURAS E MOTOCICLETAS, CONTINUA ATUANDO EM BENEF\u00cdCIO DOS S\u00d3CIOS DO CLUBE.<\/p>\n\n\n\n<p>IMPORTANTE A INTERA\u00c7\u00c3O E AJUDA ENTRE TODOS MEMBROS DO CVMARJ.<\/p>\n\n\n\n<p>JUNTOS SOMOS CADA DIA MAIS FORTES.<\/p>\n\n\n\n<p>IMPORTANTE A PARTICIPA\u00c7\u00c3O DE TODOS.<\/p>\n\n\n\n<hr class=\"wp-block-separator is-style-wide\"\/>\n\n\n\n<p><strong>&#8220;VIATURA FANTASMA&#8221;<\/strong><\/p>\n\n\n\n<p>VIATURA N\u00c3O OPERACIONAL, NUNCA APARECE NOS EVENTOS, SEMPRE ESTA COM PROBLEMAS, SAI DE UM, ENTRA OUTRO.<\/p>\n\n\n\n<p>SEMPRE FALTA S\u00d3 UM DETALHE PARA FICAR PRONTA.<\/p>\n\n\n\n<p>UM DETALHE POR FAZER, CAUSA OUTROS 3 \u00c0 SEREM FEITOS\u2026<\/p>\n\n\n\n<p>RODA MUITO POUCO OU QUASE NADA.<\/p>\n\n\n\n<p>EST\u00c1 SEMPRE NA OFICINA, ENGUI\u00c7A NAS APRESENTA\u00c7\u00d5ES, NUNCA \u00c9 FINALIZADA.<\/p>\n\n\n\n<p>LEMBRAMOS QUE VIATURA MILITAR ANTIGA, TEM QUE SER MUITO USADA, POIS CASO CONTR\u00c1RIO, NA HORA &#8220;H&#8221;, DEIXA O PROPRIET\u00c1RIO NA M\u00c3O.<\/p>\n\n\n\n<p>VIATURA QUE N\u00c3O RODA OU RODA POUCO, TEM ALTO CUSTO DE OPERA\u00c7\u00c3O.<\/p>\n\n\n\n<p>AINDA TEMOS MUITOS KM PELA FRENTE!<\/p>\n\n\n\n<p>DEIXE SUA VTR ECD CUMPRIR AS FUTURAS MISS\u00d5ES.<\/p>\n\n\n\n<p>N\u00c3O DEIXE SUA VIATURA MILITAR ANTIGA PARADA, A V\u00cdTIMA PODER\u00c1 SER VOC\u00ca.<\/p>\n\n\n\n<hr class=\"wp-block-separator is-style-wide\"\/>\n\n\n\n<p>CANCELAMENTO DE EVENTO!<\/p>\n\n\n\n<p>BOA TARDE!<\/p>\n\n\n\n<p>Informo aos nossos S\u00d3CIOS e amigos, que ainda n\u00e3o ser\u00e1 em setembro de 2021, que retornaremos \u00e0s reuni\u00f5es mensais dos terceiros domingos, no MUSEU MILITAR CONDE DE LINHARES.<br>Em breve, boas not\u00edcias.<\/p>\n\n\n\n<p>VAMOS EM FRENTE!<\/p>\n\n\n\n<p>SOMOS CVMARJ!<\/p>\n\n\n\n<p>At.<\/p>\n\n\n\n<p>S\u00e9rgio Capella.<br>Presidente do CVMARJ.<\/p>\n\n\n\n<hr class=\"wp-block-separator is-style-wide\"\/>\n\n\n\n<p>Boa noite.<br>Identificamos 35 vtrs\/motos, s\u00f3 no Rio de Janeiro, necessitando de reparos ou em finaliza\u00e7\u00e3o de servi\u00e7os diversos.<br>\u00c9 muita coisa, muitos Clubes, n\u00e3o tem esse efetivo.<br>Nosso quadro, j\u00e1 ultrapassa 200 vtrs, em diversos lugares do Brasil, 95 S\u00f3cios ATIVOS e 15 em processo de admiss\u00e3o.<\/p>\n\n\n\n<p>SOMOS CVMARJ!<\/p>\n\n\n\n<p>VAMOS EM FRENTE!<\/p>\n\n\n\n<p>At.<\/p>\n\n\n\n<p>S\u00e9rgio Capella.<br>Presidente do CVMARJ.<\/p>\n\n\n\n<hr class=\"wp-block-separator is-style-wide\"\/>\n\n\n\n<p><strong>25\/09\/2021.<\/strong><\/p>\n\n\n\n<p>MISS\u00c3O &#8220;ASAS DE PRATA&#8221;.<\/p>\n\n\n\n<p>DIA 25\/09\/2021, S\u00c1BADO, VISITA AO MUSEU AEROESPACIAL, NO CAMPO DOS AFONSOS!<\/p>\n\n\n\n<p>EVENTO IMPERD\u00cdVEL!<br>AGUARDAMOS OS AMIGOS\u2026<\/p>\n\n\n\n<p>CHEGADA NO LOCAL, AT\u00c9 09:00 H.<\/p>\n\n\n\n<p>PONTO DE ENCONTRO, MUSAL.<\/p>\n\n\n\n<p>Av Marechal Fontenelle 800, Parque de Material Aeron\u00e1utico dos Afonsos, em frente aos Correios.<\/p>\n\n\n\n<p>VAMOS EM FRENTE!<\/p>\n\n\n\n<p>SOMOS CVMARJ!<\/p>\n\n\n\n<p>S\u00c9RGIO CAPELLA.<br>PRESIDENTE DO CVMARJ.<\/p>\n\n\n\n<hr class=\"wp-block-separator is-style-wide\"\/>\n\n\n\n<p>Bom dia!<\/p>\n\n\n\n<p>Segue informa\u00e7\u00f5es do Ten Afonso, do MUSEU MILITAR CONDE DE LINHARES, que vai nos receber no dia 07\/09\/2021, ter\u00e7a feira, dia da COLUNA DA VIT\u00d3RIA CVMARJ _ 2021.<\/p>\n\n\n\n<p>Realmente, tudo est\u00e1 explicado em condi\u00e7\u00f5es na OS 003\/2021, do CVMARJ.<\/p>\n\n\n\n<p>Pe\u00e7o apenas aten\u00e7\u00e3o para os detalhes:<\/p>\n\n\n\n<ul><li>Utiliza\u00e7\u00e3o de m\u00e1scara e de mais cuidados para com a COVID-19, como distanciamento, higieniza\u00e7\u00e3o das m\u00e3os e evitar ao m\u00e1ximo contado f\u00edsico, devem ser extremamente respeitados.<\/li><li>N\u00e3o \u00e9 permitido com\u00e9rcio dentro da OM.<\/li><li>As orienta\u00e7\u00f5es quanto \u00e0 proibi\u00e7\u00e3o de propagandas de cunho pol\u00edtico partid\u00e1rio devem ser rigorosamente seguidas. N\u00e3o \u00e9 permitido uso de camisas, bon\u00e9s, broches, adesivos (inclusive em ve\u00edculos) etc que fa\u00e7am apologia de forma alguma \u00e0 pol\u00edtico ou partido.<\/li><li>Os ve\u00edculos que permanecer\u00e3o estacionados durante o desfile poder\u00e3o permanecer at\u00e9 no m\u00e1ximo 1700h.<\/li><li>Apenas a t\u00edtulo de conhecimento, o museu propriamente dito (parte interna) n\u00e3o abrir\u00e1 nos dias 6 e 7 de setembro, por ordem do Dir MHEx e Cmt FC. Caso os participantes do desfile queiram conhecer o acervo presente na parte externa (no P\u00e1tio dos Blindados), n\u00e3o h\u00e1 problema algum! Fiquem \u00e0 vontade.<\/li><\/ul>\n\n\n\n<figure class=\"wp-block-image size-large\"><img loading=\"lazy\" decoding=\"async\" width=\"671\" height=\"1024\" src=\"http:\/\/cvmarj.org.br\/site\/wp-content\/uploads\/2021\/09\/IMG-20210903-WA0019-671x1024.jpg\" alt=\"\" class=\"wp-image-2491\" srcset=\"https:\/\/cvmarj.org.br\/site\/wp-content\/uploads\/2021\/09\/IMG-20210903-WA0019-671x1024.jpg 671w, https:\/\/cvmarj.org.br\/site\/wp-content\/uploads\/2021\/09\/IMG-20210903-WA0019-197x300.jpg 197w, https:\/\/cvmarj.org.br\/site\/wp-content\/uploads\/2021\/09\/IMG-20210903-WA0019-768x1173.jpg 768w, https:\/\/cvmarj.org.br\/site\/wp-content\/uploads\/2021\/09\/IMG-20210903-WA0019-1006x1536.jpg 1006w, https:\/\/cvmarj.org.br\/site\/wp-content\/uploads\/2021\/09\/IMG-20210903-WA0019.jpg 1048w\" sizes=\"(max-width: 671px) 100vw, 671px\" \/><\/figure>\n\n\n\n<p>A T E N \u00c7 \u00c3 O:<br>A L T E R A \u00c7 \u00d5 E S  I M P O R T A N T E S.<\/p>\n\n\n\n<p>SEMPRE PREOCUPADOS COM A INTEGRIDADE F\u00cdSICA DOS NOSSOS S\u00d3CIOS, FAMILIARES E CONVIDADOS, E DE SUAS VIATURAS, RESOLVEMOS ALTERAR, ALGUNS PONTOS DO EVENTO.<\/p>\n\n\n\n<p>O PONTO DE ENCONTRO MUDOU DO FORTE DE COPACABANA, PARA O MUSEU MILITAR CONDE DE LINHARES EM S\u00c3O CRIST\u00d3V\u00c3O, COM CHEGADA AT\u00c9 \u00c0S 07:45 H.<\/p>\n\n\n\n<p>HAVER\u00c1 O HASTEAMENTO DO PAVILH\u00c3O NACIONAL \u00c0S 08:00, SENDO O DESLOCAMENTO INICIADO \u00c0S 08:30 H.<\/p>\n\n\n\n<p>FAREMOS UM DESFILE DAS VTRS DO COMBOIO, PELA AV.<br>PRESIDENTE VARGAS, SENTIDO CANDEL\u00c1RIA _ CENTRAL DO BRASIL.<\/p>\n\n\n\n<p>POSTERIORMENTE RETORNAREMOS AO MUSEU CONDE DE LINHARES, ONDE SER\u00c1 ENCERRADO O PERCURSO.<\/p>\n\n\n\n<p>A PRESEN\u00c7A E PARTICIPA\u00c7\u00c3O DOS CONVIDADOS, \u00c9 VOLUNTARIA, DEIXANDO TODOS COM O LIVRE ARB\u00cdTRIO DE PARTICIPAR OU N\u00c3O DO EVENTO.<\/p>\n\n\n\n<p>DEPOIS DO ENCERRAMENTO, SEGUIREMOS PARA A SEDE DO CLUBE ONDE FAREMOS UM CHURRASCO POR ADES\u00c3O.<\/p>\n\n\n\n<p>A ORDEM DE SERVI\u00c7O 003\/2021, SER\u00c1 ALTERADA.<\/p>\n\n\n\n<p>TODOS DEVEM USAR M\u00c1SCARAS.<\/p>\n\n\n\n<p>V\u00c1RIAS A\u00c7\u00d5ES DE SEGURAN\u00c7A E CONTROLE, SER\u00c3O TOMADAS PELA ADMINISTRA\u00c7\u00c3O DO CVMARJ.<\/p>\n\n\n\n<p>SAIREMOS DE S\u00c3O CRIST\u00d3V\u00c3O \u00c0S 08:30 H, RETORNANDO POR VOLTA DAS 10:00 H, FICANDO LONGE DE QUALQUER A\u00c7\u00d5ES POL\u00cdTICAS NA CIDADE DO RIO DE JANEIRO.<\/p>\n\n\n\n<p>PROIBIDA A ENTRADA NO MUSEU CONDE DE LINHARES, COM CHINELOS, CAMISETAS E BERMUDAS.<\/p>\n\n\n\n<p>QUEM QUISER PODER\u00c1 DEIXAR SEU V\u00c9ICULO CIVIL ESTACIONADO NO MUSEU MILITAR CONDE DE LINHARES, ENQUANTO SEGUE DURANTE O EVENTO EM ALGUMA VIATURA MILITAR ANTIGA.<\/p>\n\n\n\n<p>SOMOS CVMARJ!<\/p>\n\n\n\n<p>VAMOS EM FRENTE!<\/p>\n\n\n\n<p>AT.<\/p>\n\n\n\n<p>S\u00c9RGIO CAPELLA.<br>PRESIDENTE DO CVMARJ.<\/p>\n\n\n\n<hr class=\"wp-block-separator is-style-wide\"\/>\n\n\n\n<p>No dia 02 de setembro de 2021, a Associa\u00e7\u00e3o Cultural Museu Militar Brasileiro recebeu a visita da Comitiva de Adjuntos de Comando da 3\u00aa Divis\u00e3o de Ex\u00e9rcito &#8211; \u201cDivis\u00e3o Encoura\u00e7ada\u201d.<br>Al\u00e9m de conhecerem as instala\u00e7\u00f5es do Museu, aproveitaram para aprimorar os seus conhecimentos sobre a hist\u00f3ria, viaturas e artefatos da Segunda Guerra Mundial. No evento, o Senhor Sefferson Steindorff &#8211; Diretor do Museu Militar recebeu um Diploma de agradecimento dos Adjuntos de Comando.<\/p>\n\n\n\n<figure class=\"wp-block-gallery columns-3 is-cropped wp-block-gallery-3 is-layout-flex wp-block-gallery-is-layout-flex\"><ul class=\"blocks-gallery-grid\"><li class=\"blocks-gallery-item\"><figure><img loading=\"lazy\" decoding=\"async\" width=\"1024\" height=\"768\" src=\"http:\/\/cvmarj.org.br\/site\/wp-content\/uploads\/2021\/05\/c4f1a5de-e173-4bdb-987f-3ea7a09024fb-1024x768.jpg\" alt=\"\" data-id=\"2479\" data-full-url=\"http:\/\/cvmarj.org.br\/site\/wp-content\/uploads\/2021\/05\/c4f1a5de-e173-4bdb-987f-3ea7a09024fb.jpg\" data-link=\"https:\/\/cvmarj.org.br\/site\/index.php\/2021\/05\/05\/noticias\/c4f1a5de-e173-4bdb-987f-3ea7a09024fb\/\" class=\"wp-image-2479\" srcset=\"https:\/\/cvmarj.org.br\/site\/wp-content\/uploads\/2021\/05\/c4f1a5de-e173-4bdb-987f-3ea7a09024fb-1024x768.jpg 1024w, https:\/\/cvmarj.org.br\/site\/wp-content\/uploads\/2021\/05\/c4f1a5de-e173-4bdb-987f-3ea7a09024fb-300x225.jpg 300w, https:\/\/cvmarj.org.br\/site\/wp-content\/uploads\/2021\/05\/c4f1a5de-e173-4bdb-987f-3ea7a09024fb-768x576.jpg 768w, https:\/\/cvmarj.org.br\/site\/wp-content\/uploads\/2021\/05\/c4f1a5de-e173-4bdb-987f-3ea7a09024fb-1536x1152.jpg 1536w, https:\/\/cvmarj.org.br\/site\/wp-content\/uploads\/2021\/05\/c4f1a5de-e173-4bdb-987f-3ea7a09024fb.jpg 1600w\" sizes=\"(max-width: 1024px) 100vw, 1024px\" \/><\/figure><\/li><li class=\"blocks-gallery-item\"><figure><img loading=\"lazy\" decoding=\"async\" width=\"1024\" height=\"768\" src=\"http:\/\/cvmarj.org.br\/site\/wp-content\/uploads\/2021\/05\/866090cc-c38b-459c-87d1-b1bafbfa09af-1024x768.jpg\" alt=\"\" data-id=\"2480\" data-full-url=\"http:\/\/cvmarj.org.br\/site\/wp-content\/uploads\/2021\/05\/866090cc-c38b-459c-87d1-b1bafbfa09af.jpg\" data-link=\"https:\/\/cvmarj.org.br\/site\/index.php\/2021\/05\/05\/noticias\/866090cc-c38b-459c-87d1-b1bafbfa09af\/\" class=\"wp-image-2480\" srcset=\"https:\/\/cvmarj.org.br\/site\/wp-content\/uploads\/2021\/05\/866090cc-c38b-459c-87d1-b1bafbfa09af-1024x768.jpg 1024w, https:\/\/cvmarj.org.br\/site\/wp-content\/uploads\/2021\/05\/866090cc-c38b-459c-87d1-b1bafbfa09af-300x225.jpg 300w, https:\/\/cvmarj.org.br\/site\/wp-content\/uploads\/2021\/05\/866090cc-c38b-459c-87d1-b1bafbfa09af-768x576.jpg 768w, https:\/\/cvmarj.org.br\/site\/wp-content\/uploads\/2021\/05\/866090cc-c38b-459c-87d1-b1bafbfa09af-1536x1152.jpg 1536w, https:\/\/cvmarj.org.br\/site\/wp-content\/uploads\/2021\/05\/866090cc-c38b-459c-87d1-b1bafbfa09af.jpg 1600w\" sizes=\"(max-width: 1024px) 100vw, 1024px\" \/><\/figure><\/li><li class=\"blocks-gallery-item\"><figure><img loading=\"lazy\" decoding=\"async\" width=\"1024\" height=\"605\" src=\"http:\/\/cvmarj.org.br\/site\/wp-content\/uploads\/2021\/05\/3e2b41a9-1141-4a5b-a154-a1345fa1a4f5-1024x605.jpg\" alt=\"\" data-id=\"2481\" data-full-url=\"http:\/\/cvmarj.org.br\/site\/wp-content\/uploads\/2021\/05\/3e2b41a9-1141-4a5b-a154-a1345fa1a4f5.jpg\" data-link=\"https:\/\/cvmarj.org.br\/site\/index.php\/2021\/05\/05\/noticias\/3e2b41a9-1141-4a5b-a154-a1345fa1a4f5\/\" class=\"wp-image-2481\" srcset=\"https:\/\/cvmarj.org.br\/site\/wp-content\/uploads\/2021\/05\/3e2b41a9-1141-4a5b-a154-a1345fa1a4f5-1024x605.jpg 1024w, https:\/\/cvmarj.org.br\/site\/wp-content\/uploads\/2021\/05\/3e2b41a9-1141-4a5b-a154-a1345fa1a4f5-300x177.jpg 300w, https:\/\/cvmarj.org.br\/site\/wp-content\/uploads\/2021\/05\/3e2b41a9-1141-4a5b-a154-a1345fa1a4f5-768x454.jpg 768w, https:\/\/cvmarj.org.br\/site\/wp-content\/uploads\/2021\/05\/3e2b41a9-1141-4a5b-a154-a1345fa1a4f5-1536x908.jpg 1536w, https:\/\/cvmarj.org.br\/site\/wp-content\/uploads\/2021\/05\/3e2b41a9-1141-4a5b-a154-a1345fa1a4f5.jpg 1600w\" sizes=\"(max-width: 1024px) 100vw, 1024px\" \/><\/figure><\/li><li class=\"blocks-gallery-item\"><figure><img loading=\"lazy\" decoding=\"async\" width=\"1024\" height=\"950\" src=\"http:\/\/cvmarj.org.br\/site\/wp-content\/uploads\/2021\/05\/406ed8dd-9110-4211-ad1e-a4763338f912-1024x950.jpg\" alt=\"\" data-id=\"2482\" data-full-url=\"http:\/\/cvmarj.org.br\/site\/wp-content\/uploads\/2021\/05\/406ed8dd-9110-4211-ad1e-a4763338f912.jpg\" data-link=\"https:\/\/cvmarj.org.br\/site\/index.php\/2021\/05\/05\/noticias\/406ed8dd-9110-4211-ad1e-a4763338f912\/\" class=\"wp-image-2482\" srcset=\"https:\/\/cvmarj.org.br\/site\/wp-content\/uploads\/2021\/05\/406ed8dd-9110-4211-ad1e-a4763338f912-1024x950.jpg 1024w, https:\/\/cvmarj.org.br\/site\/wp-content\/uploads\/2021\/05\/406ed8dd-9110-4211-ad1e-a4763338f912-300x278.jpg 300w, https:\/\/cvmarj.org.br\/site\/wp-content\/uploads\/2021\/05\/406ed8dd-9110-4211-ad1e-a4763338f912-768x712.jpg 768w, https:\/\/cvmarj.org.br\/site\/wp-content\/uploads\/2021\/05\/406ed8dd-9110-4211-ad1e-a4763338f912-1536x1425.jpg 1536w, https:\/\/cvmarj.org.br\/site\/wp-content\/uploads\/2021\/05\/406ed8dd-9110-4211-ad1e-a4763338f912.jpg 1600w\" sizes=\"(max-width: 1024px) 100vw, 1024px\" \/><\/figure><\/li><\/ul><\/figure>\n\n\n\n<hr class=\"wp-block-separator is-style-wide\"\/>\n\n\n\n<p>Bom dia.<br>Segue foto do nosso parceiro e correspondente do CVMARJ, Angelo Nicolaci, do site GBN DEFENSE, com os Comandante do Ex\u00e9rcito, General Paulo S\u00e9rgio e General Theophilo, Comandante Militar da Amaz\u00f4nia.<br>Nosso amigo realiza o Est\u00e1gio de Correspondente de Assuntos Militares no CMA.<br>Dia 07\/09\/2021, Angelo Nicolaci, estar\u00e1 conosco na COLUNA DA VIT\u00d3RIA CVMARJ _ 2021.<\/p>\n\n\n\n<p>SELVA!<\/p>\n\n\n\n<figure class=\"wp-block-gallery columns-2 is-cropped wp-block-gallery-4 is-layout-flex wp-block-gallery-is-layout-flex\"><ul class=\"blocks-gallery-grid\"><li class=\"blocks-gallery-item\"><figure><img loading=\"lazy\" decoding=\"async\" width=\"1024\" height=\"914\" src=\"http:\/\/cvmarj.org.br\/site\/wp-content\/uploads\/2021\/05\/2c4a9365-6a72-4c84-9a13-7de937127095-1024x914.jpg\" alt=\"\" data-id=\"2475\" data-full-url=\"http:\/\/cvmarj.org.br\/site\/wp-content\/uploads\/2021\/05\/2c4a9365-6a72-4c84-9a13-7de937127095.jpg\" data-link=\"https:\/\/cvmarj.org.br\/site\/index.php\/2021\/05\/05\/noticias\/2c4a9365-6a72-4c84-9a13-7de937127095\/\" class=\"wp-image-2475\" srcset=\"https:\/\/cvmarj.org.br\/site\/wp-content\/uploads\/2021\/05\/2c4a9365-6a72-4c84-9a13-7de937127095-1024x914.jpg 1024w, https:\/\/cvmarj.org.br\/site\/wp-content\/uploads\/2021\/05\/2c4a9365-6a72-4c84-9a13-7de937127095-300x268.jpg 300w, https:\/\/cvmarj.org.br\/site\/wp-content\/uploads\/2021\/05\/2c4a9365-6a72-4c84-9a13-7de937127095-768x686.jpg 768w, https:\/\/cvmarj.org.br\/site\/wp-content\/uploads\/2021\/05\/2c4a9365-6a72-4c84-9a13-7de937127095.jpg 1280w\" sizes=\"(max-width: 1024px) 100vw, 1024px\" \/><\/figure><\/li><li class=\"blocks-gallery-item\"><figure><img loading=\"lazy\" decoding=\"async\" width=\"1024\" height=\"682\" src=\"http:\/\/cvmarj.org.br\/site\/wp-content\/uploads\/2021\/05\/98b706d1-c910-493d-a330-6f3bf4218932-1024x682.jpg\" alt=\"\" data-id=\"2476\" data-full-url=\"http:\/\/cvmarj.org.br\/site\/wp-content\/uploads\/2021\/05\/98b706d1-c910-493d-a330-6f3bf4218932.jpg\" data-link=\"https:\/\/cvmarj.org.br\/site\/index.php\/2021\/05\/05\/noticias\/98b706d1-c910-493d-a330-6f3bf4218932-2\/\" class=\"wp-image-2476\" srcset=\"https:\/\/cvmarj.org.br\/site\/wp-content\/uploads\/2021\/05\/98b706d1-c910-493d-a330-6f3bf4218932-1024x682.jpg 1024w, https:\/\/cvmarj.org.br\/site\/wp-content\/uploads\/2021\/05\/98b706d1-c910-493d-a330-6f3bf4218932-300x200.jpg 300w, https:\/\/cvmarj.org.br\/site\/wp-content\/uploads\/2021\/05\/98b706d1-c910-493d-a330-6f3bf4218932-768x512.jpg 768w, https:\/\/cvmarj.org.br\/site\/wp-content\/uploads\/2021\/05\/98b706d1-c910-493d-a330-6f3bf4218932-930x620.jpg 930w, https:\/\/cvmarj.org.br\/site\/wp-content\/uploads\/2021\/05\/98b706d1-c910-493d-a330-6f3bf4218932.jpg 1280w\" sizes=\"(max-width: 1024px) 100vw, 1024px\" \/><\/figure><\/li><\/ul><\/figure>\n\n\n\n<hr class=\"wp-block-separator is-style-wide\"\/>\n\n\n\n<figure class=\"wp-block-embed is-type-video is-provider-youtube wp-block-embed-youtube wp-embed-aspect-16-9 wp-has-aspect-ratio\"><div class=\"wp-block-embed__wrapper\">\n<div class=\"nv-iframe-embed\"><iframe title=\"D-Day 2019 - 75th anniversary - By Indiancars Military\" width=\"1200\" height=\"675\" src=\"https:\/\/www.youtube.com\/embed\/GfhR2kvchLY?feature=oembed\" frameborder=\"0\" allow=\"accelerometer; autoplay; clipboard-write; encrypted-media; gyroscope; picture-in-picture\" allowfullscreen><\/iframe><\/div>\n<\/div><\/figure>\n\n\n\n<p>RJ, RJ, 01\/09\/2021.<\/p>\n\n\n\n<p>18.700 VISITAS AO NOSSO SITE.<\/p>\n\n\n\n<p>DIA 07 DE SETEMBRO DE 2021, FAR\u00c1 SOL O DIA TODO.<\/p>\n\n\n\n<p>O EVENTO COLUNA DA VIT\u00d3RIA DO CVMA RJ 2021, QUE VAI SER REALIZADO NO DIA 07\/09\/2021, TER\u00c7A FEIRA, DIA DA INDEPEND\u00caNCIA DO BRASIL!<\/p>\n\n\n\n<p>A PARTICIPA\u00c7\u00c3O DE V\u00c1RIAS VTRS MILITARES ANTIGAS, \u00c9 MUITO INPORTANTE.<\/p>\n\n\n\n<p>J\u00c1 EMITIMOS A ORDEM DE SERVI\u00c7O 003\/2021, NORMATIZANDO PROCEDIMENTOS DIVERSOS NO EVENTO.<\/p>\n\n\n\n<p>ESTAMOS PROVIDENCIANDO O DIPLOMA DE PARTICIPA\u00c7\u00c3O DO EVENTO.<\/p>\n\n\n\n<p>ATEN\u00c7\u00c3O, AS VTRS DEVEM ESTAR NO P\u00c1TIO DO CAMPO DE MARTE, AT\u00c9 \u00c0S 07:30 H.<br>A FORMATURA NO FORTE DE COPACABANA TER\u00c1 COMO UM DOS SEUS ATOS PRINCIPAIS, O HASTEAMENTO DA BANDEIRA NACIONAL, INICIA \u00c0S 08:00 H.<\/p>\n\n\n\n<p>TODOS DEVEM USAR M\u00c1SCARAS, ASSIM COMO SEUS COMPROVANTES DE VACINA\u00c7\u00c3O.<\/p>\n\n\n\n<p>A PARTICIPA\u00c7\u00c3O NO EVENTO \u00c9 VOLUNT\u00c1RIA, QUEM POR QUALQUER MOTIVO N\u00c3O QUISER OU PUDER COMPARECER, QUE FIQUE EM CASA.<\/p>\n\n\n\n<p>SAIREMOS DE COPACABANA, POR VOLTA DAS 08:30 H, SEGUINDO DIRETO PARA O MUSEU CONDE DE LINHARES, DEPOIS QUEM QUISER, SEGUE PARA TUBIACANGA, ONDE FAREMOS NOSSA COMEMORA\u00c7\u00c3O, POR ADES\u00c3O.<\/p>\n\n\n\n<p>J\u00c1 TEMOS 29 VTRS CONFIRMADAS, MAS AINDA FALTAM ALGUMAS.<\/p>\n\n\n\n<p>PROIBIDA A ENTRADA NO FORTE DE COPACABANA , COM CHINELOS, CAMISETAS E BERMUDAS.<\/p>\n\n\n\n<p>SOMOS CVMARJ!<\/p>\n\n\n\n<p>VAMOS EM FRENTE!<\/p>\n\n\n\n<p>A COBRA CONTINUA FUMANDO.<\/p>\n\n\n\n<hr class=\"wp-block-separator is-style-wide\"\/>\n\n\n\n<p>Bom dia!<br>Segue a OS n\u00ba 003\/2021, atualizada em 31\/08\/2021, para sua conhecimento e cumprimento.<\/p>\n\n\n\n<p>At.<br>S\u00e9rgio Capella.<br>CVMARJ.<br>21 964863933.<\/p>\n\n\n\n<p>ASSUNTO: COLUNA DA VIT\u00d3RIA_CVMARJ 2021.<\/p>\n\n\n\n<p>( HOR\u00c1RIO DE SA\u00cdDA CORRIGIDO ).<br>Bom dia.<\/p>\n\n\n\n<p>ABERTURA;<br>A presente Ordem de Servi\u00e7o, tem a finalidade de orientar os participantes desse grande evento, no sentido de que possamos ter todos os cuidados e procedimentos poss\u00edveis no sentido de que ele seja um grande sucesso, com a maior simplicidade e dedica\u00e7\u00e3o poss\u00edveis, por parte de todos os envolvidos.<\/p>\n\n\n\n<p>Segue informa\u00e7\u00f5es de car\u00e1ter geral para a participa\u00e7\u00e3o do CVMARJ, nas<br>comemora\u00e7\u00f5es abaixo:<br>199 ANOS DA INDEPEND\u00caNCIA DO BRASIL.<br>76 ANOS DA VIT\u00d3RIA BRASILEIRA NA 2^ GUERRA MUNDIAL.<br>19 ANOS DE FUNDA\u00c7\u00c3O DO CVMARJ.<\/p>\n\n\n\n<p>Temos uma previs\u00e3o de mais de 30 vtrs, ainda temos vagas para o evento,<br>para vtr militar antiga com motorista, at\u00e9 sexta feira, 03\/09\/2021.<\/p>\n\n\n\n<p>Esse \u00e9 um evento que j\u00e1 realizamos em outros anos, com trajetos diferentes, e que j\u00e1 \u00e9 uma tradi\u00e7\u00e3o do CVMARJ.<\/p>\n\n\n\n<p>Chegada no Forte de Copacabana, a partir das 07:00 h, at\u00e9 \u00e0s 07:30 h, pois haver\u00e1 uma formatura com o hasteamento da Bandeira do Brasil, impreterivelmente \u00e0s 08:00 h, no Campo de Marte, do Forte, com nossas viaturas presentes em um dispositivo especial.<\/p>\n\n\n\n<p>Viaturas que chegarem depois das 07:30 horas, ter\u00e3o que aguardar o encerramento da solenidade do hasteamento da Pavilh\u00e3o Nacional, para subir ao Campo de Marte.<\/p>\n\n\n\n<p>Sairemos do Forte de Copacabana, \u00e0s &#8220;&#8221;&#8221;&#8221;&#8221;08:30 h&#8221;&#8221;&#8221;&#8221;&#8221; com destino ao Museu Conde de Linhares, percorrendo o seguinte trajeto:<br>Forte de Copacabana.<br>Av. Nossa Senhora de Copacabana.<br>Corte do Cantagalo.<br>Lagoa Rodrigo de Freitas.<br>T\u00fanel Rebou\u00e7as.<br>Pra\u00e7a da Bandeira.<br>S\u00e3o Crist\u00f3v\u00e3o.<br>Museu Militar Conde de Linhares.<br>Ao chegar no Museu Conde de Linhares, estacionaremos as viaturas em 2 ou 3 colunas, dependendo do efetivo, para tirar fotos e se n\u00e3o houver mais atividades, encerrar o evento.<\/p>\n\n\n\n<p>Ainda n\u00e3o definimos, se ap\u00f3s o encerramento da Coluna, iremos para a nossa sede em Tubiacanga para organizar um churrasco comemorativo, por ades\u00e3o.<\/p>\n\n\n\n<p>&#8220;Pedimos m\u00e1xima aten\u00e7\u00e3o para essas recomenda\u00e7\u00f5es, para n\u00e3o termos<br>problemas no evento&#8221;.<\/p>\n\n\n\n<p>O uso de m\u00e1scaras, preferencialmente do CVMARJ, \u00e9 obrigat\u00f3rio em todas as atividades que participaremos, assim como portar atestados de vacina, conta o COVIDE 19.<\/p>\n\n\n\n<p>Nosso evento n\u00e3o tem nenhuma motiva\u00e7\u00e3o pol\u00edtica, devemos nos abster de demonstrar rea\u00e7\u00e3o para qualquer ato de terceiros durante o deslocamento.<\/p>\n\n\n\n<p>Estaremos visitando 2 importantes Unidades do Ex\u00e9rcito Brasileiro, al\u00e9m de nos deslocar por ruas e avenidas da cidade do Rio de Janeiro, portanto nossa apresenta\u00e7\u00e3o tem<br>que ser impec\u00e1vel.<\/p>\n\n\n\n<p>Aten\u00e7\u00e3o com o uso indevido do Pavilh\u00e3o Nacional, durante todo o evento.<\/p>\n\n\n\n<p>Velocidade m\u00e9dia do comboio de 35 km\/hora.<\/p>\n\n\n\n<p>Vtrs com apresenta\u00e7\u00e3o padr\u00e3o, preferencialmente, com toldos e para<br>brisas arriados, em ordem de marchas com doc e equipamentos de<br>seguran\u00e7a, com mec\u00e2nica revisada e em ordem.<\/p>\n\n\n\n<p>Teremos motociclistas civis, nos apoiando.<\/p>\n\n\n\n<p>Aten\u00e7\u00e3o com trajes, cal\u00e7ados fechados, cal\u00e7a comprida e camisas com<br>mangas, bon\u00e9 permitido, aten\u00e7\u00e3o proibido o uso de bermudas, chinelos e camisetas. Ideal trajes do CVMARJ e da 2\u00aa GM.<\/p>\n\n\n\n<p>Proibido qualquer demonstra\u00e7\u00e3o de cunho, pol\u00edtico, religioso, esportivo,<br>pornografia.<\/p>\n\n\n\n<p>Proibido o acionamento de sirenes, os deslocamentos ser\u00e3o<br>sempre com far\u00f3is acesos.<\/p>\n\n\n\n<p>Proibido o consumo de bebida alco\u00f3lica no Comboio.<\/p>\n\n\n\n<p>Quem tiver reboques dispon\u00edveis, pode e deve levar.<\/p>\n\n\n\n<p>Proibido emparelhar ou ultrapassar a vtr da frente.<\/p>\n\n\n\n<p>Vtr que tiver alguma pane, encosta \u00e0 direita da pista, ou em lugar a<br>frente mais seguro, se conseguir, todo o comboio continua seguindo, pois<br>teremos caminh\u00e3o Socorro na retaguarda, que vai prestar atendimento.<\/p>\n\n\n\n<p>Importante ter aten\u00e7\u00e3o com VTRS na dianteira e traseira, mantendo se<br>dist\u00e2ncia segura entre as vtrs em rela\u00e7\u00e3o a velocidade desenvolvida.<\/p>\n\n\n\n<p>Proibida a ultrapassagem no deslocamento, salvo se a vtr da frente<br>apresentar pane.<\/p>\n\n\n\n<p>Ve\u00edculos civis, n\u00e3o ser\u00e3o permitidos, assim como crian\u00e7as menores de 15 anos, nas viaturas.<\/p>\n\n\n\n<p>Mesmo sendo um feriado Nacional, haver\u00e1 um grande movimento de pessoas e ve\u00edculos no nosso percurso, portanto recomendamos, velocidades reduzidas, manuten\u00e7\u00e3o das dist\u00e2ncias entre as viaturas, e cuidados com transeuntes, aten\u00e7\u00e3o com ve\u00edculos civis fora do comboio.<\/p>\n\n\n\n<p>Todas as regras de transito e de boa cidadania, devem ser observadas.<\/p>\n\n\n\n<p>As viaturas ser\u00e3o distribu\u00eddos no comboio, por tipo, peso, experi\u00eancia<br>dos motorista, na hora a chegada ao ponto de concentra\u00e7\u00e3o e partida, no Campo de Marte do Forte de Copacabana, em Copacabana.<\/p>\n\n\n\n<p>TODOS os participantes dever\u00e3o preferencialmente, usar camisas verde de malha, ou azuis<br>modelo POLO, e bon\u00e9s do CVMARJ. Teremos itens para venda aos S\u00f3cios, e<br>convidados.<\/p>\n\n\n\n<p>Permitido o uso dos dois uniformes Operacionais do CVMARJ ( Camuflado ou<br>Verde ), dentro do padr\u00e3o correto.<\/p>\n\n\n\n<p>Importante \u00e9 fundamental a apresenta\u00e7\u00e3o do maior efetivo poss\u00edvel do<br>nosso Clube.<\/p>\n\n\n\n<p>OBS: Em caso de d\u00favidas favor entrar em contato comigo.<\/p>\n\n\n\n<p>S\u00f3cios do Clube podem e devem portar seus crach\u00e1s de identifica\u00e7\u00e3o.<\/p>\n\n\n\n<p>Todos devem se identificar ao militares do Forte de Copacabana na chegada ao Quartel, informando que participar\u00e3o da &#8220;COLUNA DA VIT\u00d3RIA CVMARJ &#8211; 2021&#8221;.<\/p>\n\n\n\n<p>N\u00e3o haver\u00e1 estacionamento para ve\u00edculos civis, no Forte de Copacabana.<\/p>\n\n\n\n<p>S\u00f3cios sem viaturas, dever\u00e3o entrar em contato com outros que as possuam, para embarcar com eles no evento.<\/p>\n\n\n\n<p>Ideal quem n\u00e3o possuir viatura, usar taxi ou UBER, para o in\u00edcio e t\u00e9rmino do evento.<\/p>\n\n\n\n<p>Haver\u00e1 entrega de adesivos e diplomas para os participantes.<\/p>\n\n\n\n<p>Teremos caminh\u00e3o Socorro, na retaguarda do comboio.<\/p>\n\n\n\n<p>CUIDADOS PESSOAIS:<\/p>\n\n\n\n<p>_ BON\u00c9.<\/p>\n\n\n\n<p>_ \u00d3CULOS.<\/p>\n\n\n\n<p>_ MATERIAL DE HIGIENE PESSOAL.<\/p>\n\n\n\n<p>_ \u00c1GUA PARA CONSUMO.<\/p>\n\n\n\n<p>_ ROUPAS DE TROCA.<\/p>\n\n\n\n<p>_ ROUPAS DE FRIO.<\/p>\n\n\n\n<p>_ CAPA DE CHUVA.<\/p>\n\n\n\n<p>_ SE FOR DIRIGIR OU VIAJAR N\u00c3O BEBA.<\/p>\n\n\n\n<p>_ EVITE O USO DO CELULAR SE ESTIVER DIRIGINDO.<\/p>\n\n\n\n<p>_ CUMPRIREMOS RIGOROSAMENTE OS HOR\u00c1RIOS PREVISTOS E ATIVIDADES QUE<br>PARTICIPAREMOS.<\/p>\n\n\n\n<p>_ SOMOS UM GRUPO HETEROG\u00caNEO, ALGUNS NUNCA ESTIVERAM CONOSCO, CABE AOS<br>MAIS EXPERIENTES AJUDAR E ORIENTAR OS MAIS JOVENS.<\/p>\n\n\n\n<p>_ SA\u00cdMOS JUNTOS E CHEGAMOS JUNTOS.<\/p>\n\n\n\n<p>_ CUIDADO COM SEUS PERTENCES.<\/p>\n\n\n\n<p>_ TENHA DISCIPLINA CONSCIENTE.<\/p>\n\n\n\n<p>_ EM CASO DE D\u00daVIDAS, PERGUNTE.<\/p>\n\n\n\n<p>_ APROVEITE O PASSEIO, ELE NOS FOI OFERECIDO, PARA QUE POSSAMOS<br>APRESENTAR NOSSAS VIATURAS NAS COMEMORA\u00c7\u00d5ES DA INDEPEND\u00caNCIA DO BRASIL E DOS 76 ANOS DA VIT\u00d3RIA BRASILEIRA NA 2^ GM.<\/p>\n\n\n\n<p>_ SUCESSO NA MISS\u00c3O!<\/p>\n\n\n\n<p>CUIDADOS COM AS VIATURAS \/ ATEN\u00c7\u00c3O.<\/p>\n\n\n\n<p>_ DOCUMENTA\u00c7\u00c3O EM DIA.<\/p>\n\n\n\n<p>_ REVIS\u00c3O GERAL.<\/p>\n\n\n\n<p>_ REAPERTO GERAL<\/p>\n\n\n\n<p>_ MACACO, TRI\u00c2NGULO, EXTINTOR, CHAVE DE RODAS.<\/p>\n\n\n\n<p>_ FERRAMENTAS B\u00c1SICAS.<\/p>\n\n\n\n<p>_ CINTA\/CABO\/BARRA PARA REBOQUE.<\/p>\n\n\n\n<p>_ ITENS DE ALTA MORTALIDADE DE RESERVA.<\/p>\n\n\n\n<p>_ \u00c1GUA E COMBUST\u00cdVEL RESERVA.<\/p>\n\n\n\n<p>_ COLOCAR TOLDO, SE TIVER. CASO N\u00c3O TENHA, LEVAR CAPA DE CHUVA.<\/p>\n\n\n\n<p>_ LANTERNA.<\/p>\n\n\n\n<p>_ CABO DE CHUPETA.<\/p>\n\n\n\n<p>CONCLUS\u00c3O:<br>Com certeza, ser\u00e1 um grande evento, onde o amor \u00e0 P\u00e1tria, e aos nossos verdadeiros her\u00f3is, ser\u00e3o demonstrados de forma ordeira e pac\u00edfica, como cidad\u00e3os livres e com boas inten\u00e7\u00f5es junto a sociedade em geral, com o CVMARJ demonstrando mais uma vez o seu comprometimento com a preserva\u00e7\u00e3o da hist\u00f3ria militar brasileira.<\/p>\n\n\n\n<p>INDEPEND\u00caNCIA OU MORTE!<\/p>\n\n\n\n<p>A COBRA CONTINUA FUMANDO!<\/p>\n\n\n\n<p>SOMOS CVMARJ!<\/p>\n\n\n\n<p>VAMOS EM FRENTE!<\/p>\n\n\n\n<p>SUCESSO NA MISS\u00c3O!<\/p>\n\n\n\n<p>At.<\/p>\n\n\n\n<p>S\u00e9rgio Capella.<\/p>\n\n\n\n<p>Presidente do CVMARJ.<br>21 964863933.<\/p>\n\n\n\n<hr class=\"wp-block-separator is-style-wide\"\/>\n\n\n\n<figure class=\"wp-block-embed is-type-video is-provider-youtube wp-block-embed-youtube wp-embed-aspect-4-3 wp-has-aspect-ratio\"><div class=\"wp-block-embed__wrapper\">\n<div class=\"nv-iframe-embed\"><iframe title=\"JEEP CVMARJ ITAIPAVA 06\" width=\"1200\" height=\"900\" src=\"https:\/\/www.youtube.com\/embed\/mqrGYK9G3oY?feature=oembed\" frameborder=\"0\" allow=\"accelerometer; autoplay; clipboard-write; encrypted-media; gyroscope; picture-in-picture\" allowfullscreen><\/iframe><\/div>\n<\/div><\/figure>\n\n\n\n<p><strong>O EVENTO COLUNA DA VIT\u00d3RIA DO CVMARJ 2021, QUE VAI SER REALZADO NO DIA 07\/09\/2021, TER\u00c7A FEIRA, DIA DA INDEPEND\u00caNCIA DO BRASIL!<\/strong><\/p>\n\n\n\n<p>A ADES\u00c3O E CONFIRMA\u00c7\u00c3O DE V\u00c1RIAS VTRS MILITARES ANTIGAS, \u00c9 MUITO INPORTANTE.<\/p>\n\n\n\n<p>\u00c9 NOSSO DEVER, HOMENAGEAR NOSSOS COMBATENTES QUE SEGUIRAM PARA A IT\u00c1LIA, NA SEGUNDA GUERRA MUNDIAL.<\/p>\n\n\n\n<p>ATEN\u00c7\u00c3O, AS VTRS DEVEM ESTAR NO P\u00c1TIO DO CAMPO DE MARTE, AT\u00c9 \u00c0S 07:30 H.<br>A FORMATURA NO FORTE DE COPACABANA TER\u00c1 COMO UM DOS SEUS ATOS PRINCIPAIS, O HASTEAMENTO DA BANDEIRA NACIONAL, INICIA \u00c0S 08:00 H.<\/p>\n\n\n\n<p>TODOS DEVEM USAR M\u00c1SCARAS, ASSIM COMO SEUS COMPROVANTES DE VACINA\u00c7\u00c3O.<\/p>\n\n\n\n<p>VAMOS PARTICIPAR, ESSE COMO OUTROS EVENTOS DO CVMARJ, S\u00c3O DE PARTICIPA\u00c7\u00c3O VOLUNT\u00c1RIA, QUEM POR QUALQUER MOTIVO N\u00c3O QUISER OU PUDER COMPARECER, QUE FIQUE EM CASA.<\/p>\n\n\n\n<p>NOSSO EVENTO N\u00c3O TEM NENHUMA LIGA\u00c7\u00c3O POL\u00cdTICA\/PARTID\u00c1RIA, SAIREMOS DE COPACABANA, POR VOLTA DAS 08:30 H, SEGUINDO DIRETO PARA O MUSEU CONDE DE LINHARES, DEPOIS QUEM QUISER, SEGUE PARA TUBIACANGA, ONDE FAREMOS NOSSA COMEMORA\u00c7\u00c3O, POR ADES\u00c3O.<\/p>\n\n\n\n<p>AINDA TEMOS TEMPO DE RECUPERAR VTRS EM PANES DIVERSAS.<\/p>\n\n\n\n<p>J\u00c1 TEMOS 29 VTRS CONFIRMADAS.<\/p>\n\n\n\n<p>QUE DEUS CONTINUE NOS ABEN\u00c7OANDO.<\/p>\n\n\n\n<p>SOMOS CVMARJ!<\/p>\n\n\n\n<p>VAMOS EM FRENTE!<\/p>\n\n\n\n<p>A COBRA CONTINUA FUMANDO.<\/p>\n\n\n\n<hr class=\"wp-block-separator is-style-wide\"\/>\n\n\n\n<figure class=\"wp-block-embed is-type-video is-provider-vimeo wp-block-embed-vimeo wp-embed-aspect-16-9 wp-has-aspect-ratio\"><div class=\"wp-block-embed__wrapper\">\n<div class=\"nv-iframe-embed\"><iframe title=\"CVMARJ - Raid Rio de Janeiro\/Lumiar 2014\" src=\"https:\/\/player.vimeo.com\/video\/85467474?h=884729c88e&amp;dnt=1&amp;app_id=122963\" width=\"640\" height=\"354\" frameborder=\"0\" allow=\"autoplay; fullscreen; picture-in-picture\" allowfullscreen><\/iframe><\/div>\n<\/div><\/figure>\n\n\n\n<hr class=\"wp-block-separator is-style-wide\"\/>\n\n\n\n<p>BOM DIA!<\/p>\n\n\n\n<p>ESCREVA SEU NOME NA HIST\u00d3RIA DA PRESERVA\u00c7\u00c3O DA PARTICIPA\u00c7\u00c3O DO BRASIL NA 2\u00aa GUERRA MUNDIAL, E DO CVMARJ.<\/p>\n\n\n\n<p>PARTICIPE DA COLUNA DA VIT\u00d3RIA CVMARJ _ 2021.<\/p>\n\n\n\n<p>DIA 07 DE SETEMBRO DE 2021, TER\u00c7A FEIRA, FERIADO NACIONAL, DIA DA INDEPEND\u00caNCIA DO BRASIL, CONCENTRA\u00c7\u00c3O \u00c0S 07:0O H, NO FORTE DE COPACABANA, SEGUINDO \u00c0S 09:00 H, AT\u00c9 O MUSEU MILITAR CONDE DE LINHARES.<\/p>\n\n\n\n<figure class=\"wp-block-embed is-type-video is-provider-youtube wp-block-embed-youtube wp-embed-aspect-4-3 wp-has-aspect-ratio\"><div class=\"wp-block-embed__wrapper\">\n<div class=\"nv-iframe-embed\"><iframe title=\"70 anos da For\u00e7a Expedicion\u00e1ria Brasileira (FEB)\" width=\"1200\" height=\"900\" src=\"https:\/\/www.youtube.com\/embed\/5SNT0c4RuCw?feature=oembed\" frameborder=\"0\" allow=\"accelerometer; autoplay; clipboard-write; encrypted-media; gyroscope; picture-in-picture\" allowfullscreen><\/iframe><\/div>\n<\/div><\/figure>\n\n\n\n<p>PREPAREM SUAS VIATURAS: DIA 07 DE SETEMBRO DE 2021, TER\u00c7A FEIRA, TEREMOS<br> A <strong>&#8220;COLUNA DA VIT\u00d3RIA DO CVMARJ 2021&#8221;<\/strong><\/p>\n\n\n\n<hr class=\"wp-block-separator is-style-wide\"\/>\n\n\n\n<p><strong>ATEN\u00c7\u00c3O CANCELAMENTO DE ATIVIDADES DO CVMARJ!<\/strong><\/p>\n\n\n\n<p>INFORMAMOS QUE AS ATIVIDADES PREVISTAS PARA OS DIAS 14 E 15 DE AGOSTO DE 2021, EST\u00c3O CANCELADAS.<\/p>\n\n\n\n<p>AS DEMAIS ATIVIDADES PREVISTAS PARA AGOSTO, EST\u00c3O MANTIDAS.<\/p>\n\n\n\n<hr class=\"wp-block-separator is-style-wide\"\/>\n\n\n\n<p><strong>ATUALIZA\u00c7\u00c3O DAS ATIVIDADES MENSAIS DO CVMARJ _ AGOSTO DE 2021.<\/strong><\/p>\n\n\n\n<p>RIO DE JANEIRO, RJ, 12\/08\/2021.<\/p>\n\n\n\n<ul><li>14\/08\/2021, S\u00c1BADO:<br>_ VISITA AO MUSEU DO QUARTEL CENTRAL DO CORPO DE BOMBEIROS, E DEPOIS, ALMO\u00c7O POR ADES\u00c3O, NO CLUBE DE AERON\u00c1UTICA NA PRA\u00c7A XV ( CANCELADO ).<\/li><li>15\/08\/2021, DOMINGO:<br>_ ENCONTRO DO CVMARJ NO MUSEU MILITAR CONDE DE LINHARES ( CANCELADO ).<\/li><li>16\/08\/2021, SEGUNDA FEIRA:<br>_ VISITA DE REPRESENTA\u00c7\u00c3O DA DIRETORIA, \u00c0 AD\/1.<\/li><li>21\/08\/2021, S\u00c1BADO:<br>_ PORT\u00d5ES ABERTOS, NA SEDE DO CVMARJ.<\/li><li>28\/08\/2021, S\u00c1BADO: REUNI\u00c3O DA DIRETORIA E CONSELHO ELEITOS, EM TUBIACANGA.<\/li><\/ul>\n\n\n\n<p>OBSERVA\u00c7\u00c3O: PROGRAMA\u00c7\u00c3O PODE TER ALTERA\u00c7\u00d5ES.<\/p>\n\n\n\n<p>SOMOS CVMARJ!<\/p>\n\n\n\n<p>VAMOS EM FRENTE!<\/p>\n\n\n\n<p>AT.<\/p>\n\n\n\n<p>S\u00c9RGIO CAPELLA.<br>PRESIDENTE DO CVMARJ.<\/p>\n\n\n\n<hr class=\"wp-block-separator is-style-wide\"\/>\n\n\n\n<figure class=\"wp-block-image size-large\"><img loading=\"lazy\" decoding=\"async\" width=\"670\" height=\"1024\" src=\"https:\/\/cvmarj.org.br\/site\/wp-content\/uploads\/2021\/08\/df-670x1024.jpg\" alt=\"\" class=\"wp-image-2451\" srcset=\"https:\/\/cvmarj.org.br\/site\/wp-content\/uploads\/2021\/08\/df-670x1024.jpg 670w, https:\/\/cvmarj.org.br\/site\/wp-content\/uploads\/2021\/08\/df-196x300.jpg 196w, https:\/\/cvmarj.org.br\/site\/wp-content\/uploads\/2021\/08\/df.jpg 720w\" sizes=\"(max-width: 670px) 100vw, 670px\" \/><\/figure>\n\n\n\n<hr class=\"wp-block-separator is-style-wide\"\/>\n\n\n\n<p>Boas not\u00edcias!<\/p>\n\n\n\n<p>Fechamos com o MUSAL, uma visita de comitiva do CVMARJ, em setembro de 2021.<br>A foto acima foi uma das primeiras visitas que o Clube, fez \u00e0 esse que \u00e9 um dos melhores museus de avia\u00e7\u00e3o do mundo, que conta a hist\u00f3ria da avia\u00e7\u00e3o brasileira, onde j\u00e1 estivemos em v\u00e1rios eventos.<br>Passeio imperd\u00edvel!<\/p>\n\n\n\n<p>VAMOS EM FRENTE!<\/p>\n\n\n\n<p>SOMOS CVMARJ!<\/p>\n\n\n\n<p>At.<\/p>\n\n\n\n<p>S\u00e9rgio Capella.<br>Presidente do CVMARJ.<\/p>\n\n\n\n\n\n<hr class=\"wp-block-separator is-style-wide\"\/>\n\n\n\n<p>Um pai disse ao filho: Voc\u00ea se formou com honra, aqui est\u00e1 um &#8216;Volkswagen Sedan&#8217; que eu comprei h\u00e1 muitos anos \u2026 Tem mais de 50 anos, mas antes de eu dar a voc\u00ea, leve-o ao estacionamento do centro e diga a eles &#8221; Quero vend\u00ea-lo&#8221; e descobrir quanto eles oferecem a voc\u00ea. O filho foi ao estacionamento de carros usados, voltou para o pai e disse: Eles me ofereceram 2.000 porque parece muito desgastado. O pai disse: &#8220;Leve-o \u00e0 loja de penhores&#8221;. O filho foi \u00e0 loja de penhores, voltou e disse-lhe; &#8220;A loja de penhores ofereceu apenas 1.000, supostamente porque o carro \u00e9 muito antigo&#8221; Finalmente, o pai pediu ao filho para ir a um clube de carros antigos e mostrar-lhes o carro. O filho levou o carro ao clube, voltou e disse ao pai: Algumas pessoas no clube ofereceram 70.000 ! para ele, uma vez que \u00e9 um &#8220;carro muito \u00fanico e procurado entre os membros do clube&#8221;. O pai disse ao filho: Eu queria que voc\u00ea soubesse que o lugar certo valoriza voc\u00ea da maneira certa. Se voc\u00ea n\u00e3o \u00e9 valorizado, n\u00e3o fique com raiva, isso significa que voc\u00ea est\u00e1 no lugar errado; &#8220;Quem conhece o seu valor \u00e9 quem o aprecia. Nunca fique no lugar em que n\u00e3o v\u00eam o seu valor!!!<\/p>\n\n\n\n<figure class=\"wp-block-gallery columns-3 is-cropped wp-block-gallery-5 is-layout-flex wp-block-gallery-is-layout-flex\"><ul class=\"blocks-gallery-grid\"><li class=\"blocks-gallery-item\"><figure><img loading=\"lazy\" decoding=\"async\" width=\"635\" height=\"476\" src=\"https:\/\/cvmarj.org.br\/site\/wp-content\/uploads\/2021\/08\/c19a44a8-4950-4fdc-a81a-1cabf58a6b32-1.jpg\" alt=\"\" data-id=\"2437\" data-full-url=\"https:\/\/cvmarj.org.br\/site\/wp-content\/uploads\/2021\/08\/c19a44a8-4950-4fdc-a81a-1cabf58a6b32-1.jpg\" data-link=\"https:\/\/cvmarj.org.br\/site\/index.php\/2021\/05\/05\/noticias\/c19a44a8-4950-4fdc-a81a-1cabf58a6b32-1\/\" class=\"wp-image-2437\" srcset=\"https:\/\/cvmarj.org.br\/site\/wp-content\/uploads\/2021\/08\/c19a44a8-4950-4fdc-a81a-1cabf58a6b32-1.jpg 635w, https:\/\/cvmarj.org.br\/site\/wp-content\/uploads\/2021\/08\/c19a44a8-4950-4fdc-a81a-1cabf58a6b32-1-300x225.jpg 300w\" sizes=\"(max-width: 635px) 100vw, 635px\" \/><\/figure><\/li><li class=\"blocks-gallery-item\"><figure><img loading=\"lazy\" decoding=\"async\" width=\"554\" height=\"554\" src=\"https:\/\/cvmarj.org.br\/site\/wp-content\/uploads\/2021\/08\/f8a4288b-6b52-4594-92f3-58a5ddc9ca2a-1.jpg\" alt=\"\" data-id=\"2438\" data-full-url=\"https:\/\/cvmarj.org.br\/site\/wp-content\/uploads\/2021\/08\/f8a4288b-6b52-4594-92f3-58a5ddc9ca2a-1.jpg\" data-link=\"https:\/\/cvmarj.org.br\/site\/index.php\/2021\/05\/05\/noticias\/f8a4288b-6b52-4594-92f3-58a5ddc9ca2a-1\/\" class=\"wp-image-2438\" srcset=\"https:\/\/cvmarj.org.br\/site\/wp-content\/uploads\/2021\/08\/f8a4288b-6b52-4594-92f3-58a5ddc9ca2a-1.jpg 554w, https:\/\/cvmarj.org.br\/site\/wp-content\/uploads\/2021\/08\/f8a4288b-6b52-4594-92f3-58a5ddc9ca2a-1-300x300.jpg 300w, https:\/\/cvmarj.org.br\/site\/wp-content\/uploads\/2021\/08\/f8a4288b-6b52-4594-92f3-58a5ddc9ca2a-1-150x150.jpg 150w\" sizes=\"(max-width: 554px) 100vw, 554px\" \/><\/figure><\/li><li class=\"blocks-gallery-item\"><figure><img loading=\"lazy\" decoding=\"async\" width=\"500\" height=\"333\" src=\"https:\/\/cvmarj.org.br\/site\/wp-content\/uploads\/2021\/08\/36fda3fd-368b-4121-8053-7c564c31db51-1.jpg\" alt=\"\" data-id=\"2439\" data-full-url=\"https:\/\/cvmarj.org.br\/site\/wp-content\/uploads\/2021\/08\/36fda3fd-368b-4121-8053-7c564c31db51-1.jpg\" data-link=\"https:\/\/cvmarj.org.br\/site\/index.php\/2021\/05\/05\/noticias\/36fda3fd-368b-4121-8053-7c564c31db51-1\/\" class=\"wp-image-2439\" srcset=\"https:\/\/cvmarj.org.br\/site\/wp-content\/uploads\/2021\/08\/36fda3fd-368b-4121-8053-7c564c31db51-1.jpg 500w, https:\/\/cvmarj.org.br\/site\/wp-content\/uploads\/2021\/08\/36fda3fd-368b-4121-8053-7c564c31db51-1-300x200.jpg 300w\" sizes=\"(max-width: 500px) 100vw, 500px\" \/><\/figure><\/li><li class=\"blocks-gallery-item\"><figure><img loading=\"lazy\" decoding=\"async\" width=\"276\" height=\"183\" src=\"https:\/\/cvmarj.org.br\/site\/wp-content\/uploads\/2021\/08\/07730984-66a3-44df-a99e-3be032c8af18-1.jpg\" alt=\"\" data-id=\"2440\" data-full-url=\"https:\/\/cvmarj.org.br\/site\/wp-content\/uploads\/2021\/08\/07730984-66a3-44df-a99e-3be032c8af18-1.jpg\" data-link=\"https:\/\/cvmarj.org.br\/site\/index.php\/2021\/05\/05\/noticias\/07730984-66a3-44df-a99e-3be032c8af18-1\/\" class=\"wp-image-2440\"\/><\/figure><\/li><li class=\"blocks-gallery-item\"><figure><img loading=\"lazy\" decoding=\"async\" width=\"568\" height=\"381\" src=\"https:\/\/cvmarj.org.br\/site\/wp-content\/uploads\/2021\/08\/0aecd160-a707-4ec2-b570-c22137b17f11.jpg\" alt=\"\" data-id=\"2441\" data-full-url=\"https:\/\/cvmarj.org.br\/site\/wp-content\/uploads\/2021\/08\/0aecd160-a707-4ec2-b570-c22137b17f11.jpg\" data-link=\"https:\/\/cvmarj.org.br\/site\/index.php\/2021\/05\/05\/noticias\/0aecd160-a707-4ec2-b570-c22137b17f11\/\" class=\"wp-image-2441\" srcset=\"https:\/\/cvmarj.org.br\/site\/wp-content\/uploads\/2021\/08\/0aecd160-a707-4ec2-b570-c22137b17f11.jpg 568w, https:\/\/cvmarj.org.br\/site\/wp-content\/uploads\/2021\/08\/0aecd160-a707-4ec2-b570-c22137b17f11-300x201.jpg 300w\" sizes=\"(max-width: 568px) 100vw, 568px\" \/><\/figure><\/li><\/ul><\/figure>\n\n\n\n<hr class=\"wp-block-separator is-style-wide\"\/>\n\n\n\n<p><strong>EME aprova a Diretriz de Implanta\u00e7\u00e3o do Projeto de Moderniza\u00e7\u00e3o de 201 viaturas EE-9 Cascavel<\/strong><\/p>\n\n\n\n<div class=\"wp-block-buttons is-layout-flex wp-block-buttons-is-layout-flex\">\n<div class=\"wp-block-button\"><a class=\"wp-block-button__link\" href=\"https:\/\/www.defesaaereanaval.com.br\/exercito\/eme-aprova-a-diretriz-de-implantacao-do-projeto-de-modernizacao-de-201-viaturas-ee-9-cascavel\">SAIBA MAIS<\/a><\/div>\n<\/div>\n\n\n\n<hr class=\"wp-block-separator is-style-wide\"\/>\n\n\n\n<figure class=\"wp-block-embed is-type-video is-provider-youtube wp-block-embed-youtube wp-embed-aspect-16-9 wp-has-aspect-ratio\"><div class=\"wp-block-embed__wrapper\">\n<div class=\"nv-iframe-embed\"><iframe title=\"Meu pai, minha inspira\u00e7\u00e3o | TV CML\" width=\"1200\" height=\"675\" src=\"https:\/\/www.youtube.com\/embed\/WmYHjNAd86A?feature=oembed\" frameborder=\"0\" allow=\"accelerometer; autoplay; clipboard-write; encrypted-media; gyroscope; picture-in-picture\" allowfullscreen><\/iframe><\/div>\n<\/div><\/figure>\n\n\n\n<hr class=\"wp-block-separator is-style-wide\"\/>\n\n\n\n<blockquote class=\"wp-block-quote\"><p><strong>Semin\u00e1rio Tem\u00e1tico &#8220;Marechal Oswaldo Cordeiro de Farias: um l\u00edder estrat\u00e9gico e militar&#8221;<\/strong><\/p><cite>A Diretoria do Patrim\u00f4nio Hist\u00f3rico e Cultural do Ex\u00e9rcito (DPHCEx), por interm\u00e9dio do seu Centro de Estudos e Pesquisas de Hist\u00f3ria Militar do Ex\u00e9rcito (CEPHiMEX), em parceria com o Centro de Estudos Estrat\u00e9gicos Marechal Cordeiro de Farias (CEE-CF) da ESG, Instituto de Geografia e Hist\u00f3ria Militar do Brasil (IGHMB) e o Comando da Artilharia Division\u00e1ria da 1\u00aa DE (Cmdo da AD\/1), convidam para o Semin\u00e1rio Tem\u00e1tico &#8220;Marechal Oswaldo Cordeiro de Farias: um l\u00edder estrat\u00e9gico e militar&#8221;, que ser\u00e1 realizado na modalidade online, nos dias 17 e 18 de agosto, a partir das 14 horas, pelo hor\u00e1rio de Bras\u00edlia. As inscri\u00e7\u00f5es podem ser feitas no endere\u00e7o:<\/cite><\/blockquote>\n\n\n\n<figure class=\"wp-block-image size-large\"><img loading=\"lazy\" decoding=\"async\" width=\"1024\" height=\"1024\" src=\"https:\/\/cvmarj.org.br\/site\/wp-content\/uploads\/2021\/08\/3dd66457-f078-4223-a250-0698d7047ed7-1024x1024.jpg\" alt=\"\" class=\"wp-image-2408\" srcset=\"https:\/\/cvmarj.org.br\/site\/wp-content\/uploads\/2021\/08\/3dd66457-f078-4223-a250-0698d7047ed7-1024x1024.jpg 1024w, https:\/\/cvmarj.org.br\/site\/wp-content\/uploads\/2021\/08\/3dd66457-f078-4223-a250-0698d7047ed7-300x300.jpg 300w, https:\/\/cvmarj.org.br\/site\/wp-content\/uploads\/2021\/08\/3dd66457-f078-4223-a250-0698d7047ed7-150x150.jpg 150w, https:\/\/cvmarj.org.br\/site\/wp-content\/uploads\/2021\/08\/3dd66457-f078-4223-a250-0698d7047ed7-768x768.jpg 768w, https:\/\/cvmarj.org.br\/site\/wp-content\/uploads\/2021\/08\/3dd66457-f078-4223-a250-0698d7047ed7.jpg 1080w\" sizes=\"(max-width: 1024px) 100vw, 1024px\" \/><\/figure>\n\n\n\n<div class=\"wp-block-buttons is-layout-flex wp-block-buttons-is-layout-flex\">\n<div class=\"wp-block-button\"><a class=\"wp-block-button__link\" href=\"https:\/\/www.sympla.com.br\/seminario-tematico-marechal-oswaldo-cordeiro-de-farias-um-lider-estrategico-e-militar__1303616\">saiba mais<\/a><\/div>\n<\/div>\n\n\n\n<hr class=\"wp-block-separator is-style-wide\"\/>\n\n\n\n<p>No dia 05 dia de agosto de 2021, o Senhor Sefferson Steindorff &#8211; Diretor do Museu Militar Brasileiro, participou da Solenidade alusiva ao 113\u00ba anivers\u00e1rio de cria\u00e7\u00e3o da \u201cDivis\u00e3o Encoura\u00e7ada\u201d, realizado na 3\u00aa DE de Santa Maria &#8211; RS. Na primeira foto encontram-se o Senhor Sefferson Steindorff, Senhor General de Divis\u00e3o Hertz Pires do Nascimento &#8211; Comandante da 3\u00aa DE e o Senhor General Paix\u00e3o &#8211; Comandante da AD3 de Cruz Alta &#8211; RS. Na segunda foto encontram-se o Senhor Sefferson Steindorff e o Senhor General de Brigada Luiz Alberto Cureau J\u00fanior &#8211; Comandante da Brigada \u201cNiederauer\u201d.<\/p>\n\n\n\n<figure class=\"wp-block-image size-large\"><img loading=\"lazy\" decoding=\"async\" width=\"1024\" height=\"545\" src=\"http:\/\/cvmarj.org.br\/site\/wp-content\/uploads\/2021\/08\/10ad757f-be5d-4b53-81f2-f4480a007b8c-1024x545.jpg\" alt=\"\" class=\"wp-image-2399\" srcset=\"https:\/\/cvmarj.org.br\/site\/wp-content\/uploads\/2021\/08\/10ad757f-be5d-4b53-81f2-f4480a007b8c-1024x545.jpg 1024w, https:\/\/cvmarj.org.br\/site\/wp-content\/uploads\/2021\/08\/10ad757f-be5d-4b53-81f2-f4480a007b8c-300x160.jpg 300w, https:\/\/cvmarj.org.br\/site\/wp-content\/uploads\/2021\/08\/10ad757f-be5d-4b53-81f2-f4480a007b8c-768x409.jpg 768w, https:\/\/cvmarj.org.br\/site\/wp-content\/uploads\/2021\/08\/10ad757f-be5d-4b53-81f2-f4480a007b8c.jpg 1082w\" sizes=\"(max-width: 1024px) 100vw, 1024px\" \/><\/figure>\n\n\n\n<hr class=\"wp-block-separator is-style-wide\"\/>\n\n\n\n<h2 class=\"wp-block-heading\"><strong>CENSO DA FEB 2020-2021<\/strong><\/h2>\n\n\n\n<div class=\"wp-block-buttons is-layout-flex wp-block-buttons-is-layout-flex\">\n<div class=\"wp-block-button\"><a class=\"wp-block-button__link\" href=\"https:\/\/www.casadafeb.com\/censo-da-feb-2020\">saiba mais<\/a><\/div>\n<\/div>\n\n\n\n<hr class=\"wp-block-separator is-style-wide\"\/>\n\n\n\n<blockquote class=\"wp-block-quote\"><p><\/p><cite>Bom dia.<br>Estamos finalizando as ATIVIDADES MENSAIS DE AGOSTO de 2021.<br>Teremos muita a\u00e7\u00e3o e emo\u00e7\u00e3o.<br>Esse p\u0155oximo fim de semana, com preparativos e manuten\u00e7\u00e3o das viaturas.<br>Em todos os outros fins de semana de outubro, teremos excelentes atividades.<br>Contamos com os amigos.<br>VAMOS EM FRENTE!<br>SOMOS CVMARJ!<br>At.<br>S\u00e9rgio Capella<br>Presidente do CVMARJ<\/cite><\/blockquote>\n\n\n\n<figure class=\"wp-block-image size-full\"><img loading=\"lazy\" decoding=\"async\" width=\"640\" height=\"480\" src=\"https:\/\/cvmarj.org.br\/site\/wp-content\/uploads\/2021\/08\/14394902-520e-4e0d-9856-b44fc961fd87.jpg\" alt=\"\" class=\"wp-image-2391\" srcset=\"https:\/\/cvmarj.org.br\/site\/wp-content\/uploads\/2021\/08\/14394902-520e-4e0d-9856-b44fc961fd87.jpg 640w, https:\/\/cvmarj.org.br\/site\/wp-content\/uploads\/2021\/08\/14394902-520e-4e0d-9856-b44fc961fd87-300x225.jpg 300w\" sizes=\"(max-width: 640px) 100vw, 640px\" \/><\/figure>\n\n\n\n<div class=\"wp-block-media-text alignwide is-stacked-on-mobile\"><figure class=\"wp-block-media-text__media\"><img loading=\"lazy\" decoding=\"async\" width=\"1024\" height=\"497\" src=\"http:\/\/cvmarj.org.br\/site\/wp-content\/uploads\/2021\/07\/1af00f05-0df9-497d-adc2-d2716d56e64f-1024x497.jpg\" alt=\"\" class=\"wp-image-2317 size-full\" srcset=\"https:\/\/cvmarj.org.br\/site\/wp-content\/uploads\/2021\/07\/1af00f05-0df9-497d-adc2-d2716d56e64f-1024x497.jpg 1024w, https:\/\/cvmarj.org.br\/site\/wp-content\/uploads\/2021\/07\/1af00f05-0df9-497d-adc2-d2716d56e64f-300x146.jpg 300w, https:\/\/cvmarj.org.br\/site\/wp-content\/uploads\/2021\/07\/1af00f05-0df9-497d-adc2-d2716d56e64f-768x373.jpg 768w, https:\/\/cvmarj.org.br\/site\/wp-content\/uploads\/2021\/07\/1af00f05-0df9-497d-adc2-d2716d56e64f-1536x746.jpg 1536w, https:\/\/cvmarj.org.br\/site\/wp-content\/uploads\/2021\/07\/1af00f05-0df9-497d-adc2-d2716d56e64f.jpg 1600w\" sizes=\"(max-width: 1024px) 100vw, 1024px\" \/><\/figure><div class=\"wp-block-media-text__content\">\n<blockquote class=\"wp-block-quote\"><p>Visita ao Quartel Central <br>do Corpo de Bombeiros<br><br><br><strong><a rel=\"noreferrer noopener\" href=\"https:\/\/cvmarj.org.br\/site\/index.php\/2021\/07\/29\/visita-ao-quartel-central-do-corpo-de-bombeiros\/\" data-type=\"URL\" target=\"_blank\">CLIQUE AQUI E SAIBA MAIS<\/a><\/strong><\/p><\/blockquote>\n<\/div><\/div>\n\n\n\n<hr class=\"wp-block-separator is-style-wide\"\/>\n\n\n\n<blockquote class=\"wp-block-quote has-text-align-center\"><p><strong>Parab\u00e9ns aos motociclistas do CVMARJ e amigos, pelo seu dia.<\/strong><\/p><\/blockquote>\n\n\n\n<figure class=\"wp-block-gallery columns-3 is-cropped wp-block-gallery-6 is-layout-flex wp-block-gallery-is-layout-flex\"><ul class=\"blocks-gallery-grid\"><li class=\"blocks-gallery-item\"><figure><img loading=\"lazy\" decoding=\"async\" width=\"768\" height=\"1024\" src=\"https:\/\/cvmarj.org.br\/site\/wp-content\/uploads\/2021\/07\/f0854c6c-731c-403c-8baf-db6c8e26c76d-768x1024.jpg\" alt=\"\" data-id=\"2296\" data-full-url=\"https:\/\/cvmarj.org.br\/site\/wp-content\/uploads\/2021\/07\/f0854c6c-731c-403c-8baf-db6c8e26c76d.jpg\" data-link=\"https:\/\/cvmarj.org.br\/site\/index.php\/2021\/05\/05\/noticias\/f0854c6c-731c-403c-8baf-db6c8e26c76d\/\" class=\"wp-image-2296\" srcset=\"https:\/\/cvmarj.org.br\/site\/wp-content\/uploads\/2021\/07\/f0854c6c-731c-403c-8baf-db6c8e26c76d-768x1024.jpg 768w, https:\/\/cvmarj.org.br\/site\/wp-content\/uploads\/2021\/07\/f0854c6c-731c-403c-8baf-db6c8e26c76d-225x300.jpg 225w, https:\/\/cvmarj.org.br\/site\/wp-content\/uploads\/2021\/07\/f0854c6c-731c-403c-8baf-db6c8e26c76d.jpg 864w\" sizes=\"(max-width: 768px) 100vw, 768px\" \/><\/figure><\/li><li class=\"blocks-gallery-item\"><figure><img loading=\"lazy\" decoding=\"async\" width=\"1024\" height=\"768\" src=\"https:\/\/cvmarj.org.br\/site\/wp-content\/uploads\/2021\/07\/3cad5e58-7d66-4b73-b0c6-9ad30747b94f-1024x768.jpg\" alt=\"\" data-id=\"2298\" data-full-url=\"https:\/\/cvmarj.org.br\/site\/wp-content\/uploads\/2021\/07\/3cad5e58-7d66-4b73-b0c6-9ad30747b94f.jpg\" data-link=\"https:\/\/cvmarj.org.br\/site\/index.php\/2021\/05\/05\/noticias\/3cad5e58-7d66-4b73-b0c6-9ad30747b94f\/\" class=\"wp-image-2298\" srcset=\"https:\/\/cvmarj.org.br\/site\/wp-content\/uploads\/2021\/07\/3cad5e58-7d66-4b73-b0c6-9ad30747b94f-1024x768.jpg 1024w, https:\/\/cvmarj.org.br\/site\/wp-content\/uploads\/2021\/07\/3cad5e58-7d66-4b73-b0c6-9ad30747b94f-300x225.jpg 300w, https:\/\/cvmarj.org.br\/site\/wp-content\/uploads\/2021\/07\/3cad5e58-7d66-4b73-b0c6-9ad30747b94f-768x576.jpg 768w, https:\/\/cvmarj.org.br\/site\/wp-content\/uploads\/2021\/07\/3cad5e58-7d66-4b73-b0c6-9ad30747b94f.jpg 1280w\" sizes=\"(max-width: 1024px) 100vw, 1024px\" \/><\/figure><\/li><li class=\"blocks-gallery-item\"><figure><img loading=\"lazy\" decoding=\"async\" width=\"1024\" height=\"768\" src=\"https:\/\/cvmarj.org.br\/site\/wp-content\/uploads\/2021\/07\/781dce53-20d9-48a2-9e18-6417b9492076-1024x768.jpg\" alt=\"\" data-id=\"2299\" data-full-url=\"https:\/\/cvmarj.org.br\/site\/wp-content\/uploads\/2021\/07\/781dce53-20d9-48a2-9e18-6417b9492076.jpg\" data-link=\"https:\/\/cvmarj.org.br\/site\/index.php\/2021\/05\/05\/noticias\/781dce53-20d9-48a2-9e18-6417b9492076\/\" class=\"wp-image-2299\" srcset=\"https:\/\/cvmarj.org.br\/site\/wp-content\/uploads\/2021\/07\/781dce53-20d9-48a2-9e18-6417b9492076-1024x768.jpg 1024w, https:\/\/cvmarj.org.br\/site\/wp-content\/uploads\/2021\/07\/781dce53-20d9-48a2-9e18-6417b9492076-300x225.jpg 300w, https:\/\/cvmarj.org.br\/site\/wp-content\/uploads\/2021\/07\/781dce53-20d9-48a2-9e18-6417b9492076-768x576.jpg 768w, https:\/\/cvmarj.org.br\/site\/wp-content\/uploads\/2021\/07\/781dce53-20d9-48a2-9e18-6417b9492076.jpg 1152w\" sizes=\"(max-width: 1024px) 100vw, 1024px\" \/><\/figure><\/li><li class=\"blocks-gallery-item\"><figure><img loading=\"lazy\" decoding=\"async\" width=\"1024\" height=\"449\" src=\"https:\/\/cvmarj.org.br\/site\/wp-content\/uploads\/2021\/07\/6c3d0772-8d99-495c-9fa0-978da21a4d01-1024x449.jpg\" alt=\"\" data-id=\"2300\" data-full-url=\"https:\/\/cvmarj.org.br\/site\/wp-content\/uploads\/2021\/07\/6c3d0772-8d99-495c-9fa0-978da21a4d01.jpg\" data-link=\"https:\/\/cvmarj.org.br\/site\/index.php\/2021\/05\/05\/noticias\/6c3d0772-8d99-495c-9fa0-978da21a4d01\/\" class=\"wp-image-2300\" srcset=\"https:\/\/cvmarj.org.br\/site\/wp-content\/uploads\/2021\/07\/6c3d0772-8d99-495c-9fa0-978da21a4d01-1024x449.jpg 1024w, https:\/\/cvmarj.org.br\/site\/wp-content\/uploads\/2021\/07\/6c3d0772-8d99-495c-9fa0-978da21a4d01-300x131.jpg 300w, https:\/\/cvmarj.org.br\/site\/wp-content\/uploads\/2021\/07\/6c3d0772-8d99-495c-9fa0-978da21a4d01-768x337.jpg 768w, https:\/\/cvmarj.org.br\/site\/wp-content\/uploads\/2021\/07\/6c3d0772-8d99-495c-9fa0-978da21a4d01.jpg 1280w\" sizes=\"(max-width: 1024px) 100vw, 1024px\" \/><\/figure><\/li><\/ul><\/figure>\n\n\n\n<hr class=\"wp-block-separator is-style-wide\"\/>\n\n\n\n<figure class=\"wp-block-image size-large\"><img loading=\"lazy\" decoding=\"async\" width=\"980\" height=\"1024\" src=\"https:\/\/cvmarj.org.br\/site\/wp-content\/uploads\/2021\/07\/713d12b9-66fd-4218-9ede-589a33e72b5b-980x1024.jpg\" alt=\"\" class=\"wp-image-2267\" srcset=\"https:\/\/cvmarj.org.br\/site\/wp-content\/uploads\/2021\/07\/713d12b9-66fd-4218-9ede-589a33e72b5b-980x1024.jpg 980w, https:\/\/cvmarj.org.br\/site\/wp-content\/uploads\/2021\/07\/713d12b9-66fd-4218-9ede-589a33e72b5b-287x300.jpg 287w, https:\/\/cvmarj.org.br\/site\/wp-content\/uploads\/2021\/07\/713d12b9-66fd-4218-9ede-589a33e72b5b-768x803.jpg 768w, https:\/\/cvmarj.org.br\/site\/wp-content\/uploads\/2021\/07\/713d12b9-66fd-4218-9ede-589a33e72b5b.jpg 1170w\" sizes=\"(max-width: 980px) 100vw, 980px\" \/><\/figure>\n\n\n\n<hr class=\"wp-block-separator is-style-wide\"\/>\n\n\n\n<blockquote class=\"wp-block-quote\"><p>DOMINGO, 18\/07\/2021,<\/p><cite> \u00c9 DIA DE PASSEAR COM VTR MILITAR ANTIGA, E CHURRASCO DO CVMARJ!<\/cite><\/blockquote>\n\n\n\n<hr class=\"wp-block-separator is-style-wide\"\/>\n\n\n\n<figure class=\"wp-block-image size-large\"><img loading=\"lazy\" decoding=\"async\" width=\"711\" height=\"1024\" src=\"https:\/\/cvmarj.org.br\/site\/wp-content\/uploads\/2021\/07\/25f243d1-0efe-4804-8729-8c6e73fd7995-711x1024.jpg\" alt=\"\" class=\"wp-image-2261\" srcset=\"https:\/\/cvmarj.org.br\/site\/wp-content\/uploads\/2021\/07\/25f243d1-0efe-4804-8729-8c6e73fd7995-711x1024.jpg 711w, https:\/\/cvmarj.org.br\/site\/wp-content\/uploads\/2021\/07\/25f243d1-0efe-4804-8729-8c6e73fd7995-208x300.jpg 208w, https:\/\/cvmarj.org.br\/site\/wp-content\/uploads\/2021\/07\/25f243d1-0efe-4804-8729-8c6e73fd7995-768x1106.jpg 768w, https:\/\/cvmarj.org.br\/site\/wp-content\/uploads\/2021\/07\/25f243d1-0efe-4804-8729-8c6e73fd7995.jpg 940w\" sizes=\"(max-width: 711px) 100vw, 711px\" \/><\/figure>\n\n\n\n<blockquote class=\"wp-block-quote\"><p><strong>Boa noite amigos.<\/strong><\/p><cite>Semana muito produtiva, projetos em fase de finaliza\u00e7\u00e3o, bastante trabalho, visitas, reuni\u00f5es, trocas de emails, liga\u00e7\u00f5es, ZAPs, enfim, o CVMARJ, n\u00e3o para.<br>Seguimos sempre em frente!<br>Agora, por volta das 20:00 h, dever\u00edamos estar chegando em QUELUZ, para as comemora\u00e7\u00f5es de mais um anivers\u00e1rio da REVOLU\u00c7\u00c3O CONSTITUCIONALISTA DE 1932, mas com\u00e9mora\u00e7\u00f5es foram canceladas em virtude da pandemia.<br>Nesse fim de semana, dois eventos amplamente divulgados, s\u00f3 n\u00e3o comparece quem n\u00e3o pode ou n\u00e3o quer<br>Alguns S\u00f3cios ainda n\u00e3o conseguiram saudar suas anuidades, contamos com o entendimento e ajuda de todos.<br>Teremos ainda mais 3 atividades em julho.<br>Pr\u00f3xima semana, 3 reuni\u00f5es no CML, vem coisas boas por a\u00ed\u2026<br>Dia 24, port\u00f5es abertos na nossa sede, em TUBIACANGA na Ilha do Governador, est\u00e3o todos convidados.<br>Realmente, somos diferenciados.<br>P\u00e1gina, www.cvmarj.org.br com mais de 15.000 visitas, 11 redes sociais, nova mat\u00e9ria no Jornal M\u00e1is Off Road.<br>Em breve reuni\u00e3o da Diretoria e Conselho eleitos, e depois ASSEMBL\u00c9IA GERAL!<br>AVANTE CVMARJ!<br>SOMOS CVMARJ!<br>VAMOS EM FRENTE!<br>At.<br>S\u00e9rgio Capella.<br>Presidente do CVMARJ.<\/cite><\/blockquote>\n\n\n\n<blockquote class=\"wp-block-quote\"><p><strong>Anivers\u00e1rio dos 19 anos de funda\u00e7\u00e3o do CVMARJ, \u00e9 mat\u00e9ria de destaque no Jorn\u00e1l MAIS OFF ROAD.<\/strong> Edi\u00e7\u00e3o 205 ( Julho 2021)<\/p><cite><a href=\"https:\/\/maisoffroad.com\/maisoffroad\/ed205\/index.html\" data-type=\"URL\" data-id=\"https:\/\/maisoffroad.com\/maisoffroad\/ed205\/index.html\">https:\/\/maisoffroad.com\/maisoffroad\/ed205\/index.html<\/a><\/cite><\/blockquote>\n\n\n\n<hr class=\"wp-block-separator is-style-wide\"\/>\n\n\n\n<blockquote class=\"wp-block-quote\"><p><strong>Voc\u00ea sabe como surgiu a utiliza\u00e7\u00e3o da boina preta pelos militares?<\/strong><\/p><cite><br>A origem da boina como cobertura de uso militar remonta a 1\u00aa Guerra Mundial. Naquele conflito surgiram os primeiros carros de combate e devido a manuten\u00e7\u00e3o desses carros, os integrantes da guarni\u00e7\u00e3o se apresentavam constantemente sujos de manchas de \u00f3leo e graxa. Nesse sentido, foi percebido que havia a necessidade de substituir o velho capacete de a\u00e7o por uma cobertura que desse maior agilidade e conforto \u00e0 guarni\u00e7\u00e3o embarcada. A cor preta foi selecionada para ser a cobertura das guarni\u00e7\u00f5es blindadas, por seu material n\u00e3o deixar t\u00e3o evidente as inevit\u00e1veis manchas de graxa e \u00f3leo geradas durante o trabalho com os ve\u00edculos, dando uma melhor apresenta\u00e7\u00e3o \u00e0 tropa.<br>Em 02 de abril de 1979, foi autorizado o uso da boina preta como pe\u00e7a do uniforme dos militares das unidades e subunidades de cavalaria blindada e mecanizada. Em 23 de dezembro de 1980, a Portaria Ministerial N\u00ba 1550 estendeu o uso da boina preta \u00e0s unidades integrantes de brigadas blindadas e mecanizadas.<br>Atualmente, a entrega da boina \u00e9 realizada durante uma solenidade militar e possui um grande significado para os jovens rec\u00e9m-incorporados. A solenidade ocorre, normalmente, ao final da primeira fase do ano de instru\u00e7\u00e3o, ap\u00f3s o militar j\u00e1 haver superado semanas de instru\u00e7\u00e3o e exerc\u00edcios no terreno. Nesse sentido, a boina traduz a dedica\u00e7\u00e3o, o entusiasmo e a vibra\u00e7\u00e3o dos jovens rec\u00e9m-incorporados, que foram capazes de superar as dificuldades da instru\u00e7\u00e3o militar.<br>vidadesoldado #uniforme #boinapreta<br> <br> Por isso usamos a BOINA PRETA nos nosssos unifo\u0155mes operacionais.<\/cite><\/blockquote>\n\n\n\n<hr class=\"wp-block-separator is-style-wide\"\/>\n\n\n\n<p>Boa tarde.<br>Evento no MUSEU CONDE DE LINHARES, est\u00e1 cancelado pe\u013ao Diretor do Forte de COPACABANA.<br>Oportunamente, passaremos maiores informa\u00e7\u00f5es.<br>Pedimos desculpas \u00e0 todos os envolvidos no processo.<br>SOMOS CVMARJ!<\/p>\n\n\n\n<p>VAMOS EM FRENTE!<\/p>\n\n\n\n<p>At.<\/p>\n\n\n\n<p>S\u00e9rgio Capella.<br>Presidente do CVMARJ.<\/p>\n\n\n\n<hr class=\"wp-block-separator is-style-wide\"\/>\n\n\n\n<p>Fonte:   <a href=\"http:\/\/www.cibld.eb.mil.br\/index.php\/ultimas-noticias\/144-entrega-da-boina\">http:\/\/www.cibld.eb.mil.br\/index.php\/ultimas-noticias\/144-entrega-da-boina<\/a><\/p>\n\n\n\n<figure class=\"wp-block-embed is-type-wp-embed is-provider-cvmarj wp-block-embed-cvmarj\"><div class=\"wp-block-embed__wrapper\">\n<blockquote class=\"wp-embedded-content\" data-secret=\"EPaea0Vwy0\"><a href=\"https:\/\/cvmarj.org.br\/site\/index.php\/2021\/07\/06\/o-museu-militar-conde-de-linhares-merece-uma-boa-reforma\/\">O Museu Militar Conde de Linhares, merece uma boa reforma.<\/a><\/blockquote><iframe class=\"wp-embedded-content\" sandbox=\"allow-scripts\" security=\"restricted\" style=\"position: absolute; clip: rect(1px, 1px, 1px, 1px);\" title=\"&#8220;O Museu Militar Conde de Linhares, merece uma boa reforma.&#8221; &#8212; CVMARJ\" src=\"https:\/\/cvmarj.org.br\/site\/index.php\/2021\/07\/06\/o-museu-militar-conde-de-linhares-merece-uma-boa-reforma\/embed\/#?secret=EPaea0Vwy0\" data-secret=\"EPaea0Vwy0\" width=\"600\" height=\"338\" frameborder=\"0\" marginwidth=\"0\" marginheight=\"0\" scrolling=\"no\"><\/iframe>\n<\/div><\/figure>\n\n\n\n<div class=\"wp-block-media-text alignwide is-stacked-on-mobile\"><figure class=\"wp-block-media-text__media\"><img loading=\"lazy\" decoding=\"async\" width=\"1024\" height=\"768\" src=\"https:\/\/cvmarj.org.br\/site\/wp-content\/uploads\/2021\/07\/ec6b776d-8bd0-4023-87bd-695a15741fe6-1024x768.jpg\" alt=\"\" class=\"wp-image-2161 size-full\" srcset=\"https:\/\/cvmarj.org.br\/site\/wp-content\/uploads\/2021\/07\/ec6b776d-8bd0-4023-87bd-695a15741fe6-1024x768.jpg 1024w, https:\/\/cvmarj.org.br\/site\/wp-content\/uploads\/2021\/07\/ec6b776d-8bd0-4023-87bd-695a15741fe6-300x225.jpg 300w, https:\/\/cvmarj.org.br\/site\/wp-content\/uploads\/2021\/07\/ec6b776d-8bd0-4023-87bd-695a15741fe6-768x576.jpg 768w, https:\/\/cvmarj.org.br\/site\/wp-content\/uploads\/2021\/07\/ec6b776d-8bd0-4023-87bd-695a15741fe6.jpg 1280w\" sizes=\"(max-width: 1024px) 100vw, 1024px\" \/><\/figure><div class=\"wp-block-media-text__content\">\n<p class=\"has-large-font-size\">CVMARJ, COM A MAJOR ELZA, NO FORTE DE COPACABANA<\/p>\n<\/div><\/div>\n\n\n\n<figure class=\"wp-block-embed is-type-wp-embed is-provider-defesa-aerea-amp-naval wp-block-embed-defesa-aerea-amp-naval\"><div class=\"wp-block-embed__wrapper\">\n<blockquote class=\"wp-embedded-content\" data-secret=\"obh4Uy5mLQ\"><a href=\"https:\/\/www.defesaaereanaval.com.br\/historia\/fab-a-incrivel-historia-do-tenente-danilo-moura\">FAB &#8211; A incr\u00edvel hist\u00f3ria do Tenente Danilo Moura<\/a><\/blockquote><iframe class=\"wp-embedded-content\" sandbox=\"allow-scripts\" security=\"restricted\" style=\"position: absolute; clip: rect(1px, 1px, 1px, 1px);\" title=\"&#8220;FAB &#8211; A incr\u00edvel hist\u00f3ria do Tenente Danilo Moura&#8221; &#8212; Defesa A\u00e9rea &amp; Naval\" src=\"https:\/\/www.defesaaereanaval.com.br\/historia\/fab-a-incrivel-historia-do-tenente-danilo-moura\/embed#?secret=obh4Uy5mLQ\" data-secret=\"obh4Uy5mLQ\" width=\"600\" height=\"338\" frameborder=\"0\" marginwidth=\"0\" marginheight=\"0\" scrolling=\"no\"><\/iframe>\n<\/div><\/figure>\n\n\n\n<figure class=\"wp-block-embed is-type-wp-embed is-provider-cvmarj wp-block-embed-cvmarj\"><div class=\"wp-block-embed__wrapper\">\n<blockquote class=\"wp-embedded-content\" data-secret=\"ryx3uw3FfF\"><a href=\"https:\/\/cvmarj.org.br\/site\/index.php\/2021\/07\/06\/grande-festa-em-montese\/\">Grande Festa em MONTESE<\/a><\/blockquote><iframe class=\"wp-embedded-content\" sandbox=\"allow-scripts\" security=\"restricted\" style=\"position: absolute; clip: rect(1px, 1px, 1px, 1px);\" title=\"&#8220;Grande Festa em MONTESE&#8221; &#8212; CVMARJ\" src=\"https:\/\/cvmarj.org.br\/site\/index.php\/2021\/07\/06\/grande-festa-em-montese\/embed\/#?secret=ryx3uw3FfF\" data-secret=\"ryx3uw3FfF\" width=\"600\" height=\"338\" frameborder=\"0\" marginwidth=\"0\" marginheight=\"0\" scrolling=\"no\"><\/iframe>\n<\/div><\/figure>\n\n\n\n<figure class=\"wp-block-image size-large\"><img loading=\"lazy\" decoding=\"async\" width=\"821\" height=\"1024\" src=\"https:\/\/cvmarj.org.br\/site\/wp-content\/uploads\/2021\/07\/a77d045b-f97c-44bb-9b23-f54af0eb3ee3-821x1024.jpg\" alt=\"\" class=\"wp-image-2104\" srcset=\"https:\/\/cvmarj.org.br\/site\/wp-content\/uploads\/2021\/07\/a77d045b-f97c-44bb-9b23-f54af0eb3ee3-821x1024.jpg 821w, https:\/\/cvmarj.org.br\/site\/wp-content\/uploads\/2021\/07\/a77d045b-f97c-44bb-9b23-f54af0eb3ee3-240x300.jpg 240w, https:\/\/cvmarj.org.br\/site\/wp-content\/uploads\/2021\/07\/a77d045b-f97c-44bb-9b23-f54af0eb3ee3-768x958.jpg 768w, https:\/\/cvmarj.org.br\/site\/wp-content\/uploads\/2021\/07\/a77d045b-f97c-44bb-9b23-f54af0eb3ee3.jpg 1026w\" sizes=\"(max-width: 821px) 100vw, 821px\" \/><\/figure>\n\n\n\n<figure class=\"wp-block-pullquote\"><blockquote><p><img decoding=\"async\" src=\"https:\/\/1.bp.blogspot.com\/-r8nLj2vm4iM\/YN-ZnkG2gdI\/AAAAAAAA9q4\/s5HyBTG72LwDLnmBi9nk8W3Uxdsa891mgCNcBGAsYHQ\/w640-h380\/WhatsApp%2BImage%2B2021-07-02%2Bat%2B19.21.35.jpeg\"><\/p><cite><strong>Ex\u00e9rcito Brasileiro prepara tropas para inspe\u00e7\u00e3o e certifica\u00e7\u00e3o para <br>emprego em miss\u00f5es de paz pela ONU<\/strong><br><br><a href=\"http:\/\/www.gbnnews.com.br\/2021\/07\/exercito-brasileiro-prepara-tropas-para.html#.YORtu-hKjIV\" data-type=\"URL\" data-id=\"http:\/\/www.gbnnews.com.br\/2021\/07\/exercito-brasileiro-prepara-tropas-para.html#.YORtu-hKjIV\" target=\"_blank\" rel=\"noreferrer noopener\">http:\/\/www.gbnnews.com.br\/2021\/07\/exercito-brasileiro-prepara-tropas-para.html#.YORtu-hKjIV<\/a><\/cite><\/blockquote><\/figure>\n\n\n\n<div class=\"wp-block-media-text alignwide is-stacked-on-mobile\"><figure class=\"wp-block-media-text__media\"><img loading=\"lazy\" decoding=\"async\" width=\"696\" height=\"464\" src=\"https:\/\/cvmarj.org.br\/site\/wp-content\/uploads\/2021\/07\/Novas_unidades_EB_Guarani-0-696x464-1.jpg\" alt=\"\" class=\"wp-image-2071 size-full\" srcset=\"https:\/\/cvmarj.org.br\/site\/wp-content\/uploads\/2021\/07\/Novas_unidades_EB_Guarani-0-696x464-1.jpg 696w, https:\/\/cvmarj.org.br\/site\/wp-content\/uploads\/2021\/07\/Novas_unidades_EB_Guarani-0-696x464-1-300x200.jpg 300w\" sizes=\"(max-width: 696px) 100vw, 696px\" \/><\/figure><div class=\"wp-block-media-text__content\">\n<p><a href=\"https:\/\/tecnodefesa.com.br\/novas-unidades-do-exercito-com-guarani\/\">https:\/\/tecnodefesa.com.br\/novas-unidades-do-exercito-com-guarani\/<\/a><\/p>\n<\/div><\/div>\n\n\n\n<hr class=\"wp-block-separator is-style-wide\"\/>\n\n\n\n<div class=\"wp-block-group is-layout-flow wp-block-group-is-layout-flow\"><div class=\"wp-block-group__inner-container\">\n<hr class=\"wp-block-separator is-style-wide\"\/>\n<\/div><\/div>\n\n\n\n<p>No dia 10\/06\/2021, a Associa\u00e7\u00e3o Cultural Museu Militar Brasileira recebeu em suas depend\u00eancias a Comitiva Militar: General de Divis\u00e3o Riyuzo Ikeda &#8211; Comandante da 3\u00aa Regi\u00e3o Militar, General de Brigada Moises da Paix\u00e3o Junior. \u2013 Comandante da AD\/3 Cruz Alta \u2013 RS, General de Brigada R1 Arno Ribeiro Jardim Junior \u2013 Assessor de Sa\u00fade da 3\u00aa Regi\u00e3o Militar e o Coronel Richard Alves Fioravante &#8211; Comandante Escola de Aperfei\u00e7oamento de Sargento das Armas \u2013 EASA \u2013 Cruz Alta \u2013 RS. Os militares foram recepcionados pelo Sr. Sefferson Steindorff &#8211; Diretor do Museu, onde realizaram um passeio interno, conhecendo um pouco mais da hist\u00f3ria e do Acervo. No evento, o Museu Militar Brasileiro recebeu uma lembran\u00e7a de Reconhecimento da 3\u00aa Regi\u00e3o Militar.<\/p>\n\n\n\n<figure class=\"wp-block-gallery columns-3 is-cropped wp-block-gallery-7 is-layout-flex wp-block-gallery-is-layout-flex\"><ul class=\"blocks-gallery-grid\"><li class=\"blocks-gallery-item\"><figure><img loading=\"lazy\" decoding=\"async\" width=\"1024\" height=\"951\" src=\"https:\/\/cvmarj.org.br\/site\/wp-content\/uploads\/2021\/06\/823a8bb2-a3ca-4396-aeb6-795c0ce6163e-1024x951.jpg\" alt=\"\" data-id=\"1855\" data-full-url=\"https:\/\/cvmarj.org.br\/site\/wp-content\/uploads\/2021\/06\/823a8bb2-a3ca-4396-aeb6-795c0ce6163e.jpg\" data-link=\"https:\/\/cvmarj.org.br\/site\/index.php\/2021\/05\/05\/noticias\/823a8bb2-a3ca-4396-aeb6-795c0ce6163e\/\" class=\"wp-image-1855\" srcset=\"https:\/\/cvmarj.org.br\/site\/wp-content\/uploads\/2021\/06\/823a8bb2-a3ca-4396-aeb6-795c0ce6163e-1024x951.jpg 1024w, https:\/\/cvmarj.org.br\/site\/wp-content\/uploads\/2021\/06\/823a8bb2-a3ca-4396-aeb6-795c0ce6163e-300x279.jpg 300w, https:\/\/cvmarj.org.br\/site\/wp-content\/uploads\/2021\/06\/823a8bb2-a3ca-4396-aeb6-795c0ce6163e-768x713.jpg 768w, https:\/\/cvmarj.org.br\/site\/wp-content\/uploads\/2021\/06\/823a8bb2-a3ca-4396-aeb6-795c0ce6163e.jpg 1280w\" sizes=\"(max-width: 1024px) 100vw, 1024px\" \/><\/figure><\/li><li class=\"blocks-gallery-item\"><figure><img loading=\"lazy\" decoding=\"async\" width=\"990\" height=\"1024\" src=\"https:\/\/cvmarj.org.br\/site\/wp-content\/uploads\/2021\/06\/63522915-05db-452c-b38a-9d022c1d4c22-990x1024.jpg\" alt=\"\" data-id=\"1856\" data-full-url=\"https:\/\/cvmarj.org.br\/site\/wp-content\/uploads\/2021\/06\/63522915-05db-452c-b38a-9d022c1d4c22.jpg\" data-link=\"https:\/\/cvmarj.org.br\/site\/index.php\/2021\/05\/05\/noticias\/63522915-05db-452c-b38a-9d022c1d4c22\/\" class=\"wp-image-1856\" srcset=\"https:\/\/cvmarj.org.br\/site\/wp-content\/uploads\/2021\/06\/63522915-05db-452c-b38a-9d022c1d4c22-990x1024.jpg 990w, https:\/\/cvmarj.org.br\/site\/wp-content\/uploads\/2021\/06\/63522915-05db-452c-b38a-9d022c1d4c22-290x300.jpg 290w, https:\/\/cvmarj.org.br\/site\/wp-content\/uploads\/2021\/06\/63522915-05db-452c-b38a-9d022c1d4c22-768x795.jpg 768w, https:\/\/cvmarj.org.br\/site\/wp-content\/uploads\/2021\/06\/63522915-05db-452c-b38a-9d022c1d4c22.jpg 1237w\" sizes=\"(max-width: 990px) 100vw, 990px\" \/><\/figure><\/li><li class=\"blocks-gallery-item\"><figure><img loading=\"lazy\" decoding=\"async\" width=\"1024\" height=\"786\" src=\"https:\/\/cvmarj.org.br\/site\/wp-content\/uploads\/2021\/06\/b038e508-7562-41f0-bd11-ef73a699cc1e-1024x786.jpg\" alt=\"\" data-id=\"1857\" data-full-url=\"https:\/\/cvmarj.org.br\/site\/wp-content\/uploads\/2021\/06\/b038e508-7562-41f0-bd11-ef73a699cc1e.jpg\" data-link=\"https:\/\/cvmarj.org.br\/site\/index.php\/2021\/05\/05\/noticias\/b038e508-7562-41f0-bd11-ef73a699cc1e\/\" class=\"wp-image-1857\" srcset=\"https:\/\/cvmarj.org.br\/site\/wp-content\/uploads\/2021\/06\/b038e508-7562-41f0-bd11-ef73a699cc1e-1024x786.jpg 1024w, https:\/\/cvmarj.org.br\/site\/wp-content\/uploads\/2021\/06\/b038e508-7562-41f0-bd11-ef73a699cc1e-300x230.jpg 300w, https:\/\/cvmarj.org.br\/site\/wp-content\/uploads\/2021\/06\/b038e508-7562-41f0-bd11-ef73a699cc1e-768x590.jpg 768w, https:\/\/cvmarj.org.br\/site\/wp-content\/uploads\/2021\/06\/b038e508-7562-41f0-bd11-ef73a699cc1e.jpg 1280w\" sizes=\"(max-width: 1024px) 100vw, 1024px\" \/><\/figure><\/li><li class=\"blocks-gallery-item\"><figure><img loading=\"lazy\" decoding=\"async\" width=\"662\" height=\"1024\" src=\"https:\/\/cvmarj.org.br\/site\/wp-content\/uploads\/2021\/06\/d8137e6b-4fec-4f5b-9ffb-7d9e46f9696c-662x1024.jpg\" alt=\"\" data-id=\"1858\" data-full-url=\"https:\/\/cvmarj.org.br\/site\/wp-content\/uploads\/2021\/06\/d8137e6b-4fec-4f5b-9ffb-7d9e46f9696c.jpg\" data-link=\"https:\/\/cvmarj.org.br\/site\/index.php\/2021\/05\/05\/noticias\/d8137e6b-4fec-4f5b-9ffb-7d9e46f9696c\/\" class=\"wp-image-1858\" srcset=\"https:\/\/cvmarj.org.br\/site\/wp-content\/uploads\/2021\/06\/d8137e6b-4fec-4f5b-9ffb-7d9e46f9696c-662x1024.jpg 662w, https:\/\/cvmarj.org.br\/site\/wp-content\/uploads\/2021\/06\/d8137e6b-4fec-4f5b-9ffb-7d9e46f9696c-194x300.jpg 194w, https:\/\/cvmarj.org.br\/site\/wp-content\/uploads\/2021\/06\/d8137e6b-4fec-4f5b-9ffb-7d9e46f9696c-768x1187.jpg 768w, https:\/\/cvmarj.org.br\/site\/wp-content\/uploads\/2021\/06\/d8137e6b-4fec-4f5b-9ffb-7d9e46f9696c.jpg 828w\" sizes=\"(max-width: 662px) 100vw, 662px\" \/><\/figure><\/li><\/ul><\/figure>\n\n\n\n<hr class=\"wp-block-separator is-style-wide\"\/>\n\n\n\n<div class=\"wp-block-media-text alignwide is-stacked-on-mobile\"><figure class=\"wp-block-media-text__media\"><img loading=\"lazy\" decoding=\"async\" width=\"1024\" height=\"680\" src=\"https:\/\/cvmarj.org.br\/site\/wp-content\/uploads\/2021\/06\/d2c2b14f-324a-4ba2-b354-43fa717477ea-1024x680.jpg\" alt=\"\" class=\"wp-image-1799 size-full\" srcset=\"https:\/\/cvmarj.org.br\/site\/wp-content\/uploads\/2021\/06\/d2c2b14f-324a-4ba2-b354-43fa717477ea-1024x680.jpg 1024w, https:\/\/cvmarj.org.br\/site\/wp-content\/uploads\/2021\/06\/d2c2b14f-324a-4ba2-b354-43fa717477ea-300x199.jpg 300w, https:\/\/cvmarj.org.br\/site\/wp-content\/uploads\/2021\/06\/d2c2b14f-324a-4ba2-b354-43fa717477ea-768x510.jpg 768w, https:\/\/cvmarj.org.br\/site\/wp-content\/uploads\/2021\/06\/d2c2b14f-324a-4ba2-b354-43fa717477ea.jpg 1280w\" sizes=\"(max-width: 1024px) 100vw, 1024px\" \/><\/figure><div class=\"wp-block-media-text__content\">\n<p>Boa tarde!<\/p>\n\n\n\n<p>Hoje, 8 de junho de 2021, ter\u00e7a feira, uma comitiva do CVMARJ, compareceu ao Departamento de Educa\u00e7\u00e3o e Cultura do Ex\u00e9rcito Brasileiro, fazendo uma visita institucional ao General de Ex\u00e9rcito Novaes, o saudando pela promo\u00e7\u00e3o ao mais alto grau hier\u00e1rquico da For\u00e7a, em tempo de paz, e pela sua nomea\u00e7\u00e3o \u00e0 esse importante Departamento do Ex\u00e9rcito.<\/p>\n\n\n\n<p>Fizemos a entrega de lembran\u00e7as do Clube, e abordamos assuntos relacionados \u00e0 preserva\u00e7\u00e3o da hist\u00f3ria e cultura militares, colocando mais uma vez, o CVMARJ, pronto para desenvolvimento de parcerias e projetos de interesse das duas institui\u00e7\u00f5es.<\/p>\n\n\n\n<p>Recebemos tamb\u00e9m do General Novaes, a confirma\u00e7\u00e3o do &#8220;S\u00edmbolo da FEB&#8221;, que ser\u00e1 inserido no REGULAMENTO DE UNIFORMES DO EX\u00c9RCITO _ RUE.<\/p>\n\n\n\n<p>A COBRA CONTINUA FUMANDO!<\/p>\n\n\n\n<p>SOMOS CVMARJ!<\/p>\n\n\n\n<p>VAMOS EM FRENTE!<\/p>\n<\/div><\/div>\n\n\n\n<figure class=\"wp-block-image size-large\"><img loading=\"lazy\" decoding=\"async\" width=\"498\" height=\"1024\" src=\"https:\/\/cvmarj.org.br\/site\/wp-content\/uploads\/2021\/06\/55bf2446-8f2d-49a4-bd20-963e3c73803e-498x1024.jpg\" alt=\"\" class=\"wp-image-1825\" srcset=\"https:\/\/cvmarj.org.br\/site\/wp-content\/uploads\/2021\/06\/55bf2446-8f2d-49a4-bd20-963e3c73803e-498x1024.jpg 498w, https:\/\/cvmarj.org.br\/site\/wp-content\/uploads\/2021\/06\/55bf2446-8f2d-49a4-bd20-963e3c73803e-146x300.jpg 146w, https:\/\/cvmarj.org.br\/site\/wp-content\/uploads\/2021\/06\/55bf2446-8f2d-49a4-bd20-963e3c73803e.jpg 540w\" sizes=\"(max-width: 498px) 100vw, 498px\" \/><\/figure>\n\n\n\n<div class=\"wp-block-media-text alignwide is-stacked-on-mobile\"><figure class=\"wp-block-media-text__media\"><img loading=\"lazy\" decoding=\"async\" width=\"1024\" height=\"851\" src=\"https:\/\/cvmarj.org.br\/site\/wp-content\/uploads\/2021\/06\/3a9b955c-a7c5-4380-b4ac-6d4f2be57469-1024x851.jpg\" alt=\"\" class=\"wp-image-1828 size-full\" srcset=\"https:\/\/cvmarj.org.br\/site\/wp-content\/uploads\/2021\/06\/3a9b955c-a7c5-4380-b4ac-6d4f2be57469-1024x851.jpg 1024w, https:\/\/cvmarj.org.br\/site\/wp-content\/uploads\/2021\/06\/3a9b955c-a7c5-4380-b4ac-6d4f2be57469-300x249.jpg 300w, https:\/\/cvmarj.org.br\/site\/wp-content\/uploads\/2021\/06\/3a9b955c-a7c5-4380-b4ac-6d4f2be57469-768x639.jpg 768w, https:\/\/cvmarj.org.br\/site\/wp-content\/uploads\/2021\/06\/3a9b955c-a7c5-4380-b4ac-6d4f2be57469.jpg 1080w\" sizes=\"(max-width: 1024px) 100vw, 1024px\" \/><\/figure><div class=\"wp-block-media-text__content\">\n<p>Reuni\u00e3o e visita t\u00e9cnica com o pessoal da RIOGALE\u00c2O.<br>Denis, Carlos Dias e S\u00e9rgio Capella, realizaram hoje, 08 de junho de 2021, uma inspe\u00e7\u00e3o na \u00e1rea SAR 28, dentro do projeto de parceria entre o CVMARJ e a RIOGALE\u00c2O, com objetivo de fecharmos a obten\u00e7\u00e3o da \u00e1rea para ser utilizada como sede do CVMARJ.<\/p>\n<\/div><\/div>\n\n\n\n<hr class=\"wp-block-separator is-style-wide\"\/>\n\n\n\n<figure class=\"wp-block-image size-large\"><img loading=\"lazy\" decoding=\"async\" width=\"733\" height=\"1024\" src=\"https:\/\/cvmarj.org.br\/site\/wp-content\/uploads\/2021\/06\/bf2df8ee-a048-4c79-9c24-c4b6cf366f86-733x1024.jpg\" alt=\"\" class=\"wp-image-1821\" srcset=\"https:\/\/cvmarj.org.br\/site\/wp-content\/uploads\/2021\/06\/bf2df8ee-a048-4c79-9c24-c4b6cf366f86-733x1024.jpg 733w, https:\/\/cvmarj.org.br\/site\/wp-content\/uploads\/2021\/06\/bf2df8ee-a048-4c79-9c24-c4b6cf366f86-215x300.jpg 215w, https:\/\/cvmarj.org.br\/site\/wp-content\/uploads\/2021\/06\/bf2df8ee-a048-4c79-9c24-c4b6cf366f86-768x1073.jpg 768w, https:\/\/cvmarj.org.br\/site\/wp-content\/uploads\/2021\/06\/bf2df8ee-a048-4c79-9c24-c4b6cf366f86.jpg 916w\" sizes=\"(max-width: 733px) 100vw, 733px\" \/><\/figure>\n\n\n\n<p><\/p>\n\n\n\n<h2 class=\"wp-block-heading\"><\/h2>\n","protected":false},"excerpt":{"rendered":"<p>ATEN\u00c7\u00c3O, NOVO EVENTO OFICIAL DO CVMARJ, MISS\u00c3O &#8220;ASAS DE PRATA&#8221;, DIA 25\/09\/2021, S\u00c1BADO, VISITA AO MUSEU AEROESPACIAL, NO CAMPO DOS AFONSOS, PARA S\u00d3CIOS, FAMILIARES E CONVIDADOS ESPECIAIS. ATEN\u00c7\u00c3O, USAR TRAJES DO CVMARJ, OU FAB\/FEB DA II GM. CAMISAS E BON\u00c9S DO CVMARJ, PREFERENCIALMENTE AS VERDES DE MALHA. OBS: TEREMOS CAMISETAS, FLAMULAS E BON\u00c9S PARA VENDA.&hellip;&nbsp;<a href=\"https:\/\/cvmarj.org.br\/site\/index.php\/2021\/05\/05\/noticias\/\" class=\"\" rel=\"bookmark\">Ler mais &raquo;<span class=\"screen-reader-text\">Not\u00edcias Clique Aqui<\/span><\/a><\/p>\n","protected":false},"author":1,"featured_media":0,"comment_status":"closed","ping_status":"closed","sticky":false,"template":"","format":"standard","meta":{"neve_meta_sidebar":"","neve_meta_container":"","neve_meta_enable_content_width":"","neve_meta_content_width":0,"neve_meta_title_alignment":"","neve_meta_author_avatar":"","neve_post_elements_order":"","neve_meta_disable_header":"","neve_meta_disable_footer":"","neve_meta_disable_title":"","footnotes":""},"categories":[1],"tags":[],"_links":{"self":[{"href":"https:\/\/cvmarj.org.br\/site\/index.php\/wp-json\/wp\/v2\/posts\/1374"}],"collection":[{"href":"https:\/\/cvmarj.org.br\/site\/index.php\/wp-json\/wp\/v2\/posts"}],"about":[{"href":"https:\/\/cvmarj.org.br\/site\/index.php\/wp-json\/wp\/v2\/types\/post"}],"author":[{"embeddable":true,"href":"https:\/\/cvmarj.org.br\/site\/index.php\/wp-json\/wp\/v2\/users\/1"}],"replies":[{"embeddable":true,"href":"https:\/\/cvmarj.org.br\/site\/index.php\/wp-json\/wp\/v2\/comments?post=1374"}],"version-history":[{"count":115,"href":"https:\/\/cvmarj.org.br\/site\/index.php\/wp-json\/wp\/v2\/posts\/1374\/revisions"}],"predecessor-version":[{"id":2525,"href":"https:\/\/cvmarj.org.br\/site\/index.php\/wp-json\/wp\/v2\/posts\/1374\/revisions\/2525"}],"wp:attachment":[{"href":"https:\/\/cvmarj.org.br\/site\/index.php\/wp-json\/wp\/v2\/media?parent=1374"}],"wp:term":[{"taxonomy":"category","embeddable":true,"href":"https:\/\/cvmarj.org.br\/site\/index.php\/wp-json\/wp\/v2\/categories?post=1374"},{"taxonomy":"post_tag","embeddable":true,"href":"https:\/\/cvmarj.org.br\/site\/index.php\/wp-json\/wp\/v2\/tags?post=1374"}],"curies":[{"name":"wp","href":"https:\/\/api.w.org\/{rel}","templated":true}]}}