{"id":1388,"date":"2021-05-06T10:11:05","date_gmt":"2021-05-06T13:11:05","guid":{"rendered":"http:\/\/cvmarj.org.br\/site\/?p=1388"},"modified":"2021-05-06T10:11:06","modified_gmt":"2021-05-06T13:11:06","slug":"dia-da-arma-de-cavalaria-10-de-maio-de-2021","status":"publish","type":"post","link":"https:\/\/cvmarj.org.br\/site\/index.php\/2021\/05\/06\/dia-da-arma-de-cavalaria-10-de-maio-de-2021\/","title":{"rendered":"DIA DA ARMA DE CAVALARIA 10 DE MAIO DE 2021"},"content":{"rendered":"\n<p>Lembro de um fato contado pelos antig\u00f5es do 15\u00b0 RCMec, em Campinho.<br>O velho Capit\u00e3o de CAVALARIA, Gelder MANH\u00c3ES Mosso, um dia proibiu o 2\u00b0\/15\u00b0, ESQUADR\u00c3O RAIO, ordem \u00e0 todos, inclusive o seu Sub Tenente, de levar cacha\u00e7a, para uma miss\u00e3o de Reconhecimento, em Itagua\u00ed.<br>Informou que faria pessaolmente, uma uma inspe\u00e7\u00e3o no Esquadr\u00e3o quando estivesse pronto para embarcar para a MISS\u00c3O.<br>Assim o fez, virou o comboio de cabe\u00e7a para baixo, onde Esquadr\u00e3o encolunado na Alameda de Desfile do REGIMENTO.<br>N\u00e3o achou nada\u2026<br>N\u00e3o sei se algum X9 dedurou, ou se a larga experi\u00eancia dentro do assunto do Capit\u00e3o, fizeram com que tentasse mais uma vez\u2026<br>Determinou que os Cmts dos 7 M 41 A 1, do Esquadr\u00e3o, elevassem os canh\u00f5es 76 mm, na altura m\u00e1xima, e abrissem as culatras, ficando surpreso com a quantidade de vidros de cacha\u00e7a que eram &#8220;ejetados&#8221; do tubo\u2026<br>Essa era a Boa e Velha CAVALARIA MECANIZADA\u2026<\/p>\n","protected":false},"excerpt":{"rendered":"<p>Lembro de um fato contado pelos antig\u00f5es do 15\u00b0 RCMec, em Campinho.O velho Capit\u00e3o de CAVALARIA, Gelder MANH\u00c3ES Mosso, um dia proibiu o 2\u00b0\/15\u00b0, ESQUADR\u00c3O RAIO, ordem \u00e0 todos, inclusive o seu Sub Tenente, de levar cacha\u00e7a, para uma miss\u00e3o de Reconhecimento, em Itagua\u00ed.Informou que faria pessaolmente, uma uma inspe\u00e7\u00e3o no Esquadr\u00e3o quando estivesse pronto&hellip;&nbsp;<a href=\"https:\/\/cvmarj.org.br\/site\/index.php\/2021\/05\/06\/dia-da-arma-de-cavalaria-10-de-maio-de-2021\/\" class=\"\" rel=\"bookmark\">Ler mais &raquo;<span class=\"screen-reader-text\">DIA DA ARMA DE CAVALARIA 10 DE MAIO DE 2021<\/span><\/a><\/p>\n","protected":false},"author":1,"featured_media":0,"comment_status":"closed","ping_status":"closed","sticky":false,"template":"","format":"standard","meta":{"neve_meta_sidebar":"","neve_meta_container":"","neve_meta_enable_content_width":"","neve_meta_content_width":0,"neve_meta_title_alignment":"","neve_meta_author_avatar":"","neve_post_elements_order":"","neve_meta_disable_header":"","neve_meta_disable_footer":"","neve_meta_disable_title":"","footnotes":""},"categories":[11],"tags":[],"_links":{"self":[{"href":"https:\/\/cvmarj.org.br\/site\/index.php\/wp-json\/wp\/v2\/posts\/1388"}],"collection":[{"href":"https:\/\/cvmarj.org.br\/site\/index.php\/wp-json\/wp\/v2\/posts"}],"about":[{"href":"https:\/\/cvmarj.org.br\/site\/index.php\/wp-json\/wp\/v2\/types\/post"}],"author":[{"embeddable":true,"href":"https:\/\/cvmarj.org.br\/site\/index.php\/wp-json\/wp\/v2\/users\/1"}],"replies":[{"embeddable":true,"href":"https:\/\/cvmarj.org.br\/site\/index.php\/wp-json\/wp\/v2\/comments?post=1388"}],"version-history":[{"count":1,"href":"https:\/\/cvmarj.org.br\/site\/index.php\/wp-json\/wp\/v2\/posts\/1388\/revisions"}],"predecessor-version":[{"id":1389,"href":"https:\/\/cvmarj.org.br\/site\/index.php\/wp-json\/wp\/v2\/posts\/1388\/revisions\/1389"}],"wp:attachment":[{"href":"https:\/\/cvmarj.org.br\/site\/index.php\/wp-json\/wp\/v2\/media?parent=1388"}],"wp:term":[{"taxonomy":"category","embeddable":true,"href":"https:\/\/cvmarj.org.br\/site\/index.php\/wp-json\/wp\/v2\/categories?post=1388"},{"taxonomy":"post_tag","embeddable":true,"href":"https:\/\/cvmarj.org.br\/site\/index.php\/wp-json\/wp\/v2\/tags?post=1388"}],"curies":[{"name":"wp","href":"https:\/\/api.w.org\/{rel}","templated":true}]}}