{"id":1468,"date":"2021-05-11T12:26:45","date_gmt":"2021-05-11T15:26:45","guid":{"rendered":"http:\/\/cvmarj.org.br\/site\/?p=1468"},"modified":"2021-05-11T12:27:51","modified_gmt":"2021-05-11T15:27:51","slug":"sefferson-steindorff-17-museu-militar","status":"publish","type":"post","link":"https:\/\/cvmarj.org.br\/site\/index.php\/2021\/05\/11\/sefferson-steindorff-17-museu-militar\/","title":{"rendered":"Sefferson Steindorff 17 (Museu Militar)"},"content":{"rendered":"\n<p><\/p>\n\n\n\n<p><br><\/p>\n\n\n\n<p>BRASILEIRO &#8211; A17<br>Marca: Viatura TE Socorro F600<br>Modelo: F600<br>Cor: Verde<br>Ano: 1969<br>Placa: N\u00e3o emplacado<br>Identifica\u00e7\u00e3o: Brasileiro<\/p>\n\n\n\n<figure class=\"wp-block-gallery columns-3 is-cropped wp-block-gallery-1 is-layout-flex wp-block-gallery-is-layout-flex\"><ul class=\"blocks-gallery-grid\"><li class=\"blocks-gallery-item\"><figure><img fetchpriority=\"high\" decoding=\"async\" width=\"432\" height=\"411\" src=\"http:\/\/cvmarj.org.br\/site\/wp-content\/uploads\/2021\/05\/7763cae6-36f5-445f-94d7-94475c16cb2f.jpg\" alt=\"\" data-id=\"1470\" data-full-url=\"http:\/\/cvmarj.org.br\/site\/wp-content\/uploads\/2021\/05\/7763cae6-36f5-445f-94d7-94475c16cb2f.jpg\" data-link=\"http:\/\/cvmarj.org.br\/site\/?attachment_id=1470\" class=\"wp-image-1470\" srcset=\"https:\/\/cvmarj.org.br\/site\/wp-content\/uploads\/2021\/05\/7763cae6-36f5-445f-94d7-94475c16cb2f.jpg 432w, https:\/\/cvmarj.org.br\/site\/wp-content\/uploads\/2021\/05\/7763cae6-36f5-445f-94d7-94475c16cb2f-300x285.jpg 300w\" sizes=\"(max-width: 432px) 100vw, 432px\" \/><\/figure><\/li><li class=\"blocks-gallery-item\"><figure><img decoding=\"async\" width=\"687\" height=\"331\" src=\"http:\/\/cvmarj.org.br\/site\/wp-content\/uploads\/2021\/05\/12909465-3270-41f2-bc83-78becd11b452.jpg\" alt=\"\" data-id=\"1471\" data-full-url=\"http:\/\/cvmarj.org.br\/site\/wp-content\/uploads\/2021\/05\/12909465-3270-41f2-bc83-78becd11b452.jpg\" data-link=\"http:\/\/cvmarj.org.br\/site\/?attachment_id=1471\" class=\"wp-image-1471\" srcset=\"https:\/\/cvmarj.org.br\/site\/wp-content\/uploads\/2021\/05\/12909465-3270-41f2-bc83-78becd11b452.jpg 687w, https:\/\/cvmarj.org.br\/site\/wp-content\/uploads\/2021\/05\/12909465-3270-41f2-bc83-78becd11b452-300x145.jpg 300w\" sizes=\"(max-width: 687px) 100vw, 687px\" \/><\/figure><\/li><li class=\"blocks-gallery-item\"><figure><img decoding=\"async\" width=\"428\" height=\"460\" src=\"http:\/\/cvmarj.org.br\/site\/wp-content\/uploads\/2021\/05\/764720a2-4515-4207-9247-f3e6a6c43cd9.jpg\" alt=\"\" data-id=\"1472\" data-full-url=\"http:\/\/cvmarj.org.br\/site\/wp-content\/uploads\/2021\/05\/764720a2-4515-4207-9247-f3e6a6c43cd9.jpg\" data-link=\"http:\/\/cvmarj.org.br\/site\/?attachment_id=1472\" class=\"wp-image-1472\" srcset=\"https:\/\/cvmarj.org.br\/site\/wp-content\/uploads\/2021\/05\/764720a2-4515-4207-9247-f3e6a6c43cd9.jpg 428w, https:\/\/cvmarj.org.br\/site\/wp-content\/uploads\/2021\/05\/764720a2-4515-4207-9247-f3e6a6c43cd9-279x300.jpg 279w\" sizes=\"(max-width: 428px) 100vw, 428px\" \/><\/figure><\/li><\/ul><\/figure>\n\n\n\n<p><\/p>\n","protected":false},"excerpt":{"rendered":"<p>BRASILEIRO &#8211; A17Marca: Viatura TE Socorro F600Modelo: F600Cor: VerdeAno: 1969Placa: N\u00e3o emplacadoIdentifica\u00e7\u00e3o: Brasileiro<\/p>\n","protected":false},"author":1,"featured_media":1473,"comment_status":"closed","ping_status":"closed","sticky":false,"template":"","format":"standard","meta":{"neve_meta_sidebar":"full-width","neve_meta_container":"","neve_meta_enable_content_width":"","neve_meta_content_width":0,"neve_meta_title_alignment":"","neve_meta_author_avatar":"off","neve_post_elements_order":"[\"thumbnail\",\"content\",\"tags\",\"comments\",\"title\",\"meta\",\"post-navigation\"]","neve_meta_disable_header":"","neve_meta_disable_footer":"on","neve_meta_disable_title":"","footnotes":""},"categories":[4],"tags":[],"_links":{"self":[{"href":"https:\/\/cvmarj.org.br\/site\/index.php\/wp-json\/wp\/v2\/posts\/1468"}],"collection":[{"href":"https:\/\/cvmarj.org.br\/site\/index.php\/wp-json\/wp\/v2\/posts"}],"about":[{"href":"https:\/\/cvmarj.org.br\/site\/index.php\/wp-json\/wp\/v2\/types\/post"}],"author":[{"embeddable":true,"href":"https:\/\/cvmarj.org.br\/site\/index.php\/wp-json\/wp\/v2\/users\/1"}],"replies":[{"embeddable":true,"href":"https:\/\/cvmarj.org.br\/site\/index.php\/wp-json\/wp\/v2\/comments?post=1468"}],"version-history":[{"count":2,"href":"https:\/\/cvmarj.org.br\/site\/index.php\/wp-json\/wp\/v2\/posts\/1468\/revisions"}],"predecessor-version":[{"id":1474,"href":"https:\/\/cvmarj.org.br\/site\/index.php\/wp-json\/wp\/v2\/posts\/1468\/revisions\/1474"}],"wp:featuredmedia":[{"embeddable":true,"href":"https:\/\/cvmarj.org.br\/site\/index.php\/wp-json\/wp\/v2\/media\/1473"}],"wp:attachment":[{"href":"https:\/\/cvmarj.org.br\/site\/index.php\/wp-json\/wp\/v2\/media?parent=1468"}],"wp:term":[{"taxonomy":"category","embeddable":true,"href":"https:\/\/cvmarj.org.br\/site\/index.php\/wp-json\/wp\/v2\/categories?post=1468"},{"taxonomy":"post_tag","embeddable":true,"href":"https:\/\/cvmarj.org.br\/site\/index.php\/wp-json\/wp\/v2\/tags?post=1468"}],"curies":[{"name":"wp","href":"https:\/\/api.w.org\/{rel}","templated":true}]}}