{"id":1475,"date":"2021-05-11T12:28:53","date_gmt":"2021-05-11T15:28:53","guid":{"rendered":"http:\/\/cvmarj.org.br\/site\/?p=1475"},"modified":"2021-05-11T12:45:29","modified_gmt":"2021-05-11T15:45:29","slug":"sefferson-steindorff-18-museu-militar","status":"publish","type":"post","link":"https:\/\/cvmarj.org.br\/site\/index.php\/2021\/05\/11\/sefferson-steindorff-18-museu-militar\/","title":{"rendered":"Sefferson Steindorff 18 (Museu Militar)"},"content":{"rendered":"\n<p><\/p>\n\n\n\n<p><br><\/p>\n\n\n\n<p>BRASILEIRO &#8211; A18<br>Marca: Viatura Ford Ambul\u00e2ncia M615<br>Modelo: Ford Rural Willys<br>Cor: Verde<br>Ano: 1975<br>Placa: IME-9759<br>Identifica\u00e7\u00e3o: Brasileira<\/p>\n\n\n\n<figure class=\"wp-block-gallery columns-2 is-cropped wp-block-gallery-1 is-layout-flex wp-block-gallery-is-layout-flex\"><ul class=\"blocks-gallery-grid\"><li class=\"blocks-gallery-item\"><figure><img fetchpriority=\"high\" decoding=\"async\" width=\"495\" height=\"454\" src=\"http:\/\/cvmarj.org.br\/site\/wp-content\/uploads\/2021\/05\/f3b5e01a-f74a-432f-8b8b-89a471cf49d8.jpg\" alt=\"\" data-id=\"1485\" data-full-url=\"http:\/\/cvmarj.org.br\/site\/wp-content\/uploads\/2021\/05\/f3b5e01a-f74a-432f-8b8b-89a471cf49d8.jpg\" data-link=\"http:\/\/cvmarj.org.br\/site\/index.php\/2021\/05\/11\/sefferson-steindorff-18-museu-militar\/f3b5e01a-f74a-432f-8b8b-89a471cf49d8\/\" class=\"wp-image-1485\" srcset=\"https:\/\/cvmarj.org.br\/site\/wp-content\/uploads\/2021\/05\/f3b5e01a-f74a-432f-8b8b-89a471cf49d8.jpg 495w, https:\/\/cvmarj.org.br\/site\/wp-content\/uploads\/2021\/05\/f3b5e01a-f74a-432f-8b8b-89a471cf49d8-300x275.jpg 300w\" sizes=\"(max-width: 495px) 100vw, 495px\" \/><\/figure><\/li><li class=\"blocks-gallery-item\"><figure><img decoding=\"async\" width=\"606\" height=\"397\" src=\"http:\/\/cvmarj.org.br\/site\/wp-content\/uploads\/2021\/05\/e135cdbd-bd42-4925-b8b7-99639c93370d.jpg\" alt=\"\" data-id=\"1486\" data-full-url=\"http:\/\/cvmarj.org.br\/site\/wp-content\/uploads\/2021\/05\/e135cdbd-bd42-4925-b8b7-99639c93370d.jpg\" data-link=\"http:\/\/cvmarj.org.br\/site\/index.php\/2021\/05\/11\/sefferson-steindorff-18-museu-militar\/e135cdbd-bd42-4925-b8b7-99639c93370d\/\" class=\"wp-image-1486\" srcset=\"https:\/\/cvmarj.org.br\/site\/wp-content\/uploads\/2021\/05\/e135cdbd-bd42-4925-b8b7-99639c93370d.jpg 606w, https:\/\/cvmarj.org.br\/site\/wp-content\/uploads\/2021\/05\/e135cdbd-bd42-4925-b8b7-99639c93370d-300x197.jpg 300w\" sizes=\"(max-width: 606px) 100vw, 606px\" \/><\/figure><\/li><\/ul><\/figure>\n\n\n\n<p><\/p>\n","protected":false},"excerpt":{"rendered":"<p>BRASILEIRO &#8211; A18Marca: Viatura Ford Ambul\u00e2ncia M615Modelo: Ford Rural WillysCor: VerdeAno: 1975Placa: IME-9759Identifica\u00e7\u00e3o: Brasileira<\/p>\n","protected":false},"author":1,"featured_media":1477,"comment_status":"closed","ping_status":"closed","sticky":false,"template":"","format":"standard","meta":{"neve_meta_sidebar":"full-width","neve_meta_container":"","neve_meta_enable_content_width":"","neve_meta_content_width":0,"neve_meta_title_alignment":"","neve_meta_author_avatar":"off","neve_post_elements_order":"[\"thumbnail\",\"content\",\"tags\",\"comments\",\"title\",\"meta\",\"post-navigation\"]","neve_meta_disable_header":"","neve_meta_disable_footer":"on","neve_meta_disable_title":"","footnotes":""},"categories":[4],"tags":[],"_links":{"self":[{"href":"https:\/\/cvmarj.org.br\/site\/index.php\/wp-json\/wp\/v2\/posts\/1475"}],"collection":[{"href":"https:\/\/cvmarj.org.br\/site\/index.php\/wp-json\/wp\/v2\/posts"}],"about":[{"href":"https:\/\/cvmarj.org.br\/site\/index.php\/wp-json\/wp\/v2\/types\/post"}],"author":[{"embeddable":true,"href":"https:\/\/cvmarj.org.br\/site\/index.php\/wp-json\/wp\/v2\/users\/1"}],"replies":[{"embeddable":true,"href":"https:\/\/cvmarj.org.br\/site\/index.php\/wp-json\/wp\/v2\/comments?post=1475"}],"version-history":[{"count":3,"href":"https:\/\/cvmarj.org.br\/site\/index.php\/wp-json\/wp\/v2\/posts\/1475\/revisions"}],"predecessor-version":[{"id":1487,"href":"https:\/\/cvmarj.org.br\/site\/index.php\/wp-json\/wp\/v2\/posts\/1475\/revisions\/1487"}],"wp:featuredmedia":[{"embeddable":true,"href":"https:\/\/cvmarj.org.br\/site\/index.php\/wp-json\/wp\/v2\/media\/1477"}],"wp:attachment":[{"href":"https:\/\/cvmarj.org.br\/site\/index.php\/wp-json\/wp\/v2\/media?parent=1475"}],"wp:term":[{"taxonomy":"category","embeddable":true,"href":"https:\/\/cvmarj.org.br\/site\/index.php\/wp-json\/wp\/v2\/categories?post=1475"},{"taxonomy":"post_tag","embeddable":true,"href":"https:\/\/cvmarj.org.br\/site\/index.php\/wp-json\/wp\/v2\/tags?post=1475"}],"curies":[{"name":"wp","href":"https:\/\/api.w.org\/{rel}","templated":true}]}}