{"id":1519,"date":"2021-05-13T15:35:25","date_gmt":"2021-05-13T18:35:25","guid":{"rendered":"http:\/\/cvmarj.org.br\/site\/?p=1519"},"modified":"2021-05-13T15:37:19","modified_gmt":"2021-05-13T18:37:19","slug":"momento-de-reflexao","status":"publish","type":"post","link":"https:\/\/cvmarj.org.br\/site\/index.php\/2021\/05\/13\/momento-de-reflexao\/","title":{"rendered":"MOMENTO DE REFLEX\u00c3O!"},"content":{"rendered":"\n<p>Prezado amigo, bom dia.<br>Espero que esteja bem, se cuidando e tomando medidas contra a pandemia e outras doen\u00e7as.<br>Ao longo dos \u00faltimos tempos, temos buscado e apresentado solu\u00e7\u00f5es, das mais diversas formas poss\u00edveis, sempre com o objetivo de ter o prazer e honra de dividir momentos fant\u00e1sticos nas atividades do CVMARJ, com vc e sua viatura.<br>J\u00e1 nem lembramos se conheci primeiro vc ou sua viatura, mas saiba que os dois s\u00e3o muito importantes para o Clube.<br>Sabemos dos altos custos na manuten\u00e7\u00e3o e recupera\u00e7\u00e3o de uma viatura militar antiga, assim como temos id\u00e9ia das suas atividades profissionais, familiares e pessoais.<br>Somos acima de tudo amigos, que gostamos das viaturas militares antigas, e com isso sempre contamos com vcs nos nossos eventos.<br>Viatura parada, d\u00e1 mais preju\u00edzo do que andando, portanto, o \u00f4nus de preservar e manter a vtr em dia, \u00e9 menor do que deixa la parada na garage ou em um galp\u00e3o.<br>Quando dizemos que sentimos sua falta, ao final de um evento que n\u00e3o p\u00f4de comparecer, estamos falando a verdade.<br>Conte sempre conosco, com o objetivo de que de alguma forma, possamos lhe ajudar a poder realizar o seu sonho de estar com sua viatura, nos nossos eventos.<br>Afinal pertencemos ao Clube de Ve\u00edculos Militares Antigos do Rio de Janeiro.<br>Estamos sempre juntos.<\/p>\n\n\n\n<p>N\u00c3O PERGUNTE O QUE O CVMARJ PODE FAZER POR VOC\u00ca E SIM O QUE VOC\u00ca PODE FAZER PELO CVMARJ!<\/p>\n\n\n\n<p>SOMOS CVMARJ!<\/p>\n\n\n\n<p>VAMOS EM FRENTE!<\/p>\n\n\n\n<p>At.<\/p>\n\n\n\n<p>S\u00e9rgio Capella.<br>Presidente do CVMARJ.<\/p>\n","protected":false},"excerpt":{"rendered":"<p>Prezado amigo, bom dia.Espero que esteja bem, se cuidando e tomando medidas contra a pandemia e outras doen\u00e7as.Ao longo dos \u00faltimos tempos, temos buscado e apresentado solu\u00e7\u00f5es, das mais diversas formas poss\u00edveis, sempre com o objetivo de ter o prazer e honra de dividir momentos fant\u00e1sticos nas atividades do CVMARJ, com vc e sua viatura.J\u00e1&hellip;&nbsp;<a href=\"https:\/\/cvmarj.org.br\/site\/index.php\/2021\/05\/13\/momento-de-reflexao\/\" class=\"\" rel=\"bookmark\">Ler mais &raquo;<span class=\"screen-reader-text\">MOMENTO DE REFLEX\u00c3O!<\/span><\/a><\/p>\n","protected":false},"author":1,"featured_media":0,"comment_status":"closed","ping_status":"closed","sticky":false,"template":"","format":"standard","meta":{"neve_meta_sidebar":"","neve_meta_container":"","neve_meta_enable_content_width":"","neve_meta_content_width":0,"neve_meta_title_alignment":"","neve_meta_author_avatar":"","neve_post_elements_order":"","neve_meta_disable_header":"","neve_meta_disable_footer":"","neve_meta_disable_title":"","footnotes":""},"categories":[11],"tags":[],"_links":{"self":[{"href":"https:\/\/cvmarj.org.br\/site\/index.php\/wp-json\/wp\/v2\/posts\/1519"}],"collection":[{"href":"https:\/\/cvmarj.org.br\/site\/index.php\/wp-json\/wp\/v2\/posts"}],"about":[{"href":"https:\/\/cvmarj.org.br\/site\/index.php\/wp-json\/wp\/v2\/types\/post"}],"author":[{"embeddable":true,"href":"https:\/\/cvmarj.org.br\/site\/index.php\/wp-json\/wp\/v2\/users\/1"}],"replies":[{"embeddable":true,"href":"https:\/\/cvmarj.org.br\/site\/index.php\/wp-json\/wp\/v2\/comments?post=1519"}],"version-history":[{"count":1,"href":"https:\/\/cvmarj.org.br\/site\/index.php\/wp-json\/wp\/v2\/posts\/1519\/revisions"}],"predecessor-version":[{"id":1520,"href":"https:\/\/cvmarj.org.br\/site\/index.php\/wp-json\/wp\/v2\/posts\/1519\/revisions\/1520"}],"wp:attachment":[{"href":"https:\/\/cvmarj.org.br\/site\/index.php\/wp-json\/wp\/v2\/media?parent=1519"}],"wp:term":[{"taxonomy":"category","embeddable":true,"href":"https:\/\/cvmarj.org.br\/site\/index.php\/wp-json\/wp\/v2\/categories?post=1519"},{"taxonomy":"post_tag","embeddable":true,"href":"https:\/\/cvmarj.org.br\/site\/index.php\/wp-json\/wp\/v2\/tags?post=1519"}],"curies":[{"name":"wp","href":"https:\/\/api.w.org\/{rel}","templated":true}]}}