{"id":1526,"date":"2021-05-14T12:22:54","date_gmt":"2021-05-14T15:22:54","guid":{"rendered":"http:\/\/cvmarj.org.br\/site\/?p=1526"},"modified":"2021-05-14T12:22:56","modified_gmt":"2021-05-14T15:22:56","slug":"8-de-maio-de-2021-dia-da-vitoria","status":"publish","type":"post","link":"https:\/\/cvmarj.org.br\/site\/index.php\/2021\/05\/14\/8-de-maio-de-2021-dia-da-vitoria\/","title":{"rendered":"8 DE MAIO DE 2021. &#8220;DIA DA VIT\u00d3RIA&#8221;"},"content":{"rendered":"\n<p>8 DE MAIO DE 2021.<\/p>\n\n\n\n<p>Hoje, comemoramos do &#8220;DIA DA VIT\u00d3RIA&#8221;, data que completa 76 anos do fim da II GM, um dos piores conflitos da humanidade, com milh\u00f5es de mortos, militares e civis, incluindo idosos, mulheres e crian\u00e7as, v\u00edtimas da brutalidade dos combates em v\u00e1rios locais da terra.<\/p>\n\n\n\n<p>Temos a obriga\u00e7\u00e3o de reverenciar essas v\u00edtimas de um conflito em que a democracia venceu o nazifacismo, que queria dominar o mundo \u00e0 todo o custo.<\/p>\n\n\n\n<p>O Brasil, foi agredido, com seus navios mercantes, sendo torpedeados por submarinos alem\u00e3es, causando in\u00fameras mortes de tripulantes e passageiros, o que for\u00e7ou \u00e0 Na\u00e7\u00e3o \u00e0 declarar guerra ao EIXO.<\/p>\n\n\n\n<p>Al\u00e9m da necessidade da defesa realizada no mar, no ar e no territ\u00f3rio brasileiro, enviamos \u00e0 It\u00e1lia \u00e0 &#8220;FOR\u00c7A EXPEDICION\u00c1RIA BRASILEIRA&#8221;, transportados pela MARINHA DO BRASIL, levando membros do EX\u00c9RCITO e da FOR\u00c7A A\u00c9REA.<\/p>\n\n\n\n<p>Perdemos milhares de irm\u00e3os que deram suas vidas pela P\u00e1tria, da\u00ed a responsabilidade de todos em cultuar seus feitos her\u00f3icos, mostrando que esse sacrif\u00edcio, n\u00e3o foi em v\u00e3o.<\/p>\n\n\n\n<p>Infelizmente esses verdadeiros &#8220;HEROIS NACIONAIS&#8221;, nunca receberam todas as honras e gl\u00f3rias que merecem, mas cabe a n\u00f3s, &#8220;que nos beneficiamos desses sacrif\u00edcios&#8221;, manter viva a hist\u00f3ria dos que lutaram e venceram a guerra, para que hoje possamos viver em um mundo melhor, mesmo que atualmente continuemos vivendo a &#8220;luta do bem contra o mal&#8221;\u2026<\/p>\n\n\n\n<p>O CLUBE DE VE\u00cdCULOS MILITARES ANTIGOS DO RIO DE JANEIRO _ CVMARJ, que completa em 2021, 19 anos de sua cria\u00e7\u00e3o, tem como um dos seus principais objetivos, a preserva\u00e7\u00e3o e divulga\u00e7\u00e3o da participa\u00e7\u00e3o do Brasil na II GM, apoiando as Associa\u00e7\u00f5es de Veteranos, participando de solenidades c\u00edvicas e militares, divulgando nas redes que participa, a relev\u00e2ncia desse dia, que \u00e9 um dos mais importantes do Brasil, e do mundo.<\/p>\n\n\n\n<p>Infelizmente, em fun\u00e7\u00e3o das restri\u00e7\u00f5es da pandemia, v\u00e1rias solenidades e eventos, foram cancelados ou transferidos, nos impedindo de mostrar a import\u00e2ncia dessa data.<\/p>\n\n\n\n<p>Hoje, teremos uma reuni\u00e3o na sede do Clube, em TUBIACANGA, na Ilha do Governador, com uma quantidade reduzida de S\u00f3cios, onde faremos uma homenagem aos brasileiros que deram suas vidas pela P\u00e1tria, com todas as normas de seguran\u00e7a, na preven\u00e7\u00e3o contra esse terr\u00edvel v\u00edrus, que vem matando pessoas em todo o mundo.<\/p>\n\n\n\n<p>A COBRA CONTINUA FUMANDO!<\/p>\n\n\n\n<p>SOMOS CVMARJ!<\/p>\n\n\n\n<p>VAMOS EM FRENTE!<\/p>\n\n\n\n<p>At.<\/p>\n\n\n\n<p>S\u00e9rgio Capella.<br>Presidente do CVMARJ.<\/p>\n","protected":false},"excerpt":{"rendered":"<p>8 DE MAIO DE 2021. Hoje, comemoramos do &#8220;DIA DA VIT\u00d3RIA&#8221;, data que completa 76 anos do fim da II GM, um dos piores conflitos da humanidade, com milh\u00f5es de mortos, militares e civis, incluindo idosos, mulheres e crian\u00e7as, v\u00edtimas da brutalidade dos combates em v\u00e1rios locais da terra. Temos a obriga\u00e7\u00e3o de reverenciar essas&hellip;&nbsp;<a href=\"https:\/\/cvmarj.org.br\/site\/index.php\/2021\/05\/14\/8-de-maio-de-2021-dia-da-vitoria\/\" class=\"\" rel=\"bookmark\">Ler mais &raquo;<span class=\"screen-reader-text\">8 DE MAIO DE 2021. &#8220;DIA DA VIT\u00d3RIA&#8221;<\/span><\/a><\/p>\n","protected":false},"author":1,"featured_media":0,"comment_status":"closed","ping_status":"closed","sticky":false,"template":"","format":"standard","meta":{"neve_meta_sidebar":"","neve_meta_container":"","neve_meta_enable_content_width":"","neve_meta_content_width":0,"neve_meta_title_alignment":"","neve_meta_author_avatar":"","neve_post_elements_order":"","neve_meta_disable_header":"","neve_meta_disable_footer":"","neve_meta_disable_title":"","footnotes":""},"categories":[11],"tags":[],"_links":{"self":[{"href":"https:\/\/cvmarj.org.br\/site\/index.php\/wp-json\/wp\/v2\/posts\/1526"}],"collection":[{"href":"https:\/\/cvmarj.org.br\/site\/index.php\/wp-json\/wp\/v2\/posts"}],"about":[{"href":"https:\/\/cvmarj.org.br\/site\/index.php\/wp-json\/wp\/v2\/types\/post"}],"author":[{"embeddable":true,"href":"https:\/\/cvmarj.org.br\/site\/index.php\/wp-json\/wp\/v2\/users\/1"}],"replies":[{"embeddable":true,"href":"https:\/\/cvmarj.org.br\/site\/index.php\/wp-json\/wp\/v2\/comments?post=1526"}],"version-history":[{"count":1,"href":"https:\/\/cvmarj.org.br\/site\/index.php\/wp-json\/wp\/v2\/posts\/1526\/revisions"}],"predecessor-version":[{"id":1527,"href":"https:\/\/cvmarj.org.br\/site\/index.php\/wp-json\/wp\/v2\/posts\/1526\/revisions\/1527"}],"wp:attachment":[{"href":"https:\/\/cvmarj.org.br\/site\/index.php\/wp-json\/wp\/v2\/media?parent=1526"}],"wp:term":[{"taxonomy":"category","embeddable":true,"href":"https:\/\/cvmarj.org.br\/site\/index.php\/wp-json\/wp\/v2\/categories?post=1526"},{"taxonomy":"post_tag","embeddable":true,"href":"https:\/\/cvmarj.org.br\/site\/index.php\/wp-json\/wp\/v2\/tags?post=1526"}],"curies":[{"name":"wp","href":"https:\/\/api.w.org\/{rel}","templated":true}]}}