{"id":1540,"date":"2021-05-21T11:38:58","date_gmt":"2021-05-21T14:38:58","guid":{"rendered":"http:\/\/cvmarj.org.br\/site\/?p=1540"},"modified":"2021-05-21T11:39:00","modified_gmt":"2021-05-21T14:39:00","slug":"19-anos-cvmarj","status":"publish","type":"post","link":"https:\/\/cvmarj.org.br\/site\/index.php\/2021\/05\/21\/19-anos-cvmarj\/","title":{"rendered":"19 anos CVMARJ"},"content":{"rendered":"\n<p>Vem chegando o dia 06 de junho de 2021, dia que o CVMARJ _ CLUBE DE VE\u00cdCULOS MILITARES ANTIGOS DO RIO DE JANEIRO, completa 19 anos de sua funda\u00e7\u00e3o.<\/p>\n\n\n\n<p>Muita coisa mudou desde aquele dia quando um grupo de amigos que possu\u00edam viaturas militares antigas, resolveu aproveitar a data do &#8220;DESEMBARQUE NA NORMANDIA&#8221;, uma das datas mais importantes da 2^ Guerra Mundial, para assinar sobre o capot de um Jeep 1942, a &#8220;ATA DE FUNDA\u00c7\u00c3O DO CLUBE&#8221;.<\/p>\n\n\n\n<p>A esses abnegados aos quais sempre rendemos nossas homenagens, carinho e respeito, nossa homenagem, pela cria\u00e7\u00e3o de um dos mais atuantes e respeitados Clube de Viaturas Militares Antigas do Brasil.<\/p>\n\n\n\n<p>Estreitamos nossas rela\u00e7\u00f5es com Institui\u00e7\u00f5es Civis e Militares alcan\u00e7ando respeito e carinho dos nossos parceiros, fruto de um trabalho incans\u00e1vel para mostrar o qu\u00ea somos e o qu\u00ea fazemos, al\u00e9m do reconhecimento da sociedade em geral.<\/p>\n\n\n\n<p>Como disse, o tempo passa r\u00e1pido, o mundo mudou muito, as m\u00eddias sociais controlam tudo o qu\u00ea fazemos e pensamos.<\/p>\n\n\n\n<p>O Clube tem hoje 96 S\u00f3cios, em v\u00e1rias localidades no Brasil e no mundo, e al\u00e9m de admiradores das nossas a\u00e7\u00f5es.<\/p>\n\n\n\n<p>Muito j\u00e1 foi feito, muito est\u00e1 sendo feito, muito ainda tem que ser feito, temos a humildade e certeza de estar no caminho certo.<\/p>\n\n\n\n<p>Estamos em 11 redes sociais, nosso site, www.cvmarj.org.br mais atual e moderno, j\u00e1 tem quase 11.000 visitas.<\/p>\n\n\n\n<p>Amanh\u00e3, s\u00e1bado 22 de maio de 2021, estaremos dando prosseguimento as nossas festividades comemorativas dos 19 anos de funda\u00e7\u00e3o do Clube, com uma confraterniza\u00e7\u00e3o na sede, em Tubiacanga, na Ilha do Governador.<\/p>\n\n\n\n<p>Contamos com a presen\u00e7a dos S\u00f3cios, Familiares e Convidados.<\/p>\n\n\n\n<p>O CVMARJ ESPERA QUE CADA UM CUMPRA COM O SEU DEVER.<\/p>\n\n\n\n<p>A COBRA CONTINUA FUMANDO!<\/p>\n\n\n\n<p>VAMOS EM FRENTE!<\/p>\n\n\n\n<p>SOMOS CVMARJ!<\/p>\n\n\n\n<p>CVMARJ, 19 ANOS FAZENDO HIST\u00d3RIA!<\/p>\n\n\n\n<p>At.<\/p>\n\n\n\n<p>S\u00e9rgio Capella.<br>Presidente do CVMARJ.<\/p>\n","protected":false},"excerpt":{"rendered":"<p>Vem chegando o dia 06 de junho de 2021, dia que o CVMARJ _ CLUBE DE VE\u00cdCULOS MILITARES ANTIGOS DO RIO DE JANEIRO, completa 19 anos de sua funda\u00e7\u00e3o. Muita coisa mudou desde aquele dia quando um grupo de amigos que possu\u00edam viaturas militares antigas, resolveu aproveitar a data do &#8220;DESEMBARQUE NA NORMANDIA&#8221;, uma das&hellip;&nbsp;<a href=\"https:\/\/cvmarj.org.br\/site\/index.php\/2021\/05\/21\/19-anos-cvmarj\/\" class=\"\" rel=\"bookmark\">Ler mais &raquo;<span class=\"screen-reader-text\">19 anos CVMARJ<\/span><\/a><\/p>\n","protected":false},"author":1,"featured_media":0,"comment_status":"closed","ping_status":"closed","sticky":false,"template":"","format":"standard","meta":{"neve_meta_sidebar":"","neve_meta_container":"","neve_meta_enable_content_width":"","neve_meta_content_width":0,"neve_meta_title_alignment":"","neve_meta_author_avatar":"","neve_post_elements_order":"","neve_meta_disable_header":"","neve_meta_disable_footer":"","neve_meta_disable_title":"","footnotes":""},"categories":[11],"tags":[],"_links":{"self":[{"href":"https:\/\/cvmarj.org.br\/site\/index.php\/wp-json\/wp\/v2\/posts\/1540"}],"collection":[{"href":"https:\/\/cvmarj.org.br\/site\/index.php\/wp-json\/wp\/v2\/posts"}],"about":[{"href":"https:\/\/cvmarj.org.br\/site\/index.php\/wp-json\/wp\/v2\/types\/post"}],"author":[{"embeddable":true,"href":"https:\/\/cvmarj.org.br\/site\/index.php\/wp-json\/wp\/v2\/users\/1"}],"replies":[{"embeddable":true,"href":"https:\/\/cvmarj.org.br\/site\/index.php\/wp-json\/wp\/v2\/comments?post=1540"}],"version-history":[{"count":1,"href":"https:\/\/cvmarj.org.br\/site\/index.php\/wp-json\/wp\/v2\/posts\/1540\/revisions"}],"predecessor-version":[{"id":1541,"href":"https:\/\/cvmarj.org.br\/site\/index.php\/wp-json\/wp\/v2\/posts\/1540\/revisions\/1541"}],"wp:attachment":[{"href":"https:\/\/cvmarj.org.br\/site\/index.php\/wp-json\/wp\/v2\/media?parent=1540"}],"wp:term":[{"taxonomy":"category","embeddable":true,"href":"https:\/\/cvmarj.org.br\/site\/index.php\/wp-json\/wp\/v2\/categories?post=1540"},{"taxonomy":"post_tag","embeddable":true,"href":"https:\/\/cvmarj.org.br\/site\/index.php\/wp-json\/wp\/v2\/tags?post=1540"}],"curies":[{"name":"wp","href":"https:\/\/api.w.org\/{rel}","templated":true}]}}