{"id":1554,"date":"2021-05-22T13:15:37","date_gmt":"2021-05-22T16:15:37","guid":{"rendered":"http:\/\/cvmarj.org.br\/site\/?p=1554"},"modified":"2021-05-22T13:16:09","modified_gmt":"2021-05-22T16:16:09","slug":"sefferson-steindorff-22-museu-militar","status":"publish","type":"post","link":"https:\/\/cvmarj.org.br\/site\/index.php\/2021\/05\/22\/sefferson-steindorff-22-museu-militar\/","title":{"rendered":"Sefferson Steindorff 22 (Museu Militar)"},"content":{"rendered":"\n<p>BRASILEIRO \u2013 A29<br>Marca: Viatura TNE Ford F600<br>Modelo: Ford\/VTNE, carga, F-600<br>Cor: Verde<br>Ano: 1970<br>Placa: N\u00e3o emplacado<br>Identifica\u00e7\u00e3o: Brasileiro<\/p>\n\n\n\n<figure class=\"wp-block-gallery columns-3 is-cropped wp-block-gallery-1 is-layout-flex wp-block-gallery-is-layout-flex\"><ul class=\"blocks-gallery-grid\"><li class=\"blocks-gallery-item\"><figure><img fetchpriority=\"high\" decoding=\"async\" width=\"565\" height=\"399\" src=\"http:\/\/cvmarj.org.br\/site\/wp-content\/uploads\/2021\/05\/26cabaa7-e907-43b4-819f-e23f5cb6cddf.jpg\" alt=\"\" data-id=\"1555\" data-full-url=\"http:\/\/cvmarj.org.br\/site\/wp-content\/uploads\/2021\/05\/26cabaa7-e907-43b4-819f-e23f5cb6cddf.jpg\" data-link=\"http:\/\/cvmarj.org.br\/site\/?attachment_id=1555\" class=\"wp-image-1555\" srcset=\"https:\/\/cvmarj.org.br\/site\/wp-content\/uploads\/2021\/05\/26cabaa7-e907-43b4-819f-e23f5cb6cddf.jpg 565w, https:\/\/cvmarj.org.br\/site\/wp-content\/uploads\/2021\/05\/26cabaa7-e907-43b4-819f-e23f5cb6cddf-300x212.jpg 300w\" sizes=\"(max-width: 565px) 100vw, 565px\" \/><\/figure><\/li><li class=\"blocks-gallery-item\"><figure><img decoding=\"async\" width=\"682\" height=\"398\" src=\"http:\/\/cvmarj.org.br\/site\/wp-content\/uploads\/2021\/05\/783bb601-70e3-44a2-8f0d-eeaa094fe5cb.jpg\" alt=\"\" data-id=\"1556\" data-full-url=\"http:\/\/cvmarj.org.br\/site\/wp-content\/uploads\/2021\/05\/783bb601-70e3-44a2-8f0d-eeaa094fe5cb.jpg\" data-link=\"http:\/\/cvmarj.org.br\/site\/?attachment_id=1556\" class=\"wp-image-1556\" srcset=\"https:\/\/cvmarj.org.br\/site\/wp-content\/uploads\/2021\/05\/783bb601-70e3-44a2-8f0d-eeaa094fe5cb.jpg 682w, https:\/\/cvmarj.org.br\/site\/wp-content\/uploads\/2021\/05\/783bb601-70e3-44a2-8f0d-eeaa094fe5cb-300x175.jpg 300w\" sizes=\"(max-width: 682px) 100vw, 682px\" \/><\/figure><\/li><li class=\"blocks-gallery-item\"><figure><img decoding=\"async\" width=\"718\" height=\"273\" src=\"http:\/\/cvmarj.org.br\/site\/wp-content\/uploads\/2021\/05\/50946dd3-f670-4e6c-969d-b140691a01b4.jpg\" alt=\"\" data-id=\"1557\" data-full-url=\"http:\/\/cvmarj.org.br\/site\/wp-content\/uploads\/2021\/05\/50946dd3-f670-4e6c-969d-b140691a01b4.jpg\" data-link=\"http:\/\/cvmarj.org.br\/site\/?attachment_id=1557\" class=\"wp-image-1557\" srcset=\"https:\/\/cvmarj.org.br\/site\/wp-content\/uploads\/2021\/05\/50946dd3-f670-4e6c-969d-b140691a01b4.jpg 718w, https:\/\/cvmarj.org.br\/site\/wp-content\/uploads\/2021\/05\/50946dd3-f670-4e6c-969d-b140691a01b4-300x114.jpg 300w\" sizes=\"(max-width: 718px) 100vw, 718px\" \/><\/figure><\/li><\/ul><\/figure>\n","protected":false},"excerpt":{"rendered":"<p>BRASILEIRO \u2013 A29Marca: Viatura TNE Ford F600Modelo: Ford\/VTNE, carga, F-600Cor: VerdeAno: 1970Placa: N\u00e3o emplacadoIdentifica\u00e7\u00e3o: Brasileiro<\/p>\n","protected":false},"author":1,"featured_media":1559,"comment_status":"closed","ping_status":"closed","sticky":false,"template":"","format":"standard","meta":{"neve_meta_sidebar":"","neve_meta_container":"","neve_meta_enable_content_width":"","neve_meta_content_width":0,"neve_meta_title_alignment":"","neve_meta_author_avatar":"","neve_post_elements_order":"","neve_meta_disable_header":"","neve_meta_disable_footer":"","neve_meta_disable_title":"","footnotes":""},"categories":[4],"tags":[],"_links":{"self":[{"href":"https:\/\/cvmarj.org.br\/site\/index.php\/wp-json\/wp\/v2\/posts\/1554"}],"collection":[{"href":"https:\/\/cvmarj.org.br\/site\/index.php\/wp-json\/wp\/v2\/posts"}],"about":[{"href":"https:\/\/cvmarj.org.br\/site\/index.php\/wp-json\/wp\/v2\/types\/post"}],"author":[{"embeddable":true,"href":"https:\/\/cvmarj.org.br\/site\/index.php\/wp-json\/wp\/v2\/users\/1"}],"replies":[{"embeddable":true,"href":"https:\/\/cvmarj.org.br\/site\/index.php\/wp-json\/wp\/v2\/comments?post=1554"}],"version-history":[{"count":1,"href":"https:\/\/cvmarj.org.br\/site\/index.php\/wp-json\/wp\/v2\/posts\/1554\/revisions"}],"predecessor-version":[{"id":1558,"href":"https:\/\/cvmarj.org.br\/site\/index.php\/wp-json\/wp\/v2\/posts\/1554\/revisions\/1558"}],"wp:featuredmedia":[{"embeddable":true,"href":"https:\/\/cvmarj.org.br\/site\/index.php\/wp-json\/wp\/v2\/media\/1559"}],"wp:attachment":[{"href":"https:\/\/cvmarj.org.br\/site\/index.php\/wp-json\/wp\/v2\/media?parent=1554"}],"wp:term":[{"taxonomy":"category","embeddable":true,"href":"https:\/\/cvmarj.org.br\/site\/index.php\/wp-json\/wp\/v2\/categories?post=1554"},{"taxonomy":"post_tag","embeddable":true,"href":"https:\/\/cvmarj.org.br\/site\/index.php\/wp-json\/wp\/v2\/tags?post=1554"}],"curies":[{"name":"wp","href":"https:\/\/api.w.org\/{rel}","templated":true}]}}