{"id":1560,"date":"2021-05-22T13:19:27","date_gmt":"2021-05-22T16:19:27","guid":{"rendered":"http:\/\/cvmarj.org.br\/site\/?p=1560"},"modified":"2021-05-22T13:20:52","modified_gmt":"2021-05-22T16:20:52","slug":"sefferson-steindorff-23-museu-militar","status":"publish","type":"post","link":"https:\/\/cvmarj.org.br\/site\/index.php\/2021\/05\/22\/sefferson-steindorff-23-museu-militar\/","title":{"rendered":"Sefferson Steindorff 23 (Museu Militar)"},"content":{"rendered":"\n<p>BRASILEIRO \u2013 A28<br>Marca: Viatura DODGE Power Wagon<br>Modelo: Dodge Power Wagon<br>Cor: Verde<br>Ano: 1942<br>Placa: N\u00e3o emplacado<br>Identifica\u00e7\u00e3o: Americana<\/p>\n\n\n\n<figure class=\"wp-block-gallery columns-3 is-cropped wp-block-gallery-1 is-layout-flex wp-block-gallery-is-layout-flex\"><ul class=\"blocks-gallery-grid\"><li class=\"blocks-gallery-item\"><figure><img fetchpriority=\"high\" decoding=\"async\" width=\"669\" height=\"395\" src=\"http:\/\/cvmarj.org.br\/site\/wp-content\/uploads\/2021\/05\/9ad4b726-75d5-4e59-afa3-153a493f2f9b.jpg\" alt=\"\" data-id=\"1563\" data-full-url=\"http:\/\/cvmarj.org.br\/site\/wp-content\/uploads\/2021\/05\/9ad4b726-75d5-4e59-afa3-153a493f2f9b.jpg\" data-link=\"http:\/\/cvmarj.org.br\/site\/index.php\/2021\/05\/22\/sefferson-steindorff-23-museu-militar\/9ad4b726-75d5-4e59-afa3-153a493f2f9b\/\" class=\"wp-image-1563\" srcset=\"https:\/\/cvmarj.org.br\/site\/wp-content\/uploads\/2021\/05\/9ad4b726-75d5-4e59-afa3-153a493f2f9b.jpg 669w, https:\/\/cvmarj.org.br\/site\/wp-content\/uploads\/2021\/05\/9ad4b726-75d5-4e59-afa3-153a493f2f9b-300x177.jpg 300w\" sizes=\"(max-width: 669px) 100vw, 669px\" \/><\/figure><\/li><li class=\"blocks-gallery-item\"><figure><img decoding=\"async\" width=\"436\" height=\"600\" src=\"http:\/\/cvmarj.org.br\/site\/wp-content\/uploads\/2021\/05\/c2b671af-539f-4651-b1ce-4fb8c8fe6b7c.jpg\" alt=\"\" data-id=\"1565\" data-full-url=\"http:\/\/cvmarj.org.br\/site\/wp-content\/uploads\/2021\/05\/c2b671af-539f-4651-b1ce-4fb8c8fe6b7c.jpg\" data-link=\"http:\/\/cvmarj.org.br\/site\/index.php\/2021\/05\/22\/sefferson-steindorff-23-museu-militar\/c2b671af-539f-4651-b1ce-4fb8c8fe6b7c\/\" class=\"wp-image-1565\" srcset=\"https:\/\/cvmarj.org.br\/site\/wp-content\/uploads\/2021\/05\/c2b671af-539f-4651-b1ce-4fb8c8fe6b7c.jpg 436w, https:\/\/cvmarj.org.br\/site\/wp-content\/uploads\/2021\/05\/c2b671af-539f-4651-b1ce-4fb8c8fe6b7c-218x300.jpg 218w\" sizes=\"(max-width: 436px) 100vw, 436px\" \/><\/figure><\/li><li class=\"blocks-gallery-item\"><figure><img decoding=\"async\" width=\"660\" height=\"480\" src=\"http:\/\/cvmarj.org.br\/site\/wp-content\/uploads\/2021\/05\/d7592ff7-d955-4236-97fd-5c4f080a1feb.jpg\" alt=\"\" data-id=\"1566\" data-full-url=\"http:\/\/cvmarj.org.br\/site\/wp-content\/uploads\/2021\/05\/d7592ff7-d955-4236-97fd-5c4f080a1feb.jpg\" data-link=\"http:\/\/cvmarj.org.br\/site\/index.php\/2021\/05\/22\/sefferson-steindorff-23-museu-militar\/d7592ff7-d955-4236-97fd-5c4f080a1feb\/\" class=\"wp-image-1566\" srcset=\"https:\/\/cvmarj.org.br\/site\/wp-content\/uploads\/2021\/05\/d7592ff7-d955-4236-97fd-5c4f080a1feb.jpg 660w, https:\/\/cvmarj.org.br\/site\/wp-content\/uploads\/2021\/05\/d7592ff7-d955-4236-97fd-5c4f080a1feb-300x218.jpg 300w\" sizes=\"(max-width: 660px) 100vw, 660px\" \/><\/figure><\/li><li class=\"blocks-gallery-item\"><figure><img loading=\"lazy\" decoding=\"async\" width=\"596\" height=\"461\" src=\"http:\/\/cvmarj.org.br\/site\/wp-content\/uploads\/2021\/05\/e0ec645f-a095-48f5-93ae-bbec0b7ca620.jpg\" alt=\"\" data-id=\"1567\" data-full-url=\"http:\/\/cvmarj.org.br\/site\/wp-content\/uploads\/2021\/05\/e0ec645f-a095-48f5-93ae-bbec0b7ca620.jpg\" data-link=\"http:\/\/cvmarj.org.br\/site\/index.php\/2021\/05\/22\/sefferson-steindorff-23-museu-militar\/e0ec645f-a095-48f5-93ae-bbec0b7ca620\/\" class=\"wp-image-1567\" srcset=\"https:\/\/cvmarj.org.br\/site\/wp-content\/uploads\/2021\/05\/e0ec645f-a095-48f5-93ae-bbec0b7ca620.jpg 596w, https:\/\/cvmarj.org.br\/site\/wp-content\/uploads\/2021\/05\/e0ec645f-a095-48f5-93ae-bbec0b7ca620-300x232.jpg 300w\" sizes=\"(max-width: 596px) 100vw, 596px\" \/><\/figure><\/li><\/ul><\/figure>\n","protected":false},"excerpt":{"rendered":"<p>BRASILEIRO \u2013 A28Marca: Viatura DODGE Power WagonModelo: Dodge Power WagonCor: VerdeAno: 1942Placa: N\u00e3o emplacadoIdentifica\u00e7\u00e3o: Americana<\/p>\n","protected":false},"author":1,"featured_media":1561,"comment_status":"closed","ping_status":"closed","sticky":false,"template":"","format":"standard","meta":{"neve_meta_sidebar":"","neve_meta_container":"","neve_meta_enable_content_width":"","neve_meta_content_width":0,"neve_meta_title_alignment":"","neve_meta_author_avatar":"","neve_post_elements_order":"","neve_meta_disable_header":"","neve_meta_disable_footer":"","neve_meta_disable_title":"","footnotes":""},"categories":[4],"tags":[],"_links":{"self":[{"href":"https:\/\/cvmarj.org.br\/site\/index.php\/wp-json\/wp\/v2\/posts\/1560"}],"collection":[{"href":"https:\/\/cvmarj.org.br\/site\/index.php\/wp-json\/wp\/v2\/posts"}],"about":[{"href":"https:\/\/cvmarj.org.br\/site\/index.php\/wp-json\/wp\/v2\/types\/post"}],"author":[{"embeddable":true,"href":"https:\/\/cvmarj.org.br\/site\/index.php\/wp-json\/wp\/v2\/users\/1"}],"replies":[{"embeddable":true,"href":"https:\/\/cvmarj.org.br\/site\/index.php\/wp-json\/wp\/v2\/comments?post=1560"}],"version-history":[{"count":3,"href":"https:\/\/cvmarj.org.br\/site\/index.php\/wp-json\/wp\/v2\/posts\/1560\/revisions"}],"predecessor-version":[{"id":1569,"href":"https:\/\/cvmarj.org.br\/site\/index.php\/wp-json\/wp\/v2\/posts\/1560\/revisions\/1569"}],"wp:featuredmedia":[{"embeddable":true,"href":"https:\/\/cvmarj.org.br\/site\/index.php\/wp-json\/wp\/v2\/media\/1561"}],"wp:attachment":[{"href":"https:\/\/cvmarj.org.br\/site\/index.php\/wp-json\/wp\/v2\/media?parent=1560"}],"wp:term":[{"taxonomy":"category","embeddable":true,"href":"https:\/\/cvmarj.org.br\/site\/index.php\/wp-json\/wp\/v2\/categories?post=1560"},{"taxonomy":"post_tag","embeddable":true,"href":"https:\/\/cvmarj.org.br\/site\/index.php\/wp-json\/wp\/v2\/tags?post=1560"}],"curies":[{"name":"wp","href":"https:\/\/api.w.org\/{rel}","templated":true}]}}