{"id":1570,"date":"2021-05-22T13:22:34","date_gmt":"2021-05-22T16:22:34","guid":{"rendered":"http:\/\/cvmarj.org.br\/site\/?p=1570"},"modified":"2021-05-22T13:22:53","modified_gmt":"2021-05-22T16:22:53","slug":"sefferson-steindorff-23-museu-militar-2","status":"publish","type":"post","link":"https:\/\/cvmarj.org.br\/site\/index.php\/2021\/05\/22\/sefferson-steindorff-23-museu-militar-2\/","title":{"rendered":"Sefferson Steindorff 24 (Museu Militar)"},"content":{"rendered":"\n<p>BRASILEIRO \u2013 A27<br>Marca: Viatura Scout Car M3A1<br>Modelo: M3A1 Scout Car 4&#215;4<br>Cor: Verde<br>Ano: 1942<br>Placa: N\u00e3o emplacado<br>Identifica\u00e7\u00e3o: Americana<\/p>\n\n\n\n<figure class=\"wp-block-gallery columns-3 is-cropped wp-block-gallery-1 is-layout-flex wp-block-gallery-is-layout-flex\"><ul class=\"blocks-gallery-grid\"><li class=\"blocks-gallery-item\"><figure><img fetchpriority=\"high\" decoding=\"async\" width=\"458\" height=\"353\" src=\"http:\/\/cvmarj.org.br\/site\/wp-content\/uploads\/2021\/05\/7c30f2ab-d142-40a4-90ad-1536be58f59f.jpg\" alt=\"\" data-id=\"1572\" data-full-url=\"http:\/\/cvmarj.org.br\/site\/wp-content\/uploads\/2021\/05\/7c30f2ab-d142-40a4-90ad-1536be58f59f.jpg\" data-link=\"http:\/\/cvmarj.org.br\/site\/?attachment_id=1572\" class=\"wp-image-1572\" srcset=\"https:\/\/cvmarj.org.br\/site\/wp-content\/uploads\/2021\/05\/7c30f2ab-d142-40a4-90ad-1536be58f59f.jpg 458w, https:\/\/cvmarj.org.br\/site\/wp-content\/uploads\/2021\/05\/7c30f2ab-d142-40a4-90ad-1536be58f59f-300x231.jpg 300w\" sizes=\"(max-width: 458px) 100vw, 458px\" \/><\/figure><\/li><li class=\"blocks-gallery-item\"><figure><img decoding=\"async\" width=\"716\" height=\"354\" src=\"http:\/\/cvmarj.org.br\/site\/wp-content\/uploads\/2021\/05\/048f8ff6-1fa3-4f6b-bd7c-e96551260718.jpg\" alt=\"\" data-id=\"1573\" data-full-url=\"http:\/\/cvmarj.org.br\/site\/wp-content\/uploads\/2021\/05\/048f8ff6-1fa3-4f6b-bd7c-e96551260718.jpg\" data-link=\"http:\/\/cvmarj.org.br\/site\/?attachment_id=1573\" class=\"wp-image-1573\" srcset=\"https:\/\/cvmarj.org.br\/site\/wp-content\/uploads\/2021\/05\/048f8ff6-1fa3-4f6b-bd7c-e96551260718.jpg 716w, https:\/\/cvmarj.org.br\/site\/wp-content\/uploads\/2021\/05\/048f8ff6-1fa3-4f6b-bd7c-e96551260718-300x148.jpg 300w\" sizes=\"(max-width: 716px) 100vw, 716px\" \/><\/figure><\/li><li class=\"blocks-gallery-item\"><figure><img decoding=\"async\" width=\"697\" height=\"353\" src=\"http:\/\/cvmarj.org.br\/site\/wp-content\/uploads\/2021\/05\/86fd78ad-c749-40a1-8d47-0506da497163.jpg\" alt=\"\" data-id=\"1574\" data-full-url=\"http:\/\/cvmarj.org.br\/site\/wp-content\/uploads\/2021\/05\/86fd78ad-c749-40a1-8d47-0506da497163.jpg\" data-link=\"http:\/\/cvmarj.org.br\/site\/?attachment_id=1574\" class=\"wp-image-1574\" srcset=\"https:\/\/cvmarj.org.br\/site\/wp-content\/uploads\/2021\/05\/86fd78ad-c749-40a1-8d47-0506da497163.jpg 697w, https:\/\/cvmarj.org.br\/site\/wp-content\/uploads\/2021\/05\/86fd78ad-c749-40a1-8d47-0506da497163-300x152.jpg 300w\" sizes=\"(max-width: 697px) 100vw, 697px\" \/><\/figure><\/li><\/ul><\/figure>\n","protected":false},"excerpt":{"rendered":"<p>BRASILEIRO \u2013 A27Marca: Viatura Scout Car M3A1Modelo: M3A1 Scout Car 4&#215;4Cor: VerdeAno: 1942Placa: N\u00e3o emplacadoIdentifica\u00e7\u00e3o: Americana<\/p>\n","protected":false},"author":1,"featured_media":1571,"comment_status":"closed","ping_status":"closed","sticky":false,"template":"","format":"standard","meta":{"neve_meta_sidebar":"","neve_meta_container":"","neve_meta_enable_content_width":"","neve_meta_content_width":0,"neve_meta_title_alignment":"","neve_meta_author_avatar":"","neve_post_elements_order":"","neve_meta_disable_header":"","neve_meta_disable_footer":"","neve_meta_disable_title":"","footnotes":""},"categories":[4],"tags":[],"_links":{"self":[{"href":"https:\/\/cvmarj.org.br\/site\/index.php\/wp-json\/wp\/v2\/posts\/1570"}],"collection":[{"href":"https:\/\/cvmarj.org.br\/site\/index.php\/wp-json\/wp\/v2\/posts"}],"about":[{"href":"https:\/\/cvmarj.org.br\/site\/index.php\/wp-json\/wp\/v2\/types\/post"}],"author":[{"embeddable":true,"href":"https:\/\/cvmarj.org.br\/site\/index.php\/wp-json\/wp\/v2\/users\/1"}],"replies":[{"embeddable":true,"href":"https:\/\/cvmarj.org.br\/site\/index.php\/wp-json\/wp\/v2\/comments?post=1570"}],"version-history":[{"count":2,"href":"https:\/\/cvmarj.org.br\/site\/index.php\/wp-json\/wp\/v2\/posts\/1570\/revisions"}],"predecessor-version":[{"id":1576,"href":"https:\/\/cvmarj.org.br\/site\/index.php\/wp-json\/wp\/v2\/posts\/1570\/revisions\/1576"}],"wp:featuredmedia":[{"embeddable":true,"href":"https:\/\/cvmarj.org.br\/site\/index.php\/wp-json\/wp\/v2\/media\/1571"}],"wp:attachment":[{"href":"https:\/\/cvmarj.org.br\/site\/index.php\/wp-json\/wp\/v2\/media?parent=1570"}],"wp:term":[{"taxonomy":"category","embeddable":true,"href":"https:\/\/cvmarj.org.br\/site\/index.php\/wp-json\/wp\/v2\/categories?post=1570"},{"taxonomy":"post_tag","embeddable":true,"href":"https:\/\/cvmarj.org.br\/site\/index.php\/wp-json\/wp\/v2\/tags?post=1570"}],"curies":[{"name":"wp","href":"https:\/\/api.w.org\/{rel}","templated":true}]}}