{"id":1577,"date":"2021-05-22T13:25:16","date_gmt":"2021-05-22T16:25:16","guid":{"rendered":"http:\/\/cvmarj.org.br\/site\/?p=1577"},"modified":"2021-05-22T13:25:37","modified_gmt":"2021-05-22T16:25:37","slug":"sefferson-steindorff-25-museu-militar","status":"publish","type":"post","link":"https:\/\/cvmarj.org.br\/site\/index.php\/2021\/05\/22\/sefferson-steindorff-25-museu-militar\/","title":{"rendered":"Sefferson Steindorff 25 (Museu Militar)"},"content":{"rendered":"\n<p>BRASILEIRO \u2013 A26<br>Marca: Viatura TE Cisterna Combustivel<br>Modelo: GMC\/Caminh\u00e3o Cisterna<br>Cor: Verde<br>Ano: 1942<br>Placa: N\u00e3o emplacado<br>Identifica\u00e7\u00e3o: Americana<\/p>\n\n\n\n<figure class=\"wp-block-gallery columns-2 is-cropped wp-block-gallery-1 is-layout-flex wp-block-gallery-is-layout-flex\"><ul class=\"blocks-gallery-grid\"><li class=\"blocks-gallery-item\"><figure><img fetchpriority=\"high\" decoding=\"async\" width=\"583\" height=\"472\" src=\"http:\/\/cvmarj.org.br\/site\/wp-content\/uploads\/2021\/05\/b539c2af-ed11-4d36-8be4-b14545d97990.jpg\" alt=\"\" data-id=\"1579\" data-full-url=\"http:\/\/cvmarj.org.br\/site\/wp-content\/uploads\/2021\/05\/b539c2af-ed11-4d36-8be4-b14545d97990.jpg\" data-link=\"http:\/\/cvmarj.org.br\/site\/?attachment_id=1579\" class=\"wp-image-1579\" srcset=\"https:\/\/cvmarj.org.br\/site\/wp-content\/uploads\/2021\/05\/b539c2af-ed11-4d36-8be4-b14545d97990.jpg 583w, https:\/\/cvmarj.org.br\/site\/wp-content\/uploads\/2021\/05\/b539c2af-ed11-4d36-8be4-b14545d97990-300x243.jpg 300w\" sizes=\"(max-width: 583px) 100vw, 583px\" \/><\/figure><\/li><li class=\"blocks-gallery-item\"><figure><img decoding=\"async\" width=\"694\" height=\"291\" src=\"http:\/\/cvmarj.org.br\/site\/wp-content\/uploads\/2021\/05\/e3bbf072-0134-49eb-a4d8-15d18d22d398.jpg\" alt=\"\" data-id=\"1580\" data-full-url=\"http:\/\/cvmarj.org.br\/site\/wp-content\/uploads\/2021\/05\/e3bbf072-0134-49eb-a4d8-15d18d22d398.jpg\" data-link=\"http:\/\/cvmarj.org.br\/site\/?attachment_id=1580\" class=\"wp-image-1580\" srcset=\"https:\/\/cvmarj.org.br\/site\/wp-content\/uploads\/2021\/05\/e3bbf072-0134-49eb-a4d8-15d18d22d398.jpg 694w, https:\/\/cvmarj.org.br\/site\/wp-content\/uploads\/2021\/05\/e3bbf072-0134-49eb-a4d8-15d18d22d398-300x126.jpg 300w\" sizes=\"(max-width: 694px) 100vw, 694px\" \/><\/figure><\/li><\/ul><\/figure>\n","protected":false},"excerpt":{"rendered":"<p>BRASILEIRO \u2013 A26Marca: Viatura TE Cisterna CombustivelModelo: GMC\/Caminh\u00e3o CisternaCor: VerdeAno: 1942Placa: N\u00e3o emplacadoIdentifica\u00e7\u00e3o: Americana<\/p>\n","protected":false},"author":1,"featured_media":1578,"comment_status":"closed","ping_status":"closed","sticky":false,"template":"","format":"standard","meta":{"neve_meta_sidebar":"","neve_meta_container":"","neve_meta_enable_content_width":"","neve_meta_content_width":0,"neve_meta_title_alignment":"","neve_meta_author_avatar":"","neve_post_elements_order":"","neve_meta_disable_header":"","neve_meta_disable_footer":"","neve_meta_disable_title":"","footnotes":""},"categories":[4],"tags":[],"_links":{"self":[{"href":"https:\/\/cvmarj.org.br\/site\/index.php\/wp-json\/wp\/v2\/posts\/1577"}],"collection":[{"href":"https:\/\/cvmarj.org.br\/site\/index.php\/wp-json\/wp\/v2\/posts"}],"about":[{"href":"https:\/\/cvmarj.org.br\/site\/index.php\/wp-json\/wp\/v2\/types\/post"}],"author":[{"embeddable":true,"href":"https:\/\/cvmarj.org.br\/site\/index.php\/wp-json\/wp\/v2\/users\/1"}],"replies":[{"embeddable":true,"href":"https:\/\/cvmarj.org.br\/site\/index.php\/wp-json\/wp\/v2\/comments?post=1577"}],"version-history":[{"count":1,"href":"https:\/\/cvmarj.org.br\/site\/index.php\/wp-json\/wp\/v2\/posts\/1577\/revisions"}],"predecessor-version":[{"id":1581,"href":"https:\/\/cvmarj.org.br\/site\/index.php\/wp-json\/wp\/v2\/posts\/1577\/revisions\/1581"}],"wp:featuredmedia":[{"embeddable":true,"href":"https:\/\/cvmarj.org.br\/site\/index.php\/wp-json\/wp\/v2\/media\/1578"}],"wp:attachment":[{"href":"https:\/\/cvmarj.org.br\/site\/index.php\/wp-json\/wp\/v2\/media?parent=1577"}],"wp:term":[{"taxonomy":"category","embeddable":true,"href":"https:\/\/cvmarj.org.br\/site\/index.php\/wp-json\/wp\/v2\/categories?post=1577"},{"taxonomy":"post_tag","embeddable":true,"href":"https:\/\/cvmarj.org.br\/site\/index.php\/wp-json\/wp\/v2\/tags?post=1577"}],"curies":[{"name":"wp","href":"https:\/\/api.w.org\/{rel}","templated":true}]}}