{"id":1582,"date":"2021-05-22T13:30:40","date_gmt":"2021-05-22T16:30:40","guid":{"rendered":"http:\/\/cvmarj.org.br\/site\/?p=1582"},"modified":"2021-05-22T13:30:47","modified_gmt":"2021-05-22T16:30:47","slug":"sefferson-steindorff-26-museu-militar","status":"publish","type":"post","link":"https:\/\/cvmarj.org.br\/site\/index.php\/2021\/05\/22\/sefferson-steindorff-26-museu-militar\/","title":{"rendered":"Sefferson Steindorff 26 (Museu Militar)"},"content":{"rendered":"\n<p>BRASILEIRO \u2013 A25<br>Marca: Viatura Jeep Canhoneiro<br>Modelo: Ford Willys\/Jeep Canhoneiro TE CSR \u00bc Ton. 4&#215;4<br>Cor: Verde<br>Ano: 1971<br>Placa: N\u00e3o emplacado<br>Identifica\u00e7\u00e3o: Brasileiro<\/p>\n\n\n\n<figure class=\"wp-block-gallery columns-3 is-cropped wp-block-gallery-1 is-layout-flex wp-block-gallery-is-layout-flex\"><ul class=\"blocks-gallery-grid\"><li class=\"blocks-gallery-item\"><figure><img fetchpriority=\"high\" decoding=\"async\" width=\"584\" height=\"428\" src=\"http:\/\/cvmarj.org.br\/site\/wp-content\/uploads\/2021\/05\/0e3a812f-9a57-41cd-a75f-164d2f6382dd.jpg\" alt=\"\" data-id=\"1584\" data-full-url=\"http:\/\/cvmarj.org.br\/site\/wp-content\/uploads\/2021\/05\/0e3a812f-9a57-41cd-a75f-164d2f6382dd.jpg\" data-link=\"http:\/\/cvmarj.org.br\/site\/?attachment_id=1584\" class=\"wp-image-1584\" srcset=\"https:\/\/cvmarj.org.br\/site\/wp-content\/uploads\/2021\/05\/0e3a812f-9a57-41cd-a75f-164d2f6382dd.jpg 584w, https:\/\/cvmarj.org.br\/site\/wp-content\/uploads\/2021\/05\/0e3a812f-9a57-41cd-a75f-164d2f6382dd-300x220.jpg 300w\" sizes=\"(max-width: 584px) 100vw, 584px\" \/><\/figure><\/li><li class=\"blocks-gallery-item\"><figure><img decoding=\"async\" width=\"611\" height=\"451\" src=\"http:\/\/cvmarj.org.br\/site\/wp-content\/uploads\/2021\/05\/298ed206-68df-46fb-beda-74fb97c37ae1.jpg\" alt=\"\" data-id=\"1585\" data-full-url=\"http:\/\/cvmarj.org.br\/site\/wp-content\/uploads\/2021\/05\/298ed206-68df-46fb-beda-74fb97c37ae1.jpg\" data-link=\"http:\/\/cvmarj.org.br\/site\/?attachment_id=1585\" class=\"wp-image-1585\" srcset=\"https:\/\/cvmarj.org.br\/site\/wp-content\/uploads\/2021\/05\/298ed206-68df-46fb-beda-74fb97c37ae1.jpg 611w, https:\/\/cvmarj.org.br\/site\/wp-content\/uploads\/2021\/05\/298ed206-68df-46fb-beda-74fb97c37ae1-300x221.jpg 300w\" sizes=\"(max-width: 611px) 100vw, 611px\" \/><\/figure><\/li><li class=\"blocks-gallery-item\"><figure><img decoding=\"async\" width=\"500\" height=\"458\" src=\"http:\/\/cvmarj.org.br\/site\/wp-content\/uploads\/2021\/05\/c8470e87-ed65-4c88-b77c-029ce79415f0.jpg\" alt=\"\" data-id=\"1586\" data-full-url=\"http:\/\/cvmarj.org.br\/site\/wp-content\/uploads\/2021\/05\/c8470e87-ed65-4c88-b77c-029ce79415f0.jpg\" data-link=\"http:\/\/cvmarj.org.br\/site\/?attachment_id=1586\" class=\"wp-image-1586\" srcset=\"https:\/\/cvmarj.org.br\/site\/wp-content\/uploads\/2021\/05\/c8470e87-ed65-4c88-b77c-029ce79415f0.jpg 500w, https:\/\/cvmarj.org.br\/site\/wp-content\/uploads\/2021\/05\/c8470e87-ed65-4c88-b77c-029ce79415f0-300x275.jpg 300w\" sizes=\"(max-width: 500px) 100vw, 500px\" \/><\/figure><\/li><\/ul><\/figure>\n","protected":false},"excerpt":{"rendered":"<p>BRASILEIRO \u2013 A25Marca: Viatura Jeep CanhoneiroModelo: Ford Willys\/Jeep Canhoneiro TE CSR \u00bc Ton. 4&#215;4Cor: VerdeAno: 1971Placa: N\u00e3o emplacadoIdentifica\u00e7\u00e3o: Brasileiro<\/p>\n","protected":false},"author":1,"featured_media":1583,"comment_status":"closed","ping_status":"closed","sticky":false,"template":"","format":"standard","meta":{"neve_meta_sidebar":"","neve_meta_container":"","neve_meta_enable_content_width":"","neve_meta_content_width":0,"neve_meta_title_alignment":"","neve_meta_author_avatar":"","neve_post_elements_order":"","neve_meta_disable_header":"","neve_meta_disable_footer":"","neve_meta_disable_title":"","footnotes":""},"categories":[4],"tags":[],"_links":{"self":[{"href":"https:\/\/cvmarj.org.br\/site\/index.php\/wp-json\/wp\/v2\/posts\/1582"}],"collection":[{"href":"https:\/\/cvmarj.org.br\/site\/index.php\/wp-json\/wp\/v2\/posts"}],"about":[{"href":"https:\/\/cvmarj.org.br\/site\/index.php\/wp-json\/wp\/v2\/types\/post"}],"author":[{"embeddable":true,"href":"https:\/\/cvmarj.org.br\/site\/index.php\/wp-json\/wp\/v2\/users\/1"}],"replies":[{"embeddable":true,"href":"https:\/\/cvmarj.org.br\/site\/index.php\/wp-json\/wp\/v2\/comments?post=1582"}],"version-history":[{"count":1,"href":"https:\/\/cvmarj.org.br\/site\/index.php\/wp-json\/wp\/v2\/posts\/1582\/revisions"}],"predecessor-version":[{"id":1587,"href":"https:\/\/cvmarj.org.br\/site\/index.php\/wp-json\/wp\/v2\/posts\/1582\/revisions\/1587"}],"wp:featuredmedia":[{"embeddable":true,"href":"https:\/\/cvmarj.org.br\/site\/index.php\/wp-json\/wp\/v2\/media\/1583"}],"wp:attachment":[{"href":"https:\/\/cvmarj.org.br\/site\/index.php\/wp-json\/wp\/v2\/media?parent=1582"}],"wp:term":[{"taxonomy":"category","embeddable":true,"href":"https:\/\/cvmarj.org.br\/site\/index.php\/wp-json\/wp\/v2\/categories?post=1582"},{"taxonomy":"post_tag","embeddable":true,"href":"https:\/\/cvmarj.org.br\/site\/index.php\/wp-json\/wp\/v2\/tags?post=1582"}],"curies":[{"name":"wp","href":"https:\/\/api.w.org\/{rel}","templated":true}]}}