{"id":1601,"date":"2021-05-22T13:40:27","date_gmt":"2021-05-22T16:40:27","guid":{"rendered":"http:\/\/cvmarj.org.br\/site\/?p=1601"},"modified":"2021-05-22T13:40:32","modified_gmt":"2021-05-22T16:40:32","slug":"sefferson-steindorff-29-museu-militar","status":"publish","type":"post","link":"https:\/\/cvmarj.org.br\/site\/index.php\/2021\/05\/22\/sefferson-steindorff-29-museu-militar\/","title":{"rendered":"Sefferson Steindorff 29 (Museu Militar)"},"content":{"rendered":"\n<p><a href=\"http:\/\/cvmarj.org.br\/site\/index.php\/2021\/05\/22\/sefferson-steindorff-28-museu-militar\/\">SAIBA MAIS<\/a><\/p>\n\n\n\n<p>BRASILEIRO \u2013 A22<br>Marca: Viatura Chevrolet Canadense<br>Modelo: Caminh\u00e3o Chevrolet Canadense 4&#215;4<br>Cor: Verde<br>Ano: 1943<br>Placa: N\u00e3o emplacado<br>Identifica\u00e7\u00e3o: Canadense<\/p>\n\n\n\n<figure class=\"wp-block-gallery columns-3 is-cropped wp-block-gallery-1 is-layout-flex wp-block-gallery-is-layout-flex\"><ul class=\"blocks-gallery-grid\"><li class=\"blocks-gallery-item\"><figure><img fetchpriority=\"high\" decoding=\"async\" width=\"658\" height=\"476\" src=\"http:\/\/cvmarj.org.br\/site\/wp-content\/uploads\/2021\/05\/3f26583e-a5c3-413e-be86-f087bc7f7b8b.jpg\" alt=\"\" data-id=\"1602\" data-full-url=\"http:\/\/cvmarj.org.br\/site\/wp-content\/uploads\/2021\/05\/3f26583e-a5c3-413e-be86-f087bc7f7b8b.jpg\" data-link=\"http:\/\/cvmarj.org.br\/site\/?attachment_id=1602\" class=\"wp-image-1602\" srcset=\"https:\/\/cvmarj.org.br\/site\/wp-content\/uploads\/2021\/05\/3f26583e-a5c3-413e-be86-f087bc7f7b8b.jpg 658w, https:\/\/cvmarj.org.br\/site\/wp-content\/uploads\/2021\/05\/3f26583e-a5c3-413e-be86-f087bc7f7b8b-300x217.jpg 300w\" sizes=\"(max-width: 658px) 100vw, 658px\" \/><\/figure><\/li><li class=\"blocks-gallery-item\"><figure><img decoding=\"async\" width=\"640\" height=\"480\" src=\"http:\/\/cvmarj.org.br\/site\/wp-content\/uploads\/2021\/05\/047e7243-92c5-4e7f-9f3a-4d1e290ac81c.jpg\" alt=\"\" data-id=\"1603\" data-full-url=\"http:\/\/cvmarj.org.br\/site\/wp-content\/uploads\/2021\/05\/047e7243-92c5-4e7f-9f3a-4d1e290ac81c.jpg\" data-link=\"http:\/\/cvmarj.org.br\/site\/?attachment_id=1603\" class=\"wp-image-1603\" srcset=\"https:\/\/cvmarj.org.br\/site\/wp-content\/uploads\/2021\/05\/047e7243-92c5-4e7f-9f3a-4d1e290ac81c.jpg 640w, https:\/\/cvmarj.org.br\/site\/wp-content\/uploads\/2021\/05\/047e7243-92c5-4e7f-9f3a-4d1e290ac81c-300x225.jpg 300w\" sizes=\"(max-width: 640px) 100vw, 640px\" \/><\/figure><\/li><li class=\"blocks-gallery-item\"><figure><img decoding=\"async\" width=\"480\" height=\"640\" src=\"http:\/\/cvmarj.org.br\/site\/wp-content\/uploads\/2021\/05\/2271a5cb-7d32-4116-9e7b-271366cef58d.jpg\" alt=\"\" data-id=\"1604\" data-full-url=\"http:\/\/cvmarj.org.br\/site\/wp-content\/uploads\/2021\/05\/2271a5cb-7d32-4116-9e7b-271366cef58d.jpg\" data-link=\"http:\/\/cvmarj.org.br\/site\/?attachment_id=1604\" class=\"wp-image-1604\" srcset=\"https:\/\/cvmarj.org.br\/site\/wp-content\/uploads\/2021\/05\/2271a5cb-7d32-4116-9e7b-271366cef58d.jpg 480w, https:\/\/cvmarj.org.br\/site\/wp-content\/uploads\/2021\/05\/2271a5cb-7d32-4116-9e7b-271366cef58d-225x300.jpg 225w\" sizes=\"(max-width: 480px) 100vw, 480px\" \/><\/figure><\/li><li class=\"blocks-gallery-item\"><figure><img decoding=\"async\" src=\"blob:http:\/\/cvmarj.org.br\/8ec0d127-18bf-4aaa-b035-af0682b7a4ae\" data-id=\"\"\/><\/figure><\/li><\/ul><\/figure>\n","protected":false},"excerpt":{"rendered":"<p>SAIBA MAIS BRASILEIRO \u2013 A22Marca: Viatura Chevrolet CanadenseModelo: Caminh\u00e3o Chevrolet Canadense 4&#215;4Cor: VerdeAno: 1943Placa: N\u00e3o emplacadoIdentifica\u00e7\u00e3o: Canadense<\/p>\n","protected":false},"author":1,"featured_media":1606,"comment_status":"closed","ping_status":"closed","sticky":false,"template":"","format":"standard","meta":{"neve_meta_sidebar":"","neve_meta_container":"","neve_meta_enable_content_width":"","neve_meta_content_width":0,"neve_meta_title_alignment":"","neve_meta_author_avatar":"","neve_post_elements_order":"","neve_meta_disable_header":"","neve_meta_disable_footer":"","neve_meta_disable_title":"","footnotes":""},"categories":[4],"tags":[],"_links":{"self":[{"href":"https:\/\/cvmarj.org.br\/site\/index.php\/wp-json\/wp\/v2\/posts\/1601"}],"collection":[{"href":"https:\/\/cvmarj.org.br\/site\/index.php\/wp-json\/wp\/v2\/posts"}],"about":[{"href":"https:\/\/cvmarj.org.br\/site\/index.php\/wp-json\/wp\/v2\/types\/post"}],"author":[{"embeddable":true,"href":"https:\/\/cvmarj.org.br\/site\/index.php\/wp-json\/wp\/v2\/users\/1"}],"replies":[{"embeddable":true,"href":"https:\/\/cvmarj.org.br\/site\/index.php\/wp-json\/wp\/v2\/comments?post=1601"}],"version-history":[{"count":1,"href":"https:\/\/cvmarj.org.br\/site\/index.php\/wp-json\/wp\/v2\/posts\/1601\/revisions"}],"predecessor-version":[{"id":1607,"href":"https:\/\/cvmarj.org.br\/site\/index.php\/wp-json\/wp\/v2\/posts\/1601\/revisions\/1607"}],"wp:featuredmedia":[{"embeddable":true,"href":"https:\/\/cvmarj.org.br\/site\/index.php\/wp-json\/wp\/v2\/media\/1606"}],"wp:attachment":[{"href":"https:\/\/cvmarj.org.br\/site\/index.php\/wp-json\/wp\/v2\/media?parent=1601"}],"wp:term":[{"taxonomy":"category","embeddable":true,"href":"https:\/\/cvmarj.org.br\/site\/index.php\/wp-json\/wp\/v2\/categories?post=1601"},{"taxonomy":"post_tag","embeddable":true,"href":"https:\/\/cvmarj.org.br\/site\/index.php\/wp-json\/wp\/v2\/tags?post=1601"}],"curies":[{"name":"wp","href":"https:\/\/api.w.org\/{rel}","templated":true}]}}