{"id":1673,"date":"2021-06-05T12:49:40","date_gmt":"2021-06-05T15:49:40","guid":{"rendered":"https:\/\/cvmarj.org.br\/site\/?p=1673"},"modified":"2021-06-05T12:56:40","modified_gmt":"2021-06-05T15:56:40","slug":"sergio-capella-cvmarj-19-anos","status":"publish","type":"post","link":"https:\/\/cvmarj.org.br\/site\/index.php\/2021\/06\/05\/sergio-capella-cvmarj-19-anos\/","title":{"rendered":"S\u00e9rgio Capella &#8211; CVMARJ 19 Anos"},"content":{"rendered":"\n<p>Em 2005, me tornei S\u00f3cio do CVMARJ, recebendo o n\u00b0 28.<br>Me co\u013aoquei \u00e0 disposi\u00e7\u00e3o para ajudar ao amigo Humberto Brand\u00e3o, na \u00e9poca, DIRETOR DE RELA\u00c7\u00d5ES P\u00daBLICAS do Clube.<br>Tempos depois, me tornei o titular da pasta.<br>Trabalhei por muito tempo levando e divulgando as a\u00e7\u00f5es do Clube, abrindo novas frentes, sempre seguindo orienta\u00e7\u00f5es da Diretoria.<br>Conquistamos muitas coisas, tornando o Clube uma refer\u00eancia no segmento, n\u00e3o sendo melhor nem pior que os outros Clubes, apenas SOMOS diferentes.<br>Agora, &#8220;estou&#8221; no segundo mandado como Presidente, que se encerra em 2022.<br>Assim como eu respondi \u00e0 &#8220;convoca\u00e7\u00e3o&#8221; para a MISS\u00c3O, espero que possamos ter outros amigos a &#8220;SEGUIR EM FRENTE&#8221;, quando eu deixar \u00e0 Presid\u00eancia.<br>Obrigado CVMARJ, por me propiciar bons e inesquec\u00edveis momentos nesses 16 anos como membro do CLUBE DE VE\u00cdCULOS MILITARES ANTIGOS DO RIO DE JANEIRO.<\/p>\n\n\n\n<p>At<\/p>\n\n\n\n<p>S\u00e9rgio Capella.<br>S\u00d3CIO N\u00b0 28.<\/p>\n","protected":false},"excerpt":{"rendered":"<p>Em 2005, me tornei S\u00f3cio do CVMARJ, recebendo o n\u00b0 28.Me co\u013aoquei \u00e0 disposi\u00e7\u00e3o para ajudar ao amigo Humberto Brand\u00e3o, na \u00e9poca, DIRETOR DE RELA\u00c7\u00d5ES P\u00daBLICAS do Clube.Tempos depois, me tornei o titular da pasta.Trabalhei por muito tempo levando e divulgando as a\u00e7\u00f5es do Clube, abrindo novas frentes, sempre seguindo orienta\u00e7\u00f5es da Diretoria.Conquistamos muitas coisas,&hellip;&nbsp;<a href=\"https:\/\/cvmarj.org.br\/site\/index.php\/2021\/06\/05\/sergio-capella-cvmarj-19-anos\/\" class=\"\" rel=\"bookmark\">Ler mais &raquo;<span class=\"screen-reader-text\">S\u00e9rgio Capella &#8211; CVMARJ 19 Anos<\/span><\/a><\/p>\n","protected":false},"author":1,"featured_media":0,"comment_status":"closed","ping_status":"closed","sticky":false,"template":"","format":"standard","meta":{"neve_meta_sidebar":"","neve_meta_container":"","neve_meta_enable_content_width":"","neve_meta_content_width":0,"neve_meta_title_alignment":"","neve_meta_author_avatar":"","neve_post_elements_order":"","neve_meta_disable_header":"","neve_meta_disable_footer":"","neve_meta_disable_title":"","footnotes":""},"categories":[13],"tags":[],"_links":{"self":[{"href":"https:\/\/cvmarj.org.br\/site\/index.php\/wp-json\/wp\/v2\/posts\/1673"}],"collection":[{"href":"https:\/\/cvmarj.org.br\/site\/index.php\/wp-json\/wp\/v2\/posts"}],"about":[{"href":"https:\/\/cvmarj.org.br\/site\/index.php\/wp-json\/wp\/v2\/types\/post"}],"author":[{"embeddable":true,"href":"https:\/\/cvmarj.org.br\/site\/index.php\/wp-json\/wp\/v2\/users\/1"}],"replies":[{"embeddable":true,"href":"https:\/\/cvmarj.org.br\/site\/index.php\/wp-json\/wp\/v2\/comments?post=1673"}],"version-history":[{"count":2,"href":"https:\/\/cvmarj.org.br\/site\/index.php\/wp-json\/wp\/v2\/posts\/1673\/revisions"}],"predecessor-version":[{"id":1680,"href":"https:\/\/cvmarj.org.br\/site\/index.php\/wp-json\/wp\/v2\/posts\/1673\/revisions\/1680"}],"wp:attachment":[{"href":"https:\/\/cvmarj.org.br\/site\/index.php\/wp-json\/wp\/v2\/media?parent=1673"}],"wp:term":[{"taxonomy":"category","embeddable":true,"href":"https:\/\/cvmarj.org.br\/site\/index.php\/wp-json\/wp\/v2\/categories?post=1673"},{"taxonomy":"post_tag","embeddable":true,"href":"https:\/\/cvmarj.org.br\/site\/index.php\/wp-json\/wp\/v2\/tags?post=1673"}],"curies":[{"name":"wp","href":"https:\/\/api.w.org\/{rel}","templated":true}]}}