{"id":1682,"date":"2021-06-05T13:05:57","date_gmt":"2021-06-05T16:05:57","guid":{"rendered":"https:\/\/cvmarj.org.br\/site\/?p=1682"},"modified":"2021-06-08T15:33:37","modified_gmt":"2021-06-08T18:33:37","slug":"cel-med-r1-haroldo-cvmarj-19-anos","status":"publish","type":"post","link":"https:\/\/cvmarj.org.br\/site\/index.php\/2021\/06\/05\/cel-med-r1-haroldo-cvmarj-19-anos\/","title":{"rendered":"Cel Med R1 HAROLDO &#8211; CVMARJ 19 Anos"},"content":{"rendered":"\n<p>Parab\u00e9ns ao CVMARJ pelos seus 19 anos de desembarque nas praias do Brasil. Seu pessoal e suas a\u00e7\u00f5es eternizam os feitos das nossa viaturas militares no Pa\u00eds e no exterior. Que esse seja mais um Dia D na vida de cada um de n\u00f3s, sempre ao lado das For\u00e7as do Bem. BRASIL!<br>Cel Med R1 HAROLDO.<\/p>\n","protected":false},"excerpt":{"rendered":"<p>Parab\u00e9ns ao CVMARJ pelos seus 19 anos de desembarque nas praias do Brasil. Seu pessoal e suas a\u00e7\u00f5es eternizam os feitos das nossa viaturas militares no Pa\u00eds e no exterior. Que esse seja mais um Dia D na vida de cada um de n\u00f3s, sempre ao lado das For\u00e7as do Bem. BRASIL!Cel Med R1 HAROLDO.<\/p>\n","protected":false},"author":1,"featured_media":0,"comment_status":"closed","ping_status":"closed","sticky":false,"template":"","format":"standard","meta":{"neve_meta_sidebar":"","neve_meta_container":"","neve_meta_enable_content_width":"","neve_meta_content_width":0,"neve_meta_title_alignment":"","neve_meta_author_avatar":"","neve_post_elements_order":"","neve_meta_disable_header":"","neve_meta_disable_footer":"","neve_meta_disable_title":"","footnotes":""},"categories":[13],"tags":[],"_links":{"self":[{"href":"https:\/\/cvmarj.org.br\/site\/index.php\/wp-json\/wp\/v2\/posts\/1682"}],"collection":[{"href":"https:\/\/cvmarj.org.br\/site\/index.php\/wp-json\/wp\/v2\/posts"}],"about":[{"href":"https:\/\/cvmarj.org.br\/site\/index.php\/wp-json\/wp\/v2\/types\/post"}],"author":[{"embeddable":true,"href":"https:\/\/cvmarj.org.br\/site\/index.php\/wp-json\/wp\/v2\/users\/1"}],"replies":[{"embeddable":true,"href":"https:\/\/cvmarj.org.br\/site\/index.php\/wp-json\/wp\/v2\/comments?post=1682"}],"version-history":[{"count":1,"href":"https:\/\/cvmarj.org.br\/site\/index.php\/wp-json\/wp\/v2\/posts\/1682\/revisions"}],"predecessor-version":[{"id":1683,"href":"https:\/\/cvmarj.org.br\/site\/index.php\/wp-json\/wp\/v2\/posts\/1682\/revisions\/1683"}],"wp:attachment":[{"href":"https:\/\/cvmarj.org.br\/site\/index.php\/wp-json\/wp\/v2\/media?parent=1682"}],"wp:term":[{"taxonomy":"category","embeddable":true,"href":"https:\/\/cvmarj.org.br\/site\/index.php\/wp-json\/wp\/v2\/categories?post=1682"},{"taxonomy":"post_tag","embeddable":true,"href":"https:\/\/cvmarj.org.br\/site\/index.php\/wp-json\/wp\/v2\/tags?post=1682"}],"curies":[{"name":"wp","href":"https:\/\/api.w.org\/{rel}","templated":true}]}}