{"id":1693,"date":"2021-06-05T13:13:19","date_gmt":"2021-06-05T16:13:19","guid":{"rendered":"https:\/\/cvmarj.org.br\/site\/?p=1693"},"modified":"2021-06-05T13:13:36","modified_gmt":"2021-06-05T16:13:36","slug":"sandra-bandeira-nolli-cvmarj-19-anos","status":"publish","type":"post","link":"https:\/\/cvmarj.org.br\/site\/index.php\/2021\/06\/05\/sandra-bandeira-nolli-cvmarj-19-anos\/","title":{"rendered":"Sandra Bandeira NOLLI &#8211; CVMARJ 19 Anos"},"content":{"rendered":"\n<p>Minhas felicita\u00e7\u00f5es e agradecimento especial a grande equipe do CVMARJ.<\/p>\n\n\n\n<p>Voc\u00eas s\u00e3o a prova de que o sucesso se alcan\u00e7a atrav\u00e9s de determina\u00e7\u00e3o, esp\u00edrito de corpo e trabalho duro esses s\u00e3o os meios indispens\u00e1veis para realiza\u00e7\u00e3o de projetos.<\/p>\n\n\n\n<p>Todos est\u00e3o de parab\u00e9ns pela uni\u00e3o, resgate hist\u00f3rico, sacrif\u00edcio que mantiveram acesa a mem\u00f3ria hist\u00f3rica militar durante esses 19 anos.<\/p>\n\n\n\n<p>Tanti auguri e buona salute a tutti!<\/p>\n\n\n\n<p>Sandra Bandeira NOLLI.<br>Representante do CVMARJ na It\u00e1lia.<\/p>\n","protected":false},"excerpt":{"rendered":"<p>Minhas felicita\u00e7\u00f5es e agradecimento especial a grande equipe do CVMARJ. Voc\u00eas s\u00e3o a prova de que o sucesso se alcan\u00e7a atrav\u00e9s de determina\u00e7\u00e3o, esp\u00edrito de corpo e trabalho duro esses s\u00e3o os meios indispens\u00e1veis para realiza\u00e7\u00e3o de projetos. Todos est\u00e3o de parab\u00e9ns pela uni\u00e3o, resgate hist\u00f3rico, sacrif\u00edcio que mantiveram acesa a mem\u00f3ria hist\u00f3rica militar durante&hellip;&nbsp;<a href=\"https:\/\/cvmarj.org.br\/site\/index.php\/2021\/06\/05\/sandra-bandeira-nolli-cvmarj-19-anos\/\" class=\"\" rel=\"bookmark\">Ler mais &raquo;<span class=\"screen-reader-text\">Sandra Bandeira NOLLI &#8211; CVMARJ 19 Anos<\/span><\/a><\/p>\n","protected":false},"author":1,"featured_media":0,"comment_status":"closed","ping_status":"closed","sticky":false,"template":"","format":"standard","meta":{"neve_meta_sidebar":"","neve_meta_container":"","neve_meta_enable_content_width":"","neve_meta_content_width":0,"neve_meta_title_alignment":"","neve_meta_author_avatar":"","neve_post_elements_order":"","neve_meta_disable_header":"","neve_meta_disable_footer":"","neve_meta_disable_title":"","footnotes":""},"categories":[13],"tags":[],"_links":{"self":[{"href":"https:\/\/cvmarj.org.br\/site\/index.php\/wp-json\/wp\/v2\/posts\/1693"}],"collection":[{"href":"https:\/\/cvmarj.org.br\/site\/index.php\/wp-json\/wp\/v2\/posts"}],"about":[{"href":"https:\/\/cvmarj.org.br\/site\/index.php\/wp-json\/wp\/v2\/types\/post"}],"author":[{"embeddable":true,"href":"https:\/\/cvmarj.org.br\/site\/index.php\/wp-json\/wp\/v2\/users\/1"}],"replies":[{"embeddable":true,"href":"https:\/\/cvmarj.org.br\/site\/index.php\/wp-json\/wp\/v2\/comments?post=1693"}],"version-history":[{"count":1,"href":"https:\/\/cvmarj.org.br\/site\/index.php\/wp-json\/wp\/v2\/posts\/1693\/revisions"}],"predecessor-version":[{"id":1694,"href":"https:\/\/cvmarj.org.br\/site\/index.php\/wp-json\/wp\/v2\/posts\/1693\/revisions\/1694"}],"wp:attachment":[{"href":"https:\/\/cvmarj.org.br\/site\/index.php\/wp-json\/wp\/v2\/media?parent=1693"}],"wp:term":[{"taxonomy":"category","embeddable":true,"href":"https:\/\/cvmarj.org.br\/site\/index.php\/wp-json\/wp\/v2\/categories?post=1693"},{"taxonomy":"post_tag","embeddable":true,"href":"https:\/\/cvmarj.org.br\/site\/index.php\/wp-json\/wp\/v2\/tags?post=1693"}],"curies":[{"name":"wp","href":"https:\/\/api.w.org\/{rel}","templated":true}]}}