{"id":1695,"date":"2021-06-05T13:14:44","date_gmt":"2021-06-05T16:14:44","guid":{"rendered":"https:\/\/cvmarj.org.br\/site\/?p=1695"},"modified":"2021-06-05T13:14:54","modified_gmt":"2021-06-05T16:14:54","slug":"3-sgt-temp-eng-jorge-claudio-m-manhaes-cvmarj-19-anos","status":"publish","type":"post","link":"https:\/\/cvmarj.org.br\/site\/index.php\/2021\/06\/05\/3-sgt-temp-eng-jorge-claudio-m-manhaes-cvmarj-19-anos\/","title":{"rendered":"3\u00b0 Sgt. Temp. Eng. Jorge Claudio M. MANH\u00c3ES &#8211; CVMARJ 19 Anos"},"content":{"rendered":"\n<p>Meu amigo, Veterano 2\u00b0 Ten R\/2 CAV S\u00e9rgio Alexandre Louren\u00e7o CAPELLA &#8211; Presidente do CVMARJ, na pessoa do qual eu sa\u00fado todos os membros do clube com a minha contin\u00eancia.<\/p>\n\n\n\n<p>Rio de Janeiro, 05 de Junho de 2021.<\/p>\n\n\n\n<p>Meus parab\u00e9ns ao CVMARJ por todo empenho e dedica\u00e7\u00e3o ao longo desses 19 anos de muito trabalho. Mais do que um hobby, ter uma viatura militar antiga \u00e9 preservar e divulgar a hist\u00f3ria militar.<\/p>\n\n\n\n<p>Brasil Acima de Tudo!<\/p>\n\n\n\n<p>Atenciosamente,<\/p>\n\n\n\n<p>Veterano 3\u00b0 Sgt. Temp. Eng. Jorge Claudio M. MANH\u00c3ES &#8211; Turma de 1990 \/ Pqdt n\u00b0 51.315<\/p>\n","protected":false},"excerpt":{"rendered":"<p>Meu amigo, Veterano 2\u00b0 Ten R\/2 CAV S\u00e9rgio Alexandre Louren\u00e7o CAPELLA &#8211; Presidente do CVMARJ, na pessoa do qual eu sa\u00fado todos os membros do clube com a minha contin\u00eancia. Rio de Janeiro, 05 de Junho de 2021. Meus parab\u00e9ns ao CVMARJ por todo empenho e dedica\u00e7\u00e3o ao longo desses 19 anos de muito trabalho.&hellip;&nbsp;<a href=\"https:\/\/cvmarj.org.br\/site\/index.php\/2021\/06\/05\/3-sgt-temp-eng-jorge-claudio-m-manhaes-cvmarj-19-anos\/\" class=\"\" rel=\"bookmark\">Ler mais &raquo;<span class=\"screen-reader-text\">3\u00b0 Sgt. Temp. Eng. Jorge Claudio M. MANH\u00c3ES &#8211; CVMARJ 19 Anos<\/span><\/a><\/p>\n","protected":false},"author":1,"featured_media":0,"comment_status":"closed","ping_status":"closed","sticky":false,"template":"","format":"standard","meta":{"neve_meta_sidebar":"","neve_meta_container":"","neve_meta_enable_content_width":"","neve_meta_content_width":0,"neve_meta_title_alignment":"","neve_meta_author_avatar":"","neve_post_elements_order":"","neve_meta_disable_header":"","neve_meta_disable_footer":"","neve_meta_disable_title":"","footnotes":""},"categories":[13],"tags":[],"_links":{"self":[{"href":"https:\/\/cvmarj.org.br\/site\/index.php\/wp-json\/wp\/v2\/posts\/1695"}],"collection":[{"href":"https:\/\/cvmarj.org.br\/site\/index.php\/wp-json\/wp\/v2\/posts"}],"about":[{"href":"https:\/\/cvmarj.org.br\/site\/index.php\/wp-json\/wp\/v2\/types\/post"}],"author":[{"embeddable":true,"href":"https:\/\/cvmarj.org.br\/site\/index.php\/wp-json\/wp\/v2\/users\/1"}],"replies":[{"embeddable":true,"href":"https:\/\/cvmarj.org.br\/site\/index.php\/wp-json\/wp\/v2\/comments?post=1695"}],"version-history":[{"count":1,"href":"https:\/\/cvmarj.org.br\/site\/index.php\/wp-json\/wp\/v2\/posts\/1695\/revisions"}],"predecessor-version":[{"id":1696,"href":"https:\/\/cvmarj.org.br\/site\/index.php\/wp-json\/wp\/v2\/posts\/1695\/revisions\/1696"}],"wp:attachment":[{"href":"https:\/\/cvmarj.org.br\/site\/index.php\/wp-json\/wp\/v2\/media?parent=1695"}],"wp:term":[{"taxonomy":"category","embeddable":true,"href":"https:\/\/cvmarj.org.br\/site\/index.php\/wp-json\/wp\/v2\/categories?post=1695"},{"taxonomy":"post_tag","embeddable":true,"href":"https:\/\/cvmarj.org.br\/site\/index.php\/wp-json\/wp\/v2\/tags?post=1695"}],"curies":[{"name":"wp","href":"https:\/\/api.w.org\/{rel}","templated":true}]}}