{"id":1697,"date":"2021-06-05T13:15:58","date_gmt":"2021-06-05T16:15:58","guid":{"rendered":"https:\/\/cvmarj.org.br\/site\/?p=1697"},"modified":"2021-06-05T13:16:10","modified_gmt":"2021-06-05T16:16:10","slug":"alisson-paese-cvmarj-19-anos","status":"publish","type":"post","link":"https:\/\/cvmarj.org.br\/site\/index.php\/2021\/06\/05\/alisson-paese-cvmarj-19-anos\/","title":{"rendered":"ALISSON PAESE &#8211; CVMARJ 19 Anos"},"content":{"rendered":"\n<p>N\u00e3o poderia deixar passar inc\u00f3lume tamanha data sem manifestar-me. Um 06 de junho que n\u00e3o por acaso coincide com um dos momentos mais importantes da hist\u00f3ria contempor\u00e2nea quando tropas aliadas desembarcaram nas praias da Normandia para ficarem para sempre marcadas na hist\u00f3ria como s\u00edmbolo de luta pela liberdade e defesa de seus valores morais. Assim \u00e9 o CVMARJ, uma tropa aliada aguerrida, sempre pronta a cumprir sua miss\u00e3o de preserva\u00e7\u00e3o da hist\u00f3ria da motomecaniza\u00e7\u00e3o militar mundial e por consequ\u00eancia, cultivando valores t\u00e3o caros hoje em dia como patriotismo, camaradagem, honra e liberdade. Vida longa CVMARJ!<br>ALISSON PAESE.<br>S\u00d3CIO N\u00b0 34.<\/p>\n","protected":false},"excerpt":{"rendered":"<p>N\u00e3o poderia deixar passar inc\u00f3lume tamanha data sem manifestar-me. Um 06 de junho que n\u00e3o por acaso coincide com um dos momentos mais importantes da hist\u00f3ria contempor\u00e2nea quando tropas aliadas desembarcaram nas praias da Normandia para ficarem para sempre marcadas na hist\u00f3ria como s\u00edmbolo de luta pela liberdade e defesa de seus valores morais. Assim&hellip;&nbsp;<a href=\"https:\/\/cvmarj.org.br\/site\/index.php\/2021\/06\/05\/alisson-paese-cvmarj-19-anos\/\" class=\"\" rel=\"bookmark\">Ler mais &raquo;<span class=\"screen-reader-text\">ALISSON PAESE &#8211; CVMARJ 19 Anos<\/span><\/a><\/p>\n","protected":false},"author":1,"featured_media":0,"comment_status":"closed","ping_status":"closed","sticky":false,"template":"","format":"standard","meta":{"neve_meta_sidebar":"","neve_meta_container":"","neve_meta_enable_content_width":"","neve_meta_content_width":0,"neve_meta_title_alignment":"","neve_meta_author_avatar":"","neve_post_elements_order":"","neve_meta_disable_header":"","neve_meta_disable_footer":"","neve_meta_disable_title":"","footnotes":""},"categories":[13],"tags":[],"_links":{"self":[{"href":"https:\/\/cvmarj.org.br\/site\/index.php\/wp-json\/wp\/v2\/posts\/1697"}],"collection":[{"href":"https:\/\/cvmarj.org.br\/site\/index.php\/wp-json\/wp\/v2\/posts"}],"about":[{"href":"https:\/\/cvmarj.org.br\/site\/index.php\/wp-json\/wp\/v2\/types\/post"}],"author":[{"embeddable":true,"href":"https:\/\/cvmarj.org.br\/site\/index.php\/wp-json\/wp\/v2\/users\/1"}],"replies":[{"embeddable":true,"href":"https:\/\/cvmarj.org.br\/site\/index.php\/wp-json\/wp\/v2\/comments?post=1697"}],"version-history":[{"count":1,"href":"https:\/\/cvmarj.org.br\/site\/index.php\/wp-json\/wp\/v2\/posts\/1697\/revisions"}],"predecessor-version":[{"id":1698,"href":"https:\/\/cvmarj.org.br\/site\/index.php\/wp-json\/wp\/v2\/posts\/1697\/revisions\/1698"}],"wp:attachment":[{"href":"https:\/\/cvmarj.org.br\/site\/index.php\/wp-json\/wp\/v2\/media?parent=1697"}],"wp:term":[{"taxonomy":"category","embeddable":true,"href":"https:\/\/cvmarj.org.br\/site\/index.php\/wp-json\/wp\/v2\/categories?post=1697"},{"taxonomy":"post_tag","embeddable":true,"href":"https:\/\/cvmarj.org.br\/site\/index.php\/wp-json\/wp\/v2\/tags?post=1697"}],"curies":[{"name":"wp","href":"https:\/\/api.w.org\/{rel}","templated":true}]}}