{"id":1705,"date":"2021-06-05T23:57:38","date_gmt":"2021-06-06T02:57:38","guid":{"rendered":"https:\/\/cvmarj.org.br\/site\/?p=1705"},"modified":"2021-06-05T23:57:42","modified_gmt":"2021-06-06T02:57:42","slug":"isalete-leal-cvmarj-19-anos","status":"publish","type":"post","link":"https:\/\/cvmarj.org.br\/site\/index.php\/2021\/06\/05\/isalete-leal-cvmarj-19-anos\/","title":{"rendered":"Isalete Leal &#8211; CVMARJ 19 Anos"},"content":{"rendered":"\n<p>CVMARJ est\u00e1 em festa, est\u00e1 completando 19 anos de muito sucesso e reconhecimento no cen\u00e1rio nacional e internacional.<br>Para a nossa hist\u00f3ria, \u00e9 muito importante, por ser um Clube de Ve\u00edculos Militar Antigo. Elevando o nome da FEB e dos Nossos Verdadeiros Her\u00f3is do Brasil.<br>CEVARJ, parab\u00e9ns e muito sucesso em sua jornada!<br>S\u00e9rgio CAPELLA, presidente do CVMARJ, parab\u00e9ns pelo bel\u00edssimo trabalho!<br>Todos os s\u00f3cios, parab\u00e9ns, por nunca desistir dessa miss\u00e3o!<br>Isalete Leal ( filha do Ten Leal, veterano da Segunda Guerra Mundial)<\/p>\n","protected":false},"excerpt":{"rendered":"<p>CVMARJ est\u00e1 em festa, est\u00e1 completando 19 anos de muito sucesso e reconhecimento no cen\u00e1rio nacional e internacional.Para a nossa hist\u00f3ria, \u00e9 muito importante, por ser um Clube de Ve\u00edculos Militar Antigo. Elevando o nome da FEB e dos Nossos Verdadeiros Her\u00f3is do Brasil.CEVARJ, parab\u00e9ns e muito sucesso em sua jornada!S\u00e9rgio CAPELLA, presidente do CVMARJ,&hellip;&nbsp;<a href=\"https:\/\/cvmarj.org.br\/site\/index.php\/2021\/06\/05\/isalete-leal-cvmarj-19-anos\/\" class=\"\" rel=\"bookmark\">Ler mais &raquo;<span class=\"screen-reader-text\">Isalete Leal &#8211; CVMARJ 19 Anos<\/span><\/a><\/p>\n","protected":false},"author":1,"featured_media":0,"comment_status":"closed","ping_status":"closed","sticky":false,"template":"","format":"standard","meta":{"neve_meta_sidebar":"","neve_meta_container":"","neve_meta_enable_content_width":"","neve_meta_content_width":0,"neve_meta_title_alignment":"","neve_meta_author_avatar":"","neve_post_elements_order":"","neve_meta_disable_header":"","neve_meta_disable_footer":"","neve_meta_disable_title":"","footnotes":""},"categories":[13],"tags":[],"_links":{"self":[{"href":"https:\/\/cvmarj.org.br\/site\/index.php\/wp-json\/wp\/v2\/posts\/1705"}],"collection":[{"href":"https:\/\/cvmarj.org.br\/site\/index.php\/wp-json\/wp\/v2\/posts"}],"about":[{"href":"https:\/\/cvmarj.org.br\/site\/index.php\/wp-json\/wp\/v2\/types\/post"}],"author":[{"embeddable":true,"href":"https:\/\/cvmarj.org.br\/site\/index.php\/wp-json\/wp\/v2\/users\/1"}],"replies":[{"embeddable":true,"href":"https:\/\/cvmarj.org.br\/site\/index.php\/wp-json\/wp\/v2\/comments?post=1705"}],"version-history":[{"count":1,"href":"https:\/\/cvmarj.org.br\/site\/index.php\/wp-json\/wp\/v2\/posts\/1705\/revisions"}],"predecessor-version":[{"id":1706,"href":"https:\/\/cvmarj.org.br\/site\/index.php\/wp-json\/wp\/v2\/posts\/1705\/revisions\/1706"}],"wp:attachment":[{"href":"https:\/\/cvmarj.org.br\/site\/index.php\/wp-json\/wp\/v2\/media?parent=1705"}],"wp:term":[{"taxonomy":"category","embeddable":true,"href":"https:\/\/cvmarj.org.br\/site\/index.php\/wp-json\/wp\/v2\/categories?post=1705"},{"taxonomy":"post_tag","embeddable":true,"href":"https:\/\/cvmarj.org.br\/site\/index.php\/wp-json\/wp\/v2\/tags?post=1705"}],"curies":[{"name":"wp","href":"https:\/\/api.w.org\/{rel}","templated":true}]}}