{"id":1707,"date":"2021-06-05T23:58:32","date_gmt":"2021-06-06T02:58:32","guid":{"rendered":"https:\/\/cvmarj.org.br\/site\/?p=1707"},"modified":"2021-06-05T23:58:32","modified_gmt":"2021-06-06T02:58:32","slug":"ten-francisco-conceicao-leal-cvmarj-19-anos","status":"publish","type":"post","link":"https:\/\/cvmarj.org.br\/site\/index.php\/2021\/06\/05\/ten-francisco-conceicao-leal-cvmarj-19-anos\/","title":{"rendered":"Ten Francisco Concei\u00e7\u00e3o Leal &#8211; CVMARJ 19 Anos"},"content":{"rendered":"\n<p>CVMARJ, parab\u00e9ns pelos 19 anos, dedicados \u00e0 preserva\u00e7\u00e3o dos ve\u00edculos militares antigos, e, manter viva a mem\u00f3ria da FEB.<br>A cobra fumou!<br>A cobra n\u00e3o pode parar de fumar!<br>(Ten Francisco Concei\u00e7\u00e3o Leal, Ex Combatentes Veterano da Segunda Guerra Mundial)<\/p>\n","protected":false},"excerpt":{"rendered":"<p>CVMARJ, parab\u00e9ns pelos 19 anos, dedicados \u00e0 preserva\u00e7\u00e3o dos ve\u00edculos militares antigos, e, manter viva a mem\u00f3ria da FEB.A cobra fumou!A cobra n\u00e3o pode parar de fumar!(Ten Francisco Concei\u00e7\u00e3o Leal, Ex Combatentes Veterano da Segunda Guerra Mundial)<\/p>\n","protected":false},"author":1,"featured_media":0,"comment_status":"closed","ping_status":"closed","sticky":false,"template":"","format":"standard","meta":{"neve_meta_sidebar":"","neve_meta_container":"","neve_meta_enable_content_width":"","neve_meta_content_width":0,"neve_meta_title_alignment":"","neve_meta_author_avatar":"","neve_post_elements_order":"","neve_meta_disable_header":"","neve_meta_disable_footer":"","neve_meta_disable_title":"","footnotes":""},"categories":[13],"tags":[],"_links":{"self":[{"href":"https:\/\/cvmarj.org.br\/site\/index.php\/wp-json\/wp\/v2\/posts\/1707"}],"collection":[{"href":"https:\/\/cvmarj.org.br\/site\/index.php\/wp-json\/wp\/v2\/posts"}],"about":[{"href":"https:\/\/cvmarj.org.br\/site\/index.php\/wp-json\/wp\/v2\/types\/post"}],"author":[{"embeddable":true,"href":"https:\/\/cvmarj.org.br\/site\/index.php\/wp-json\/wp\/v2\/users\/1"}],"replies":[{"embeddable":true,"href":"https:\/\/cvmarj.org.br\/site\/index.php\/wp-json\/wp\/v2\/comments?post=1707"}],"version-history":[{"count":1,"href":"https:\/\/cvmarj.org.br\/site\/index.php\/wp-json\/wp\/v2\/posts\/1707\/revisions"}],"predecessor-version":[{"id":1708,"href":"https:\/\/cvmarj.org.br\/site\/index.php\/wp-json\/wp\/v2\/posts\/1707\/revisions\/1708"}],"wp:attachment":[{"href":"https:\/\/cvmarj.org.br\/site\/index.php\/wp-json\/wp\/v2\/media?parent=1707"}],"wp:term":[{"taxonomy":"category","embeddable":true,"href":"https:\/\/cvmarj.org.br\/site\/index.php\/wp-json\/wp\/v2\/categories?post=1707"},{"taxonomy":"post_tag","embeddable":true,"href":"https:\/\/cvmarj.org.br\/site\/index.php\/wp-json\/wp\/v2\/tags?post=1707"}],"curies":[{"name":"wp","href":"https:\/\/api.w.org\/{rel}","templated":true}]}}