{"id":1807,"date":"2021-06-08T15:43:23","date_gmt":"2021-06-08T18:43:23","guid":{"rendered":"https:\/\/cvmarj.org.br\/site\/?p=1807"},"modified":"2021-06-08T15:43:25","modified_gmt":"2021-06-08T18:43:25","slug":"gen-ramires-cvmarj-19-anos","status":"publish","type":"post","link":"https:\/\/cvmarj.org.br\/site\/index.php\/2021\/06\/08\/gen-ramires-cvmarj-19-anos\/","title":{"rendered":"GEN RAMIRES &#8211; CVMARJ 19 Anos"},"content":{"rendered":"\n<p>\ud83d\udc4f\ud83d\udc4f\ud83d\udc4f\ud83d\ude4f\ud83d\ude4f\ud83d\ude4fParab\u00e9ns, prezado Sergio Capella e toda a equipe do CVMARJ.<br>Que o Senhor dos Ex\u00e9rcitos continue a iluminar seus caminhos e auxiliando a levar tradi\u00e7\u00e3o, cultura, compromisso e valores c\u00edvicos \u00e0 sociedade por meio de suas viaturas!<br>Abra\u00e7o fraterno de todos os integrantes da DPHCEx. \ud83d\udc4f\ud83d\udc4f\ud83d\udc4f\ud83d\ude4f\ud83d\ude4f\ud83d\ude4f<br><br>GEN RAMIRES _ DIRETOR DA DPHCEX.<\/p>\n","protected":false},"excerpt":{"rendered":"<p>\ud83d\udc4f\ud83d\udc4f\ud83d\udc4f\ud83d\ude4f\ud83d\ude4f\ud83d\ude4fParab\u00e9ns, prezado Sergio Capella e toda a equipe do CVMARJ.Que o Senhor dos Ex\u00e9rcitos continue a iluminar seus caminhos e auxiliando a levar tradi\u00e7\u00e3o, cultura, compromisso e valores c\u00edvicos \u00e0 sociedade por meio de suas viaturas!Abra\u00e7o fraterno de todos os integrantes da DPHCEx. \ud83d\udc4f\ud83d\udc4f\ud83d\udc4f\ud83d\ude4f\ud83d\ude4f\ud83d\ude4f GEN RAMIRES _ DIRETOR DA DPHCEX.<\/p>\n","protected":false},"author":1,"featured_media":0,"comment_status":"closed","ping_status":"closed","sticky":false,"template":"","format":"standard","meta":{"neve_meta_sidebar":"","neve_meta_container":"","neve_meta_enable_content_width":"","neve_meta_content_width":0,"neve_meta_title_alignment":"","neve_meta_author_avatar":"","neve_post_elements_order":"","neve_meta_disable_header":"","neve_meta_disable_footer":"","neve_meta_disable_title":"","footnotes":""},"categories":[13],"tags":[],"_links":{"self":[{"href":"https:\/\/cvmarj.org.br\/site\/index.php\/wp-json\/wp\/v2\/posts\/1807"}],"collection":[{"href":"https:\/\/cvmarj.org.br\/site\/index.php\/wp-json\/wp\/v2\/posts"}],"about":[{"href":"https:\/\/cvmarj.org.br\/site\/index.php\/wp-json\/wp\/v2\/types\/post"}],"author":[{"embeddable":true,"href":"https:\/\/cvmarj.org.br\/site\/index.php\/wp-json\/wp\/v2\/users\/1"}],"replies":[{"embeddable":true,"href":"https:\/\/cvmarj.org.br\/site\/index.php\/wp-json\/wp\/v2\/comments?post=1807"}],"version-history":[{"count":1,"href":"https:\/\/cvmarj.org.br\/site\/index.php\/wp-json\/wp\/v2\/posts\/1807\/revisions"}],"predecessor-version":[{"id":1808,"href":"https:\/\/cvmarj.org.br\/site\/index.php\/wp-json\/wp\/v2\/posts\/1807\/revisions\/1808"}],"wp:attachment":[{"href":"https:\/\/cvmarj.org.br\/site\/index.php\/wp-json\/wp\/v2\/media?parent=1807"}],"wp:term":[{"taxonomy":"category","embeddable":true,"href":"https:\/\/cvmarj.org.br\/site\/index.php\/wp-json\/wp\/v2\/categories?post=1807"},{"taxonomy":"post_tag","embeddable":true,"href":"https:\/\/cvmarj.org.br\/site\/index.php\/wp-json\/wp\/v2\/tags?post=1807"}],"curies":[{"name":"wp","href":"https:\/\/api.w.org\/{rel}","templated":true}]}}