{"id":1813,"date":"2021-06-08T15:45:33","date_gmt":"2021-06-08T18:45:33","guid":{"rendered":"https:\/\/cvmarj.org.br\/site\/?p=1813"},"modified":"2021-06-08T15:45:35","modified_gmt":"2021-06-08T18:45:35","slug":"fabricio-cvmarj-19-anos","status":"publish","type":"post","link":"https:\/\/cvmarj.org.br\/site\/index.php\/2021\/06\/08\/fabricio-cvmarj-19-anos\/","title":{"rendered":"FABR\u00cdCIO &#8211; CVMARJ 19 Anos"},"content":{"rendered":"\n<p>H\u00e1 quatro anos atr\u00e1s consegui conquistar um dos meus sonhos ter um Jeep\u2026na verdade sempre quis ter uma viatura antiga militar\u2026e consegui!<\/p>\n\n\n\n<p>Logo na mesma semana com muitas dificuldades consegui colocar a vtr pra andar.<\/p>\n\n\n\n<p>E fomos dar um passeio com o velho jipinho ( Minha fam\u00edlia e eu), e p\u00f4r ironia do destino estava passando pela estrada dos Bandeirantes em Jacarepagu\u00e1, e vi um comboio de carros antigos passando e resolvi perguntar onde tantos carros antigos estavam indo, e um deles me respondeu: _ Estamos indo para um evento de carros antigos em Vargem pequena.<\/p>\n\n\n\n<p>Ent\u00e3o o rapaz me convidou pra ir ao encontro.<\/p>\n\n\n\n<p>Fiquei muito feliz de poder ir em um encontro de carros antigos logo na primeira sa\u00edda com o jipinho!<\/p>\n\n\n\n<p>Chegando l\u00e1 encontrei um senhor com um Jeep Kaiser M 606\u2026 cheio de materiais para venda.<\/p>\n\n\n\n<p>Logo me aproximei do organizador do evento e perguntei se poderia ficar ao lado daquele senhor com o Jeep, logo organizador perguntou para aquele senhor se ele deixaria colocar mais um Jeep al\u00ed naquele local.<\/p>\n\n\n\n<p>O senhor do Jeep ficou muito feliz de ter mais uma viatura antiga militar naquele local.<\/p>\n\n\n\n<p>Foi a\u00ed que conheci o senhor do Jeep, ele se chama Bastos\u2026. grande paraquedista!\ud83c\udde7\ud83c\uddf7<br>Foi quando ele me falou sobre o Clube.(CVMARJ), e me passou o contato do Capella.<\/p>\n\n\n\n<p>At\u00e9 ent\u00e3o n\u00e3o fazia nenhuma id\u00e9ia do grande amigo que seria essa pessoa!<\/p>\n\n\n\n<p>Agrade\u00e7o muito por ter conhecido vcs dois.<\/p>\n\n\n\n<p>Atrav\u00e9s dessas duas pessoas (Bastos e Capella), pude conhecer esse grande Clube de Ve\u00edculos Militares Antigos do Rio de Janeiro\u2026..<\/p>\n\n\n\n<p>Muito obrigado CVMARJ por me proporcionar v\u00e1rios momentos bons, nesses quatro anos!<\/p>\n\n\n\n<p>Parab\u00e9ns CVMARJ pelos seus 19 anos!!!!\ud83d\udc4f\ud83c\udffc\ud83d\udc4f\ud83c\udffc\ud83d\udc4f\ud83c\udffc\ud83d\udc4f\ud83c\udffc\ud83d\udc4f\ud83c\udffc\ud83d\udc4f\ud83c\udffc<br>Um forte abra\u00e7os para todos n\u00f3s do CVMARJ\u2026.<br>Parab\u00e9ns Capella pelo seu trabalho e esfor\u00e7o meu amigo!<br>\ud83c\udde7\ud83c\uddf7!<\/p>\n\n\n\n<p>FABR\u00cdCIO S\u00d3CIO 107<\/p>\n","protected":false},"excerpt":{"rendered":"<p>H\u00e1 quatro anos atr\u00e1s consegui conquistar um dos meus sonhos ter um Jeep\u2026na verdade sempre quis ter uma viatura antiga militar\u2026e consegui! Logo na mesma semana com muitas dificuldades consegui colocar a vtr pra andar. E fomos dar um passeio com o velho jipinho ( Minha fam\u00edlia e eu), e p\u00f4r ironia do destino estava&hellip;&nbsp;<a href=\"https:\/\/cvmarj.org.br\/site\/index.php\/2021\/06\/08\/fabricio-cvmarj-19-anos\/\" class=\"\" rel=\"bookmark\">Ler mais &raquo;<span class=\"screen-reader-text\">FABR\u00cdCIO &#8211; CVMARJ 19 Anos<\/span><\/a><\/p>\n","protected":false},"author":1,"featured_media":0,"comment_status":"closed","ping_status":"closed","sticky":false,"template":"","format":"standard","meta":{"neve_meta_sidebar":"","neve_meta_container":"","neve_meta_enable_content_width":"","neve_meta_content_width":0,"neve_meta_title_alignment":"","neve_meta_author_avatar":"","neve_post_elements_order":"","neve_meta_disable_header":"","neve_meta_disable_footer":"","neve_meta_disable_title":"","footnotes":""},"categories":[13],"tags":[],"_links":{"self":[{"href":"https:\/\/cvmarj.org.br\/site\/index.php\/wp-json\/wp\/v2\/posts\/1813"}],"collection":[{"href":"https:\/\/cvmarj.org.br\/site\/index.php\/wp-json\/wp\/v2\/posts"}],"about":[{"href":"https:\/\/cvmarj.org.br\/site\/index.php\/wp-json\/wp\/v2\/types\/post"}],"author":[{"embeddable":true,"href":"https:\/\/cvmarj.org.br\/site\/index.php\/wp-json\/wp\/v2\/users\/1"}],"replies":[{"embeddable":true,"href":"https:\/\/cvmarj.org.br\/site\/index.php\/wp-json\/wp\/v2\/comments?post=1813"}],"version-history":[{"count":1,"href":"https:\/\/cvmarj.org.br\/site\/index.php\/wp-json\/wp\/v2\/posts\/1813\/revisions"}],"predecessor-version":[{"id":1814,"href":"https:\/\/cvmarj.org.br\/site\/index.php\/wp-json\/wp\/v2\/posts\/1813\/revisions\/1814"}],"wp:attachment":[{"href":"https:\/\/cvmarj.org.br\/site\/index.php\/wp-json\/wp\/v2\/media?parent=1813"}],"wp:term":[{"taxonomy":"category","embeddable":true,"href":"https:\/\/cvmarj.org.br\/site\/index.php\/wp-json\/wp\/v2\/categories?post=1813"},{"taxonomy":"post_tag","embeddable":true,"href":"https:\/\/cvmarj.org.br\/site\/index.php\/wp-json\/wp\/v2\/tags?post=1813"}],"curies":[{"name":"wp","href":"https:\/\/api.w.org\/{rel}","templated":true}]}}