{"id":1815,"date":"2021-06-08T15:46:12","date_gmt":"2021-06-08T18:46:12","guid":{"rendered":"https:\/\/cvmarj.org.br\/site\/?p=1815"},"modified":"2021-06-08T15:46:14","modified_gmt":"2021-06-08T18:46:14","slug":"paulo-melgaco-cvmarj-19-anos","status":"publish","type":"post","link":"https:\/\/cvmarj.org.br\/site\/index.php\/2021\/06\/08\/paulo-melgaco-cvmarj-19-anos\/","title":{"rendered":"PAULO MELGA\u00c7O &#8211; CVMARJ 19 Anos"},"content":{"rendered":"\n<p>Parab\u00e9ns ao CVMARJ, a todos os S\u00f3cios e colaboradores!<\/p>\n\n\n\n<p>PAULO MELGA\u00c7O<\/p>\n","protected":false},"excerpt":{"rendered":"<p>Parab\u00e9ns ao CVMARJ, a todos os S\u00f3cios e colaboradores! PAULO MELGA\u00c7O<\/p>\n","protected":false},"author":1,"featured_media":0,"comment_status":"closed","ping_status":"closed","sticky":false,"template":"","format":"standard","meta":{"neve_meta_sidebar":"","neve_meta_container":"","neve_meta_enable_content_width":"","neve_meta_content_width":0,"neve_meta_title_alignment":"","neve_meta_author_avatar":"","neve_post_elements_order":"","neve_meta_disable_header":"","neve_meta_disable_footer":"","neve_meta_disable_title":"","footnotes":""},"categories":[13],"tags":[],"_links":{"self":[{"href":"https:\/\/cvmarj.org.br\/site\/index.php\/wp-json\/wp\/v2\/posts\/1815"}],"collection":[{"href":"https:\/\/cvmarj.org.br\/site\/index.php\/wp-json\/wp\/v2\/posts"}],"about":[{"href":"https:\/\/cvmarj.org.br\/site\/index.php\/wp-json\/wp\/v2\/types\/post"}],"author":[{"embeddable":true,"href":"https:\/\/cvmarj.org.br\/site\/index.php\/wp-json\/wp\/v2\/users\/1"}],"replies":[{"embeddable":true,"href":"https:\/\/cvmarj.org.br\/site\/index.php\/wp-json\/wp\/v2\/comments?post=1815"}],"version-history":[{"count":1,"href":"https:\/\/cvmarj.org.br\/site\/index.php\/wp-json\/wp\/v2\/posts\/1815\/revisions"}],"predecessor-version":[{"id":1816,"href":"https:\/\/cvmarj.org.br\/site\/index.php\/wp-json\/wp\/v2\/posts\/1815\/revisions\/1816"}],"wp:attachment":[{"href":"https:\/\/cvmarj.org.br\/site\/index.php\/wp-json\/wp\/v2\/media?parent=1815"}],"wp:term":[{"taxonomy":"category","embeddable":true,"href":"https:\/\/cvmarj.org.br\/site\/index.php\/wp-json\/wp\/v2\/categories?post=1815"},{"taxonomy":"post_tag","embeddable":true,"href":"https:\/\/cvmarj.org.br\/site\/index.php\/wp-json\/wp\/v2\/tags?post=1815"}],"curies":[{"name":"wp","href":"https:\/\/api.w.org\/{rel}","templated":true}]}}