{"id":1870,"date":"2021-06-12T10:36:20","date_gmt":"2021-06-12T13:36:20","guid":{"rendered":"https:\/\/cvmarj.org.br\/site\/?p=1870"},"modified":"2021-06-12T10:36:21","modified_gmt":"2021-06-12T13:36:21","slug":"junho-de-2021","status":"publish","type":"post","link":"https:\/\/cvmarj.org.br\/site\/index.php\/2021\/06\/12\/junho-de-2021\/","title":{"rendered":"JUNHO DE 2021"},"content":{"rendered":"\n<p>ATIVIDADES MENSAIS DO CVMARJ.<\/p>\n\n\n\n<p>JUNHO DE 2021.<\/p>\n\n\n\n<ul><li>06\/06\/2021, DOMINGO: ANIVERS\u00c1RIO DA FUNDA\u00c7\u00c3O DO CVMARJ.<\/li><li>20\/06\/2021, DOMINGO: EXPOSI\u00c7\u00c3O MENSAL NO MUSEU CONDE DE LINHARES _ CANCELADA EM VIRTUDE DA PANDEMIA DO COVIDE 19.<\/li><li>26\/06\/2021, S\u00c1BADO: FESTA DO ANIVERS\u00c1RIO DO CVMARJ, NA SEDE DO CLUBE EM TUBIACANGA, NA ILHA DO GOVERNADOR.<\/li><\/ul>\n\n\n\n<p>OBSERVA\u00c7\u00c3O: PODEREMOS TER ALTERA\u00c7\u00c3O NOS EVENTOS, EM FUN\u00c7\u00c3O DE MOTIVOS DIVERSOS.<\/p>\n\n\n\n<p>VAMOS EM FRENTE!<\/p>\n\n\n\n<p>SOMOS CVMARJ!<\/p>\n\n\n\n<p>AT.<\/p>\n\n\n\n<p>S\u00c9RGIO CAPELLA.<br>PRESIDENTE DO CVMARJ.<\/p>\n","protected":false},"excerpt":{"rendered":"<p>ATIVIDADES MENSAIS DO CVMARJ. JUNHO DE 2021. 06\/06\/2021, DOMINGO: ANIVERS\u00c1RIO DA FUNDA\u00c7\u00c3O DO CVMARJ. 20\/06\/2021, DOMINGO: EXPOSI\u00c7\u00c3O MENSAL NO MUSEU CONDE DE LINHARES _ CANCELADA EM VIRTUDE DA PANDEMIA DO COVIDE 19. 26\/06\/2021, S\u00c1BADO: FESTA DO ANIVERS\u00c1RIO DO CVMARJ, NA SEDE DO CLUBE EM TUBIACANGA, NA ILHA DO GOVERNADOR. OBSERVA\u00c7\u00c3O: PODEREMOS TER ALTERA\u00c7\u00c3O NOS EVENTOS,&hellip;&nbsp;<a href=\"https:\/\/cvmarj.org.br\/site\/index.php\/2021\/06\/12\/junho-de-2021\/\" class=\"\" rel=\"bookmark\">Ler mais &raquo;<span class=\"screen-reader-text\">JUNHO DE 2021<\/span><\/a><\/p>\n","protected":false},"author":1,"featured_media":0,"comment_status":"closed","ping_status":"closed","sticky":false,"template":"","format":"standard","meta":{"neve_meta_sidebar":"","neve_meta_container":"","neve_meta_enable_content_width":"","neve_meta_content_width":0,"neve_meta_title_alignment":"","neve_meta_author_avatar":"","neve_post_elements_order":"","neve_meta_disable_header":"","neve_meta_disable_footer":"","neve_meta_disable_title":"","footnotes":""},"categories":[7],"tags":[],"_links":{"self":[{"href":"https:\/\/cvmarj.org.br\/site\/index.php\/wp-json\/wp\/v2\/posts\/1870"}],"collection":[{"href":"https:\/\/cvmarj.org.br\/site\/index.php\/wp-json\/wp\/v2\/posts"}],"about":[{"href":"https:\/\/cvmarj.org.br\/site\/index.php\/wp-json\/wp\/v2\/types\/post"}],"author":[{"embeddable":true,"href":"https:\/\/cvmarj.org.br\/site\/index.php\/wp-json\/wp\/v2\/users\/1"}],"replies":[{"embeddable":true,"href":"https:\/\/cvmarj.org.br\/site\/index.php\/wp-json\/wp\/v2\/comments?post=1870"}],"version-history":[{"count":1,"href":"https:\/\/cvmarj.org.br\/site\/index.php\/wp-json\/wp\/v2\/posts\/1870\/revisions"}],"predecessor-version":[{"id":1871,"href":"https:\/\/cvmarj.org.br\/site\/index.php\/wp-json\/wp\/v2\/posts\/1870\/revisions\/1871"}],"wp:attachment":[{"href":"https:\/\/cvmarj.org.br\/site\/index.php\/wp-json\/wp\/v2\/media?parent=1870"}],"wp:term":[{"taxonomy":"category","embeddable":true,"href":"https:\/\/cvmarj.org.br\/site\/index.php\/wp-json\/wp\/v2\/categories?post=1870"},{"taxonomy":"post_tag","embeddable":true,"href":"https:\/\/cvmarj.org.br\/site\/index.php\/wp-json\/wp\/v2\/tags?post=1870"}],"curies":[{"name":"wp","href":"https:\/\/api.w.org\/{rel}","templated":true}]}}