{"id":1911,"date":"2021-06-19T14:24:04","date_gmt":"2021-06-19T17:24:04","guid":{"rendered":"https:\/\/cvmarj.org.br\/site\/?p=1911"},"modified":"2021-06-19T14:24:06","modified_gmt":"2021-06-19T17:24:06","slug":"convocacao-geral-cvmarj","status":"publish","type":"post","link":"https:\/\/cvmarj.org.br\/site\/index.php\/2021\/06\/19\/convocacao-geral-cvmarj\/","title":{"rendered":"CONVOCA\u00c7\u00c3O GERAL &#8211; CVMARJ!"},"content":{"rendered":"\n<p>ATEN\u00c7\u00c3O!<\/p>\n\n\n\n<p>BOM DIA.<\/p>\n\n\n\n<p>NO PR\u00d3XIMO S\u00c1BADO, 26 DE JUNHO DE 2021, ESTAREMOS REALIZANDO UMA GRANDE FESTA EM COMEMORA\u00c7\u00c3O AO ANIVERS\u00c1RIO DE 19 ANOS DE FUNDA\u00c7\u00c3O DO CVMARJ, NA SEDE EM TUBIACANGA, \u00c0 PARTIR DAS 10:00 H.<\/p>\n\n\n\n<p>A DIRETORIA DO CLUBE, TEM COMO UMA DAS SUAS PRINCIPAIS METAS, A INTEGRA\u00c7\u00c3O ENTRE SEUS ASSOCIADOS, BUSCANDO LHES DAR O QUE DE MELHOR PODEMOS FAZER.<\/p>\n\n\n\n<p>O CVMARJ, N\u00c3O TEM DONO, SOMOS UMA FAM\u00cdLIA, COM 96 S\u00d3CIOS ATIVOS E ADMIRADORES,<br>ESPALHADOS PELO PLANETA TERRA\u2026<\/p>\n\n\n\n<p>N\u00c3O SOMOS MELHORES, NEM PIORES DO QUE OUTROS CLUBES DO SEGMENTO, SOMOS APENAS DIFERENTES, MUITO DIFERENTES.<\/p>\n\n\n\n<p>NESSES 19 ANOS, MUITA COISA ACONTECEU, FIZEMOS, FAZEMOS E CONTINUAREMOS FAZENDO HIST\u00d3RIA!<\/p>\n\n\n\n<p>CONSEGUIMOS ATINGIR UM PATAMAR, QUE POUCOS CLUBES CONSEGUEM, PODEMOS AFIRMAR, SEM FALSA MOD\u00c9STIA.<\/p>\n\n\n\n<p>NOSSA FOR\u00c7A VEM DA DEDICA\u00c7\u00c3O E TRABALHO DOS COMPONENTES DO CVMARJ AO LONGO DOS ANOS, DESDE A SUA FUNDA\u00c7\u00c3O, CADA UM COM SUAS HABILIDADES, CARACTER\u00cdSTICAS PESSOAIS E PERSONALIDADES.<\/p>\n\n\n\n<p>TEMOS RESPEITO, ADMIRA\u00c7\u00c3O E CARINHO DE ENTIDADES CIVIS E MILITARES, AL\u00c9M DE RECONHECIMENTO DA SOCIEDADE EM GERAL.<\/p>\n\n\n\n<p>ATUAMOS EM DIVERSAS M\u00cdDIAS SOCIAIS, MOSTRANDO O QU\u00ca SOMOS E O QU\u00ca FAZEMOS, NOSSA NOVA P\u00c1GINA, www.cvmarj.org.br , CRIADA EM FEVEREIRO DE 2021, J\u00c1 TEM 13.800 VISITAS.<\/p>\n\n\n\n<p>AQUI, SOMOS VOLUNT\u00c1RIOS, VIEMOS AO CLUBE POR VONTADE PR\u00d3PRIA, VIVEMOS UMA DEMOCRACIA PARTICIPATIVA, ONDE TODOS TEM OPORTUNIDADE DE OPINAR E TRABALHAR SEMPRE EM BENEF\u00cdCIO DOS INTERESSES DA NOSSA COLETIVIDADE.<\/p>\n\n\n\n<p>AINDA TEMOS MAIS UM ANO DE MANDATO DESSA DIRETORIA, DEPOIS HAVER\u00c1 NOVA ELEI\u00c7\u00c3O, QUEM QUISER ASSUMIR A GEST\u00c3O DO CLUBE, PODE E DEVE SE CANDITADAR, ISSO \u00c9 BASTANTE SALUTAR.<br>NAS DUAS \u00daLTIMAS ELEI\u00c7\u00d5ES, N\u00c3O TIVEMOS INTERESSADOS EM CONCORRER \u00c0 RESPONSABILIDADE DE GERIR O CLUBE, MAS AS OPORTUNIDADES, SEMPRE ESTAR\u00c3O \u00c0 DISPOSI\u00c7\u00c3O DOS INTERESSADOS.<\/p>\n\n\n\n<p>\u00c9 DEVER DOS FUNDADORES, DIRETORES, CONSELHEIROS ELEITOS, MEMBROS DO CONSELHO GERAL E S\u00d3CIOS, TRABALHAR ATIVAMENTE PELO SUCESSO DA FESTA DO PR\u00d3XIMO S\u00c1BADO, AFINAL, LEMBRO MAIS UMA VEZ QUE ESTAMOS NO CLUBE COMO VOLUNT\u00c1RIOS. N\u00c3O PRECISAMOS GOSTAR UNS DOS OUTROS, MAS O CLUBE N\u00c3O PODE SER PREJUDICADO POR QUAISQUER DIVERG\u00caNCIAS ENTRE SEUS MEMBROS, CADA UM TORCE POR UM TIME DE FUTEBOL, MAS O CVMARJ, TEM QUE SER UNANIMIDADE.<\/p>\n\n\n\n<p>POR FAVOR, TODOS SABEM MUITO BEM DA REALIZA\u00c7\u00c3O DESSE EVENTO, NA PR\u00d3XIMA SEMANA, QUALQUER FALTA, SEMPRE \u00c9 SENTIDA, E NOTADA.<\/p>\n\n\n\n<p>NESSE EVENTO, ESTAMOS ORGANIZANDO A PARTICIPA\u00c7\u00c3O DOS S\u00d3CIOS DE FORMA DIFERENTE, SER\u00c1 COBRADA A QUANTIA DE R$ 40,00, ( COM DIREITO A TODOS OS ITENS COMO CHURRASCO, ACOMPANHAMENTOS, BEBIDAS, E SOBREMESA ) POR ADULTO NO ATO DA ENTRADA, POR FAVOR, ESTAMOS SENDO BEM CLAROS, NESSE PONTO, PARA N\u00c3O TERMOS PROBLEMAS.<\/p>\n\n\n\n<p>SER\u00c1 UM GRANDE EVENTO, QUEM TIVER QUALQUER PROBLEMA DE SA\u00daDE OU BAIXA IMUNIDADE, DEVE EVITAR DE COMPARECER.<\/p>\n\n\n\n<p>VAMOS FAZER UMA GRANDE FESTA, DEPENDEMOS DO MAIOR N\u00daMERO POSS\u00cdVEL DE PARTICIPANTES, A FESTA \u00c9 DO CVMARJ.<\/p>\n\n\n\n<p>N\u00c3O PERGUNTE O QU\u00ca O CVMARJ PODE FAZER POR VOC\u00ca, E SIM O QU\u00ca VOC\u00ca PODE FAZER PELO CVMARJ!<\/p>\n\n\n\n<p>SOMOS CVMARJ!<\/p>\n\n\n\n<p>AVANTE CVMARJ!<\/p>\n\n\n\n<p>VAMOS EM FRENTE!<\/p>\n\n\n\n<p>CVMARJ 19 ANOS, MUITA A\u00c7\u00c3O E EMO\u00c7\u00c3O!<\/p>\n\n\n\n<p>AT.<\/p>\n\n\n\n<p>S\u00c9RGIO CAPELLA.<br>PRESIDENTE DO CVMARJ.<\/p>\n","protected":false},"excerpt":{"rendered":"<p>ATEN\u00c7\u00c3O! BOM DIA. NO PR\u00d3XIMO S\u00c1BADO, 26 DE JUNHO DE 2021, ESTAREMOS REALIZANDO UMA GRANDE FESTA EM COMEMORA\u00c7\u00c3O AO ANIVERS\u00c1RIO DE 19 ANOS DE FUNDA\u00c7\u00c3O DO CVMARJ, NA SEDE EM TUBIACANGA, \u00c0 PARTIR DAS 10:00 H. A DIRETORIA DO CLUBE, TEM COMO UMA DAS SUAS PRINCIPAIS METAS, A INTEGRA\u00c7\u00c3O ENTRE SEUS ASSOCIADOS, BUSCANDO LHES DAR&hellip;&nbsp;<a href=\"https:\/\/cvmarj.org.br\/site\/index.php\/2021\/06\/19\/convocacao-geral-cvmarj\/\" class=\"\" rel=\"bookmark\">Ler mais &raquo;<span class=\"screen-reader-text\">CONVOCA\u00c7\u00c3O GERAL &#8211; CVMARJ!<\/span><\/a><\/p>\n","protected":false},"author":1,"featured_media":0,"comment_status":"closed","ping_status":"closed","sticky":false,"template":"","format":"standard","meta":{"neve_meta_sidebar":"","neve_meta_container":"","neve_meta_enable_content_width":"","neve_meta_content_width":0,"neve_meta_title_alignment":"","neve_meta_author_avatar":"","neve_post_elements_order":"","neve_meta_disable_header":"","neve_meta_disable_footer":"","neve_meta_disable_title":"","footnotes":""},"categories":[11],"tags":[],"_links":{"self":[{"href":"https:\/\/cvmarj.org.br\/site\/index.php\/wp-json\/wp\/v2\/posts\/1911"}],"collection":[{"href":"https:\/\/cvmarj.org.br\/site\/index.php\/wp-json\/wp\/v2\/posts"}],"about":[{"href":"https:\/\/cvmarj.org.br\/site\/index.php\/wp-json\/wp\/v2\/types\/post"}],"author":[{"embeddable":true,"href":"https:\/\/cvmarj.org.br\/site\/index.php\/wp-json\/wp\/v2\/users\/1"}],"replies":[{"embeddable":true,"href":"https:\/\/cvmarj.org.br\/site\/index.php\/wp-json\/wp\/v2\/comments?post=1911"}],"version-history":[{"count":2,"href":"https:\/\/cvmarj.org.br\/site\/index.php\/wp-json\/wp\/v2\/posts\/1911\/revisions"}],"predecessor-version":[{"id":1913,"href":"https:\/\/cvmarj.org.br\/site\/index.php\/wp-json\/wp\/v2\/posts\/1911\/revisions\/1913"}],"wp:attachment":[{"href":"https:\/\/cvmarj.org.br\/site\/index.php\/wp-json\/wp\/v2\/media?parent=1911"}],"wp:term":[{"taxonomy":"category","embeddable":true,"href":"https:\/\/cvmarj.org.br\/site\/index.php\/wp-json\/wp\/v2\/categories?post=1911"},{"taxonomy":"post_tag","embeddable":true,"href":"https:\/\/cvmarj.org.br\/site\/index.php\/wp-json\/wp\/v2\/tags?post=1911"}],"curies":[{"name":"wp","href":"https:\/\/api.w.org\/{rel}","templated":true}]}}