{"id":1917,"date":"2021-06-24T11:49:02","date_gmt":"2021-06-24T14:49:02","guid":{"rendered":"https:\/\/cvmarj.org.br\/site\/?p=1917"},"modified":"2021-06-24T11:49:45","modified_gmt":"2021-06-24T14:49:45","slug":"sera-um-evento-unico-e-imperdivel","status":"publish","type":"post","link":"https:\/\/cvmarj.org.br\/site\/index.php\/2021\/06\/24\/sera-um-evento-unico-e-imperdivel\/","title":{"rendered":"Ser\u00e1 um evento \u00daNICO, e imperd\u00edvel!"},"content":{"rendered":"\n<p>Bom dia!<\/p>\n\n\n\n<p>S\u00e1bado, 26 de junho de 2021, TEREMOS a comemora\u00e7\u00e3o dos 19 anos de funda\u00e7\u00e3o do CVMARJ, na sede do Clube, em TUBIACANGA, das 10:00 \u00e0s 16:00 h.<br>Ser\u00e1 um evento \u00daNICO, e imperd\u00edvel.<br>Ser\u00e1 que voc\u00ea deve ir?<\/p>\n\n\n\n<p>N\u00c3O\u2026<\/p>\n\n\n\n<ul><li>\u00c9 muito longe.<\/li><li>Estou cansado.<\/li><li>Estou devendo a anuidade.<\/li><li>Tem muita gente que eu n\u00e3o conhe\u00e7o.<\/li><li>Tenho deixado a vtr largada na garage.<\/li><li>Vai chover.<\/li><li>J\u00e1 sou idoso, tenho estado muito cansado.<\/li><li>Trabalho no s\u00e1bado.<\/li><li>\u2026. ( v\u00e1rias desculpas\u2026 ).<\/li><\/ul>\n\n\n\n<p>SIM, SIM, EU VOU!!!!!<\/p>\n\n\n\n<ul><li>Quero conhecer ou voltar \u00e0 nova sede do Clube.<\/li><li>Quero conhecer a poss\u00edvel nova sede do Clube.<\/li><li>Gosto de andar de Jeep.<\/li><li>Vai haver uma excelente cobertura fotogr\u00e1fica.<\/li><li>Teremos sorteio de brindes.<\/li><li>Poderei comprar produtos do CVMARJ.<\/li><li>As festas do Clube, sempre s\u00e3o excelentes.<\/li><li>Posso rever amigos e conhecer pessoas novas que gostam de viaturas militares antigas.<\/li><li>Posso conhecer um novo amor.<\/li><li>Meu Jeep precisa andar.<\/li><li>TUBIACANGA, n\u00e3o \u00e9 t\u00e3o longe assim\u2026<\/li><li>Sei que vou morrer um dia, melhor aproveitar a vida.<\/li><li>O valor \u00e9 muito baixo para o que ser\u00e1 oferecido, R$ 40,00, com servi\u00e7o completo, por adulto.<\/li><li>Teremos gar\u00e7ons, churrasqueiro, seguran\u00e7a, servi\u00e7os gerais, controle se entrada e acesso de pessoas.<\/li><li>Quem ainda n\u00e3o quitou sua anuidade, poder\u00e1, se quiser, fazer a sua quita\u00e7\u00e3o.<\/li><li>O evento, \u00e9 est\u00e1 aberto \u00e0 todos os S\u00f3cios do CVMARJ, estando em dia ou n\u00e3o com suas anuidades.<\/li><li>Posso ir mais tarde, depois do trabalho.<\/li><li>Pode aparecer alguma personalidade famosa, ou autoridade que n\u00e3o conhe\u00e7o, seria uma boa oportunidade.<\/li><li>Ainda d\u00e1 tempo de arrumar minha viatura.<\/li><li>Tem gente vindo de avi\u00e3o para essa festa, deve ser muito boa.<\/li><li>Quero colocar meus trajes do CVMARJ.<\/li><li>N\u00e3o vai chover, se chover tem muitas \u00e1reas cobertas.<\/li><li>Preciso reencontrar amigos e dar um forte abra\u00e7o neles.<\/li><li>EU VOU, EU VOU SIM!<\/li><\/ul>\n\n\n\n<p>SOU S\u00d3CIO DO CVMARJ!<\/p>\n\n\n\n<p>FA\u00c7O PARTE DESSA FAM\u00cdLIA!<\/p>\n\n\n\n<p>ESTOU AQUI COMO VOLUNT\u00c1RIO!<\/p>\n\n\n\n<p>O CLUBE \u00c9 MUITO FORTE, FRUTO DA NOSSA UNI\u00c3O!<\/p>\n\n\n\n<p>CVMARJ, TENHO ANDADO MEIO AUSENTE\u2026, MAS ESTOU VOLTANDO.<\/p>\n\n\n\n<p>AINDA TEMOS MUITOS KM PELA FRENTE!<\/p>\n\n\n\n<p>VIDA LONGA AO CVMARJ!<\/p>\n","protected":false},"excerpt":{"rendered":"<p>Bom dia! S\u00e1bado, 26 de junho de 2021, TEREMOS a comemora\u00e7\u00e3o dos 19 anos de funda\u00e7\u00e3o do CVMARJ, na sede do Clube, em TUBIACANGA, das 10:00 \u00e0s 16:00 h.Ser\u00e1 um evento \u00daNICO, e imperd\u00edvel.Ser\u00e1 que voc\u00ea deve ir? N\u00c3O\u2026 \u00c9 muito longe. Estou cansado. Estou devendo a anuidade. Tem muita gente que eu n\u00e3o conhe\u00e7o.&hellip;&nbsp;<a href=\"https:\/\/cvmarj.org.br\/site\/index.php\/2021\/06\/24\/sera-um-evento-unico-e-imperdivel\/\" class=\"\" rel=\"bookmark\">Ler mais &raquo;<span class=\"screen-reader-text\">Ser\u00e1 um evento \u00daNICO, e imperd\u00edvel!<\/span><\/a><\/p>\n","protected":false},"author":1,"featured_media":0,"comment_status":"closed","ping_status":"closed","sticky":false,"template":"","format":"standard","meta":{"neve_meta_sidebar":"","neve_meta_container":"","neve_meta_enable_content_width":"","neve_meta_content_width":0,"neve_meta_title_alignment":"","neve_meta_author_avatar":"","neve_post_elements_order":"","neve_meta_disable_header":"","neve_meta_disable_footer":"","neve_meta_disable_title":"","footnotes":""},"categories":[11],"tags":[],"_links":{"self":[{"href":"https:\/\/cvmarj.org.br\/site\/index.php\/wp-json\/wp\/v2\/posts\/1917"}],"collection":[{"href":"https:\/\/cvmarj.org.br\/site\/index.php\/wp-json\/wp\/v2\/posts"}],"about":[{"href":"https:\/\/cvmarj.org.br\/site\/index.php\/wp-json\/wp\/v2\/types\/post"}],"author":[{"embeddable":true,"href":"https:\/\/cvmarj.org.br\/site\/index.php\/wp-json\/wp\/v2\/users\/1"}],"replies":[{"embeddable":true,"href":"https:\/\/cvmarj.org.br\/site\/index.php\/wp-json\/wp\/v2\/comments?post=1917"}],"version-history":[{"count":1,"href":"https:\/\/cvmarj.org.br\/site\/index.php\/wp-json\/wp\/v2\/posts\/1917\/revisions"}],"predecessor-version":[{"id":1918,"href":"https:\/\/cvmarj.org.br\/site\/index.php\/wp-json\/wp\/v2\/posts\/1917\/revisions\/1918"}],"wp:attachment":[{"href":"https:\/\/cvmarj.org.br\/site\/index.php\/wp-json\/wp\/v2\/media?parent=1917"}],"wp:term":[{"taxonomy":"category","embeddable":true,"href":"https:\/\/cvmarj.org.br\/site\/index.php\/wp-json\/wp\/v2\/categories?post=1917"},{"taxonomy":"post_tag","embeddable":true,"href":"https:\/\/cvmarj.org.br\/site\/index.php\/wp-json\/wp\/v2\/tags?post=1917"}],"curies":[{"name":"wp","href":"https:\/\/api.w.org\/{rel}","templated":true}]}}