{"id":1922,"date":"2021-06-24T20:20:30","date_gmt":"2021-06-24T23:20:30","guid":{"rendered":"https:\/\/cvmarj.org.br\/site\/?p=1922"},"modified":"2021-07-25T18:02:04","modified_gmt":"2021-07-25T21:02:04","slug":"julho-2021","status":"publish","type":"post","link":"https:\/\/cvmarj.org.br\/site\/index.php\/2021\/06\/24\/julho-2021\/","title":{"rendered":"JULHO 2021"},"content":{"rendered":"\n<blockquote class=\"wp-block-quote\"><p>A T E N \u00c7 \u00c3 O<br>Boa tarde Amigos Veteranos.<\/p><cite><br>A subsecretaria de Assist\u00eancia Social est\u00e1 pedindo um of\u00edcio com 45 dias de anteced\u00eancia do nosso evento de inaugura\u00e7\u00e3o do NUPDEC e da Brigada Ambiental. Vamos ter que transferir o evento do dia 31\/07 para o in\u00edcio de setembro (provavelmente dia 11\/09).<br>Essa mudan\u00e7a ir\u00e1 nos proporcionar um tempo maior para a capta\u00e7\u00e3o de recursos, para a manuten\u00e7\u00e3o e os preparativos.<br>Tamb\u00e9m dar\u00e1 mais tempo para o t\u00e9rmino dos cursos e do Est\u00e1gio B\u00e1sico de Montanha, e para a confec\u00e7\u00e3o dos Certificados.<br>Tamb\u00e9m veio \u00e1 calhar com algumas sugest\u00f5es de passar a data para setembro por conta de um maior n\u00famero de Veteranos imunizados contra o COVID-19.<br>Conto com a compreens\u00e3o de todos e aguardo os amigos Veteranos no dia 11\/09.<br>BRASIL ACIMA DE TUDO.<br><strong>A D S U M U S.<br>\u2693\ud83c\udde7\ud83c\uddf7\u2693\ud83c\udde7\ud83c\uddf7\u2693\ud83c\udde7\ud83c\uddf7\u2693<\/strong><\/cite><\/blockquote>\n\n\n\n<hr class=\"wp-block-separator is-style-wide\"\/>\n\n\n\n<blockquote class=\"wp-block-quote\"><p>CANCELAMENTO DE EVENTO DO CVMARJ!<\/p><cite>O EVENTO DO DIA 31\/07\/2021, NA FAZENDA MODELO, FOI CANCELADO.<br>FAREMOS A ATIVIDADE DOS &#8220;PORT\u00d5ES ABERTOS&#8221; NA SEDE SEDE DO CVMARJ, NESSE DIA.<br>PORTANTO DIA 31\/07\/2021, S\u00c1BADO, &#8220;PORT\u00d5ES ABERTOS&#8221; , NA SEDE DO CLUBE EM TUBIACANGA, A PARTIR DAS 09:00 <br>\u00d3TIMA OPORTUNIDADE DE ANDAR COM VTR MILITAR ANTIGA, REVER AMIGOS E QUEIMAR UMA CARNE, POR ADES\u00c3O.<br>VAMOS EM FRENTE!<br>SOMOS CVMARJ!<br>AT.<br>S\u00c9RGIO CAPELLA.<br>PRESIDENTE DO CVMARJ!<\/cite><\/blockquote>\n\n\n\n<hr class=\"wp-block-separator is-style-wide\"\/>\n\n\n\n<p>ATIVIDADES MENSAIS ALTERA\u00c7\u00c3O  &#8211; JULHO DE 2021.<\/p>\n\n\n\n<p>ALTERA\u00c7\u00c3O_ 13\/07\/2021!<\/p>\n\n\n\n<p>18\/07\/21, DOMINGO: PSSSEIO \u00c0 NITER\u00d3I, VISITA AOS PONTOS TUR\u00cdSTICOS.<\/p>\n\n\n\n<p>24\/07\/2021, S\u00c1BADO: &#8220;PORT\u00d5ES ABERTOS&#8221; NA SEDE EM TUBIACANGA.<br>CHURRASCO POR ADES\u00c3O ( CADA UM LEVA O KIT, CARNES E BEBIDAS ), A PARTIR DAS 09:00 H.<\/p>\n\n\n\n<p>31\/07\/2021, S\u00c1BADO: EXPOSI\u00c7\u00c3O DE VIATURAS NO ARRAIAL MODELO, FESTA JULINA NA FAZENDA MODELO.<\/p>\n\n\n\n<p>OBSERVA\u00c7\u00c3O: ATIVIDADES PODEM SOFRER ALTERA\u00c7\u00d5ES.<\/p>\n\n\n\n<p>SOMOS CVMARJ!<\/p>\n\n\n\n<p>VAMOS EM FRENTE!<\/p>\n\n\n\n<p>AVANTE CVMARJ!<\/p>\n\n\n\n<p>AT.<\/p>\n\n\n\n<p>S\u00c9RGIO CAPELLA.<br>PRESIDENTE DO CVMARJ.<\/p>\n","protected":false},"excerpt":{"rendered":"<p>A T E N \u00c7 \u00c3 OBoa tarde Amigos Veteranos. A subsecretaria de Assist\u00eancia Social est\u00e1 pedindo um of\u00edcio com 45 dias de anteced\u00eancia do nosso evento de inaugura\u00e7\u00e3o do NUPDEC e da Brigada Ambiental. Vamos ter que transferir o evento do dia 31\/07 para o in\u00edcio de setembro (provavelmente dia 11\/09).Essa mudan\u00e7a ir\u00e1 nos&hellip;&nbsp;<a href=\"https:\/\/cvmarj.org.br\/site\/index.php\/2021\/06\/24\/julho-2021\/\" class=\"\" rel=\"bookmark\">Ler mais &raquo;<span class=\"screen-reader-text\">JULHO 2021<\/span><\/a><\/p>\n","protected":false},"author":1,"featured_media":0,"comment_status":"closed","ping_status":"closed","sticky":false,"template":"","format":"standard","meta":{"neve_meta_sidebar":"","neve_meta_container":"","neve_meta_enable_content_width":"","neve_meta_content_width":0,"neve_meta_title_alignment":"","neve_meta_author_avatar":"","neve_post_elements_order":"","neve_meta_disable_header":"","neve_meta_disable_footer":"","neve_meta_disable_title":"","footnotes":""},"categories":[7],"tags":[],"_links":{"self":[{"href":"https:\/\/cvmarj.org.br\/site\/index.php\/wp-json\/wp\/v2\/posts\/1922"}],"collection":[{"href":"https:\/\/cvmarj.org.br\/site\/index.php\/wp-json\/wp\/v2\/posts"}],"about":[{"href":"https:\/\/cvmarj.org.br\/site\/index.php\/wp-json\/wp\/v2\/types\/post"}],"author":[{"embeddable":true,"href":"https:\/\/cvmarj.org.br\/site\/index.php\/wp-json\/wp\/v2\/users\/1"}],"replies":[{"embeddable":true,"href":"https:\/\/cvmarj.org.br\/site\/index.php\/wp-json\/wp\/v2\/comments?post=1922"}],"version-history":[{"count":11,"href":"https:\/\/cvmarj.org.br\/site\/index.php\/wp-json\/wp\/v2\/posts\/1922\/revisions"}],"predecessor-version":[{"id":2277,"href":"https:\/\/cvmarj.org.br\/site\/index.php\/wp-json\/wp\/v2\/posts\/1922\/revisions\/2277"}],"wp:attachment":[{"href":"https:\/\/cvmarj.org.br\/site\/index.php\/wp-json\/wp\/v2\/media?parent=1922"}],"wp:term":[{"taxonomy":"category","embeddable":true,"href":"https:\/\/cvmarj.org.br\/site\/index.php\/wp-json\/wp\/v2\/categories?post=1922"},{"taxonomy":"post_tag","embeddable":true,"href":"https:\/\/cvmarj.org.br\/site\/index.php\/wp-json\/wp\/v2\/tags?post=1922"}],"curies":[{"name":"wp","href":"https:\/\/api.w.org\/{rel}","templated":true}]}}