{"id":1932,"date":"2021-06-26T10:31:20","date_gmt":"2021-06-26T13:31:20","guid":{"rendered":"https:\/\/cvmarj.org.br\/site\/?p=1932"},"modified":"2021-06-26T10:31:22","modified_gmt":"2021-06-26T13:31:22","slug":"sefferson-steindorff-31-museu-militar","status":"publish","type":"post","link":"https:\/\/cvmarj.org.br\/site\/index.php\/2021\/06\/26\/sefferson-steindorff-31-museu-militar\/","title":{"rendered":"Sefferson Steindorff 31 (Museu Militar)"},"content":{"rendered":"\n<p>Marca: Viatura Dodge T 203<br>Modelo: Dodge T 203 4&#215;4<br>Cor: Verde<br>Ano: 1942<br>Placa: N\u00e3o emplacado<br>Identifica\u00e7\u00e3o: Americana<\/p>\n\n\n\n<figure class=\"wp-block-gallery columns-2 is-cropped wp-block-gallery-1 is-layout-flex wp-block-gallery-is-layout-flex\"><ul class=\"blocks-gallery-grid\"><li class=\"blocks-gallery-item\"><figure><img fetchpriority=\"high\" decoding=\"async\" width=\"516\" height=\"456\" src=\"https:\/\/cvmarj.org.br\/site\/wp-content\/uploads\/2021\/06\/aa282710-0af8-4569-9962-eda1753b5160.jpg\" alt=\"\" data-id=\"1933\" data-full-url=\"https:\/\/cvmarj.org.br\/site\/wp-content\/uploads\/2021\/06\/aa282710-0af8-4569-9962-eda1753b5160.jpg\" data-link=\"https:\/\/cvmarj.org.br\/site\/?attachment_id=1933\" class=\"wp-image-1933\" srcset=\"https:\/\/cvmarj.org.br\/site\/wp-content\/uploads\/2021\/06\/aa282710-0af8-4569-9962-eda1753b5160.jpg 516w, https:\/\/cvmarj.org.br\/site\/wp-content\/uploads\/2021\/06\/aa282710-0af8-4569-9962-eda1753b5160-300x265.jpg 300w\" sizes=\"(max-width: 516px) 100vw, 516px\" \/><\/figure><\/li><li class=\"blocks-gallery-item\"><figure><img decoding=\"async\" width=\"498\" height=\"364\" src=\"https:\/\/cvmarj.org.br\/site\/wp-content\/uploads\/2021\/06\/7d82aca4-ebf5-45df-8f58-778f9bf2ec75.jpg\" alt=\"\" data-id=\"1934\" data-full-url=\"https:\/\/cvmarj.org.br\/site\/wp-content\/uploads\/2021\/06\/7d82aca4-ebf5-45df-8f58-778f9bf2ec75.jpg\" data-link=\"https:\/\/cvmarj.org.br\/site\/?attachment_id=1934\" class=\"wp-image-1934\" srcset=\"https:\/\/cvmarj.org.br\/site\/wp-content\/uploads\/2021\/06\/7d82aca4-ebf5-45df-8f58-778f9bf2ec75.jpg 498w, https:\/\/cvmarj.org.br\/site\/wp-content\/uploads\/2021\/06\/7d82aca4-ebf5-45df-8f58-778f9bf2ec75-300x219.jpg 300w\" sizes=\"(max-width: 498px) 100vw, 498px\" \/><\/figure><\/li><\/ul><\/figure>\n","protected":false},"excerpt":{"rendered":"<p>Marca: Viatura Dodge T 203Modelo: Dodge T 203 4&#215;4Cor: VerdeAno: 1942Placa: N\u00e3o emplacadoIdentifica\u00e7\u00e3o: Americana<\/p>\n","protected":false},"author":1,"featured_media":1935,"comment_status":"closed","ping_status":"closed","sticky":false,"template":"","format":"standard","meta":{"neve_meta_sidebar":"","neve_meta_container":"","neve_meta_enable_content_width":"","neve_meta_content_width":0,"neve_meta_title_alignment":"","neve_meta_author_avatar":"","neve_post_elements_order":"","neve_meta_disable_header":"","neve_meta_disable_footer":"","neve_meta_disable_title":"","footnotes":""},"categories":[4],"tags":[],"_links":{"self":[{"href":"https:\/\/cvmarj.org.br\/site\/index.php\/wp-json\/wp\/v2\/posts\/1932"}],"collection":[{"href":"https:\/\/cvmarj.org.br\/site\/index.php\/wp-json\/wp\/v2\/posts"}],"about":[{"href":"https:\/\/cvmarj.org.br\/site\/index.php\/wp-json\/wp\/v2\/types\/post"}],"author":[{"embeddable":true,"href":"https:\/\/cvmarj.org.br\/site\/index.php\/wp-json\/wp\/v2\/users\/1"}],"replies":[{"embeddable":true,"href":"https:\/\/cvmarj.org.br\/site\/index.php\/wp-json\/wp\/v2\/comments?post=1932"}],"version-history":[{"count":1,"href":"https:\/\/cvmarj.org.br\/site\/index.php\/wp-json\/wp\/v2\/posts\/1932\/revisions"}],"predecessor-version":[{"id":1936,"href":"https:\/\/cvmarj.org.br\/site\/index.php\/wp-json\/wp\/v2\/posts\/1932\/revisions\/1936"}],"wp:featuredmedia":[{"embeddable":true,"href":"https:\/\/cvmarj.org.br\/site\/index.php\/wp-json\/wp\/v2\/media\/1935"}],"wp:attachment":[{"href":"https:\/\/cvmarj.org.br\/site\/index.php\/wp-json\/wp\/v2\/media?parent=1932"}],"wp:term":[{"taxonomy":"category","embeddable":true,"href":"https:\/\/cvmarj.org.br\/site\/index.php\/wp-json\/wp\/v2\/categories?post=1932"},{"taxonomy":"post_tag","embeddable":true,"href":"https:\/\/cvmarj.org.br\/site\/index.php\/wp-json\/wp\/v2\/tags?post=1932"}],"curies":[{"name":"wp","href":"https:\/\/api.w.org\/{rel}","templated":true}]}}