{"id":1937,"date":"2021-06-26T10:33:24","date_gmt":"2021-06-26T13:33:24","guid":{"rendered":"https:\/\/cvmarj.org.br\/site\/?p=1937"},"modified":"2021-06-26T10:33:25","modified_gmt":"2021-06-26T13:33:25","slug":"sefferson-steindorff-32-museu-militar","status":"publish","type":"post","link":"https:\/\/cvmarj.org.br\/site\/index.php\/2021\/06\/26\/sefferson-steindorff-32-museu-militar\/","title":{"rendered":"Sefferson Steindorff 32 (Museu Militar)"},"content":{"rendered":"\n<p>BRASILEIRO \u2013 A32<br>Marca: Viatura TNE GMC 353<br>Modelo: : GMC 2 \u00bd Ton. 6&#215;6<br>Cor: Verde<br>Ano: 1941<br>Placa: N\u00e3o emplacado<br>Identifica\u00e7\u00e3o: Americano<\/p>\n\n\n\n<figure class=\"wp-block-gallery columns-2 is-cropped wp-block-gallery-1 is-layout-flex wp-block-gallery-is-layout-flex\"><ul class=\"blocks-gallery-grid\"><li class=\"blocks-gallery-item\"><figure><img fetchpriority=\"high\" decoding=\"async\" width=\"687\" height=\"456\" src=\"https:\/\/cvmarj.org.br\/site\/wp-content\/uploads\/2021\/06\/d1909fe1-7674-4de2-a4de-b323820c9af4.jpg\" alt=\"\" data-id=\"1939\" data-full-url=\"https:\/\/cvmarj.org.br\/site\/wp-content\/uploads\/2021\/06\/d1909fe1-7674-4de2-a4de-b323820c9af4.jpg\" data-link=\"https:\/\/cvmarj.org.br\/site\/?attachment_id=1939\" class=\"wp-image-1939\" srcset=\"https:\/\/cvmarj.org.br\/site\/wp-content\/uploads\/2021\/06\/d1909fe1-7674-4de2-a4de-b323820c9af4.jpg 687w, https:\/\/cvmarj.org.br\/site\/wp-content\/uploads\/2021\/06\/d1909fe1-7674-4de2-a4de-b323820c9af4-300x199.jpg 300w\" sizes=\"(max-width: 687px) 100vw, 687px\" \/><\/figure><\/li><li class=\"blocks-gallery-item\"><figure><img decoding=\"async\" width=\"629\" height=\"480\" src=\"https:\/\/cvmarj.org.br\/site\/wp-content\/uploads\/2021\/06\/666d3996-32c5-484a-b9a5-63b78680787a.jpg\" alt=\"\" data-id=\"1940\" data-full-url=\"https:\/\/cvmarj.org.br\/site\/wp-content\/uploads\/2021\/06\/666d3996-32c5-484a-b9a5-63b78680787a.jpg\" data-link=\"https:\/\/cvmarj.org.br\/site\/?attachment_id=1940\" class=\"wp-image-1940\" srcset=\"https:\/\/cvmarj.org.br\/site\/wp-content\/uploads\/2021\/06\/666d3996-32c5-484a-b9a5-63b78680787a.jpg 629w, https:\/\/cvmarj.org.br\/site\/wp-content\/uploads\/2021\/06\/666d3996-32c5-484a-b9a5-63b78680787a-300x229.jpg 300w\" sizes=\"(max-width: 629px) 100vw, 629px\" \/><\/figure><\/li><\/ul><\/figure>\n","protected":false},"excerpt":{"rendered":"<p>BRASILEIRO \u2013 A32Marca: Viatura TNE GMC 353Modelo: : GMC 2 \u00bd Ton. 6&#215;6Cor: VerdeAno: 1941Placa: N\u00e3o emplacadoIdentifica\u00e7\u00e3o: Americano<\/p>\n","protected":false},"author":1,"featured_media":1938,"comment_status":"closed","ping_status":"closed","sticky":false,"template":"","format":"standard","meta":{"neve_meta_sidebar":"","neve_meta_container":"","neve_meta_enable_content_width":"","neve_meta_content_width":0,"neve_meta_title_alignment":"","neve_meta_author_avatar":"","neve_post_elements_order":"","neve_meta_disable_header":"","neve_meta_disable_footer":"","neve_meta_disable_title":"","footnotes":""},"categories":[4],"tags":[],"_links":{"self":[{"href":"https:\/\/cvmarj.org.br\/site\/index.php\/wp-json\/wp\/v2\/posts\/1937"}],"collection":[{"href":"https:\/\/cvmarj.org.br\/site\/index.php\/wp-json\/wp\/v2\/posts"}],"about":[{"href":"https:\/\/cvmarj.org.br\/site\/index.php\/wp-json\/wp\/v2\/types\/post"}],"author":[{"embeddable":true,"href":"https:\/\/cvmarj.org.br\/site\/index.php\/wp-json\/wp\/v2\/users\/1"}],"replies":[{"embeddable":true,"href":"https:\/\/cvmarj.org.br\/site\/index.php\/wp-json\/wp\/v2\/comments?post=1937"}],"version-history":[{"count":1,"href":"https:\/\/cvmarj.org.br\/site\/index.php\/wp-json\/wp\/v2\/posts\/1937\/revisions"}],"predecessor-version":[{"id":1941,"href":"https:\/\/cvmarj.org.br\/site\/index.php\/wp-json\/wp\/v2\/posts\/1937\/revisions\/1941"}],"wp:featuredmedia":[{"embeddable":true,"href":"https:\/\/cvmarj.org.br\/site\/index.php\/wp-json\/wp\/v2\/media\/1938"}],"wp:attachment":[{"href":"https:\/\/cvmarj.org.br\/site\/index.php\/wp-json\/wp\/v2\/media?parent=1937"}],"wp:term":[{"taxonomy":"category","embeddable":true,"href":"https:\/\/cvmarj.org.br\/site\/index.php\/wp-json\/wp\/v2\/categories?post=1937"},{"taxonomy":"post_tag","embeddable":true,"href":"https:\/\/cvmarj.org.br\/site\/index.php\/wp-json\/wp\/v2\/tags?post=1937"}],"curies":[{"name":"wp","href":"https:\/\/api.w.org\/{rel}","templated":true}]}}