{"id":1942,"date":"2021-06-26T10:35:08","date_gmt":"2021-06-26T13:35:08","guid":{"rendered":"https:\/\/cvmarj.org.br\/site\/?p=1942"},"modified":"2021-06-26T10:35:50","modified_gmt":"2021-06-26T13:35:50","slug":"sefferson-steindorff-33-museu-militar","status":"publish","type":"post","link":"https:\/\/cvmarj.org.br\/site\/index.php\/2021\/06\/26\/sefferson-steindorff-33-museu-militar\/","title":{"rendered":"Sefferson Steindorff 33 (Museu Militar)"},"content":{"rendered":"\n<p>BRASILEIRO \u2013 A33<br>Marca: Viatura Jeep Willys CJ-5<br>Modelo: : Willys CJ- \u00bc Ton<br>Cor: Branco<br>Ano: 1967<br>Placa: N\u00e3o emplacado<br>Identifica\u00e7\u00e3o: Brasileiro<\/p>\n\n\n\n<figure class=\"wp-block-gallery columns-2 is-cropped wp-block-gallery-1 is-layout-flex wp-block-gallery-is-layout-flex\"><ul class=\"blocks-gallery-grid\"><li class=\"blocks-gallery-item\"><figure><img fetchpriority=\"high\" decoding=\"async\" width=\"582\" height=\"376\" src=\"https:\/\/cvmarj.org.br\/site\/wp-content\/uploads\/2021\/06\/6b494bb6-96d5-448a-8565-53fdcd1e4e55.jpg\" alt=\"\" data-id=\"1944\" data-full-url=\"https:\/\/cvmarj.org.br\/site\/wp-content\/uploads\/2021\/06\/6b494bb6-96d5-448a-8565-53fdcd1e4e55.jpg\" data-link=\"https:\/\/cvmarj.org.br\/site\/?attachment_id=1944\" class=\"wp-image-1944\" srcset=\"https:\/\/cvmarj.org.br\/site\/wp-content\/uploads\/2021\/06\/6b494bb6-96d5-448a-8565-53fdcd1e4e55.jpg 582w, https:\/\/cvmarj.org.br\/site\/wp-content\/uploads\/2021\/06\/6b494bb6-96d5-448a-8565-53fdcd1e4e55-300x194.jpg 300w\" sizes=\"(max-width: 582px) 100vw, 582px\" \/><\/figure><\/li><li class=\"blocks-gallery-item\"><figure><img decoding=\"async\" width=\"515\" height=\"464\" src=\"https:\/\/cvmarj.org.br\/site\/wp-content\/uploads\/2021\/06\/f7a7222b-7e0f-4979-b9b7-53750172e1c1-1.jpg\" alt=\"\" data-id=\"1945\" data-full-url=\"https:\/\/cvmarj.org.br\/site\/wp-content\/uploads\/2021\/06\/f7a7222b-7e0f-4979-b9b7-53750172e1c1-1.jpg\" data-link=\"https:\/\/cvmarj.org.br\/site\/?attachment_id=1945\" class=\"wp-image-1945\" srcset=\"https:\/\/cvmarj.org.br\/site\/wp-content\/uploads\/2021\/06\/f7a7222b-7e0f-4979-b9b7-53750172e1c1-1.jpg 515w, https:\/\/cvmarj.org.br\/site\/wp-content\/uploads\/2021\/06\/f7a7222b-7e0f-4979-b9b7-53750172e1c1-1-300x270.jpg 300w\" sizes=\"(max-width: 515px) 100vw, 515px\" \/><\/figure><\/li><\/ul><\/figure>\n","protected":false},"excerpt":{"rendered":"<p>BRASILEIRO \u2013 A33Marca: Viatura Jeep Willys CJ-5Modelo: : Willys CJ- \u00bc TonCor: BrancoAno: 1967Placa: N\u00e3o emplacadoIdentifica\u00e7\u00e3o: Brasileiro<\/p>\n","protected":false},"author":1,"featured_media":1947,"comment_status":"closed","ping_status":"closed","sticky":false,"template":"","format":"standard","meta":{"neve_meta_sidebar":"","neve_meta_container":"","neve_meta_enable_content_width":"","neve_meta_content_width":0,"neve_meta_title_alignment":"","neve_meta_author_avatar":"","neve_post_elements_order":"","neve_meta_disable_header":"","neve_meta_disable_footer":"","neve_meta_disable_title":"","footnotes":""},"categories":[4],"tags":[],"_links":{"self":[{"href":"https:\/\/cvmarj.org.br\/site\/index.php\/wp-json\/wp\/v2\/posts\/1942"}],"collection":[{"href":"https:\/\/cvmarj.org.br\/site\/index.php\/wp-json\/wp\/v2\/posts"}],"about":[{"href":"https:\/\/cvmarj.org.br\/site\/index.php\/wp-json\/wp\/v2\/types\/post"}],"author":[{"embeddable":true,"href":"https:\/\/cvmarj.org.br\/site\/index.php\/wp-json\/wp\/v2\/users\/1"}],"replies":[{"embeddable":true,"href":"https:\/\/cvmarj.org.br\/site\/index.php\/wp-json\/wp\/v2\/comments?post=1942"}],"version-history":[{"count":1,"href":"https:\/\/cvmarj.org.br\/site\/index.php\/wp-json\/wp\/v2\/posts\/1942\/revisions"}],"predecessor-version":[{"id":1946,"href":"https:\/\/cvmarj.org.br\/site\/index.php\/wp-json\/wp\/v2\/posts\/1942\/revisions\/1946"}],"wp:featuredmedia":[{"embeddable":true,"href":"https:\/\/cvmarj.org.br\/site\/index.php\/wp-json\/wp\/v2\/media\/1947"}],"wp:attachment":[{"href":"https:\/\/cvmarj.org.br\/site\/index.php\/wp-json\/wp\/v2\/media?parent=1942"}],"wp:term":[{"taxonomy":"category","embeddable":true,"href":"https:\/\/cvmarj.org.br\/site\/index.php\/wp-json\/wp\/v2\/categories?post=1942"},{"taxonomy":"post_tag","embeddable":true,"href":"https:\/\/cvmarj.org.br\/site\/index.php\/wp-json\/wp\/v2\/tags?post=1942"}],"curies":[{"name":"wp","href":"https:\/\/api.w.org\/{rel}","templated":true}]}}