{"id":1948,"date":"2021-06-26T10:38:46","date_gmt":"2021-06-26T13:38:46","guid":{"rendered":"https:\/\/cvmarj.org.br\/site\/?p=1948"},"modified":"2021-06-26T10:38:48","modified_gmt":"2021-06-26T13:38:48","slug":"sefferson-steindorff-34-museu-militar","status":"publish","type":"post","link":"https:\/\/cvmarj.org.br\/site\/index.php\/2021\/06\/26\/sefferson-steindorff-34-museu-militar\/","title":{"rendered":"Sefferson Steindorff 34 (Museu Militar)"},"content":{"rendered":"\n<p>BRASILEIRO \u2013 A34<br>Marca: Viatura DODGE WC 21<br>Modelo: DODGE WC 21<br>Cor: Verde<br>Ano: 1941<br>Placa: N\u00e3o emplacado<br>Identifica\u00e7\u00e3o: Americana<\/p>\n\n\n\n<figure class=\"wp-block-gallery columns-2 is-cropped wp-block-gallery-1 is-layout-flex wp-block-gallery-is-layout-flex\"><ul class=\"blocks-gallery-grid\"><li class=\"blocks-gallery-item\"><figure><img fetchpriority=\"high\" decoding=\"async\" width=\"703\" height=\"397\" src=\"https:\/\/cvmarj.org.br\/site\/wp-content\/uploads\/2021\/06\/0f3978f7-a396-4dce-b88c-dda8b6fc4979-1.jpg\" alt=\"\" data-id=\"1950\" data-full-url=\"https:\/\/cvmarj.org.br\/site\/wp-content\/uploads\/2021\/06\/0f3978f7-a396-4dce-b88c-dda8b6fc4979-1.jpg\" data-link=\"https:\/\/cvmarj.org.br\/site\/?attachment_id=1950\" class=\"wp-image-1950\" srcset=\"https:\/\/cvmarj.org.br\/site\/wp-content\/uploads\/2021\/06\/0f3978f7-a396-4dce-b88c-dda8b6fc4979-1.jpg 703w, https:\/\/cvmarj.org.br\/site\/wp-content\/uploads\/2021\/06\/0f3978f7-a396-4dce-b88c-dda8b6fc4979-1-300x169.jpg 300w\" sizes=\"(max-width: 703px) 100vw, 703px\" \/><\/figure><\/li><li class=\"blocks-gallery-item\"><figure><img decoding=\"async\" width=\"487\" height=\"415\" src=\"https:\/\/cvmarj.org.br\/site\/wp-content\/uploads\/2021\/06\/78a38ed1-9740-4ab8-b116-d60918bbb2fc.jpg\" alt=\"\" data-id=\"1951\" data-full-url=\"https:\/\/cvmarj.org.br\/site\/wp-content\/uploads\/2021\/06\/78a38ed1-9740-4ab8-b116-d60918bbb2fc.jpg\" data-link=\"https:\/\/cvmarj.org.br\/site\/?attachment_id=1951\" class=\"wp-image-1951\" srcset=\"https:\/\/cvmarj.org.br\/site\/wp-content\/uploads\/2021\/06\/78a38ed1-9740-4ab8-b116-d60918bbb2fc.jpg 487w, https:\/\/cvmarj.org.br\/site\/wp-content\/uploads\/2021\/06\/78a38ed1-9740-4ab8-b116-d60918bbb2fc-300x256.jpg 300w\" sizes=\"(max-width: 487px) 100vw, 487px\" \/><\/figure><\/li><\/ul><\/figure>\n","protected":false},"excerpt":{"rendered":"<p>BRASILEIRO \u2013 A34Marca: Viatura DODGE WC 21Modelo: DODGE WC 21Cor: VerdeAno: 1941Placa: N\u00e3o emplacadoIdentifica\u00e7\u00e3o: Americana<\/p>\n","protected":false},"author":1,"featured_media":1949,"comment_status":"closed","ping_status":"closed","sticky":false,"template":"","format":"standard","meta":{"neve_meta_sidebar":"","neve_meta_container":"","neve_meta_enable_content_width":"","neve_meta_content_width":0,"neve_meta_title_alignment":"","neve_meta_author_avatar":"","neve_post_elements_order":"","neve_meta_disable_header":"","neve_meta_disable_footer":"","neve_meta_disable_title":"","footnotes":""},"categories":[4],"tags":[],"_links":{"self":[{"href":"https:\/\/cvmarj.org.br\/site\/index.php\/wp-json\/wp\/v2\/posts\/1948"}],"collection":[{"href":"https:\/\/cvmarj.org.br\/site\/index.php\/wp-json\/wp\/v2\/posts"}],"about":[{"href":"https:\/\/cvmarj.org.br\/site\/index.php\/wp-json\/wp\/v2\/types\/post"}],"author":[{"embeddable":true,"href":"https:\/\/cvmarj.org.br\/site\/index.php\/wp-json\/wp\/v2\/users\/1"}],"replies":[{"embeddable":true,"href":"https:\/\/cvmarj.org.br\/site\/index.php\/wp-json\/wp\/v2\/comments?post=1948"}],"version-history":[{"count":1,"href":"https:\/\/cvmarj.org.br\/site\/index.php\/wp-json\/wp\/v2\/posts\/1948\/revisions"}],"predecessor-version":[{"id":1952,"href":"https:\/\/cvmarj.org.br\/site\/index.php\/wp-json\/wp\/v2\/posts\/1948\/revisions\/1952"}],"wp:featuredmedia":[{"embeddable":true,"href":"https:\/\/cvmarj.org.br\/site\/index.php\/wp-json\/wp\/v2\/media\/1949"}],"wp:attachment":[{"href":"https:\/\/cvmarj.org.br\/site\/index.php\/wp-json\/wp\/v2\/media?parent=1948"}],"wp:term":[{"taxonomy":"category","embeddable":true,"href":"https:\/\/cvmarj.org.br\/site\/index.php\/wp-json\/wp\/v2\/categories?post=1948"},{"taxonomy":"post_tag","embeddable":true,"href":"https:\/\/cvmarj.org.br\/site\/index.php\/wp-json\/wp\/v2\/tags?post=1948"}],"curies":[{"name":"wp","href":"https:\/\/api.w.org\/{rel}","templated":true}]}}