{"id":1953,"date":"2021-06-26T10:43:01","date_gmt":"2021-06-26T13:43:01","guid":{"rendered":"https:\/\/cvmarj.org.br\/site\/?p=1953"},"modified":"2021-06-26T10:43:03","modified_gmt":"2021-06-26T13:43:03","slug":"sefferson-steindorff-35-museu-militar","status":"publish","type":"post","link":"https:\/\/cvmarj.org.br\/site\/index.php\/2021\/06\/26\/sefferson-steindorff-35-museu-militar\/","title":{"rendered":"Sefferson Steindorff 35 (Museu Militar)"},"content":{"rendered":"\n<p>BRASILEIRO \u2013 A35<br>Marca: Viatura TE Guincho Way<br>Modelo: Quinck Way<br>Cor: verde<br>Ano: 1942<br>Placa: N\u00e3o emplacado<br>Identifica\u00e7\u00e3o: Americano<\/p>\n\n\n\n<figure class=\"wp-block-gallery columns-3 is-cropped wp-block-gallery-1 is-layout-flex wp-block-gallery-is-layout-flex\"><ul class=\"blocks-gallery-grid\"><li class=\"blocks-gallery-item\"><figure><img fetchpriority=\"high\" decoding=\"async\" width=\"640\" height=\"480\" src=\"https:\/\/cvmarj.org.br\/site\/wp-content\/uploads\/2021\/06\/1ed3bdb7-885b-4eec-9dc7-c34f87a358ac.jpg\" alt=\"\" data-id=\"1955\" data-full-url=\"https:\/\/cvmarj.org.br\/site\/wp-content\/uploads\/2021\/06\/1ed3bdb7-885b-4eec-9dc7-c34f87a358ac.jpg\" data-link=\"https:\/\/cvmarj.org.br\/site\/?attachment_id=1955\" class=\"wp-image-1955\" srcset=\"https:\/\/cvmarj.org.br\/site\/wp-content\/uploads\/2021\/06\/1ed3bdb7-885b-4eec-9dc7-c34f87a358ac.jpg 640w, https:\/\/cvmarj.org.br\/site\/wp-content\/uploads\/2021\/06\/1ed3bdb7-885b-4eec-9dc7-c34f87a358ac-300x225.jpg 300w\" sizes=\"(max-width: 640px) 100vw, 640px\" \/><\/figure><\/li><li class=\"blocks-gallery-item\"><figure><img decoding=\"async\" width=\"577\" height=\"480\" src=\"https:\/\/cvmarj.org.br\/site\/wp-content\/uploads\/2021\/06\/1060ec80-ba1c-422d-bf1b-1ca0d48a2a16.jpg\" alt=\"\" data-id=\"1956\" data-full-url=\"https:\/\/cvmarj.org.br\/site\/wp-content\/uploads\/2021\/06\/1060ec80-ba1c-422d-bf1b-1ca0d48a2a16.jpg\" data-link=\"https:\/\/cvmarj.org.br\/site\/?attachment_id=1956\" class=\"wp-image-1956\" srcset=\"https:\/\/cvmarj.org.br\/site\/wp-content\/uploads\/2021\/06\/1060ec80-ba1c-422d-bf1b-1ca0d48a2a16.jpg 577w, https:\/\/cvmarj.org.br\/site\/wp-content\/uploads\/2021\/06\/1060ec80-ba1c-422d-bf1b-1ca0d48a2a16-300x250.jpg 300w\" sizes=\"(max-width: 577px) 100vw, 577px\" \/><\/figure><\/li><li class=\"blocks-gallery-item\"><figure><img decoding=\"async\" width=\"677\" height=\"352\" src=\"https:\/\/cvmarj.org.br\/site\/wp-content\/uploads\/2021\/06\/02c86e7b-ac38-46ea-8f64-c4f0dc13405b.jpg\" alt=\"\" data-id=\"1957\" data-full-url=\"https:\/\/cvmarj.org.br\/site\/wp-content\/uploads\/2021\/06\/02c86e7b-ac38-46ea-8f64-c4f0dc13405b.jpg\" data-link=\"https:\/\/cvmarj.org.br\/site\/?attachment_id=1957\" class=\"wp-image-1957\" srcset=\"https:\/\/cvmarj.org.br\/site\/wp-content\/uploads\/2021\/06\/02c86e7b-ac38-46ea-8f64-c4f0dc13405b.jpg 677w, https:\/\/cvmarj.org.br\/site\/wp-content\/uploads\/2021\/06\/02c86e7b-ac38-46ea-8f64-c4f0dc13405b-300x156.jpg 300w\" sizes=\"(max-width: 677px) 100vw, 677px\" \/><\/figure><\/li><\/ul><\/figure>\n","protected":false},"excerpt":{"rendered":"<p>BRASILEIRO \u2013 A35Marca: Viatura TE Guincho WayModelo: Quinck WayCor: verdeAno: 1942Placa: N\u00e3o emplacadoIdentifica\u00e7\u00e3o: Americano<\/p>\n","protected":false},"author":1,"featured_media":1954,"comment_status":"closed","ping_status":"closed","sticky":false,"template":"","format":"standard","meta":{"neve_meta_sidebar":"","neve_meta_container":"","neve_meta_enable_content_width":"","neve_meta_content_width":0,"neve_meta_title_alignment":"","neve_meta_author_avatar":"","neve_post_elements_order":"","neve_meta_disable_header":"","neve_meta_disable_footer":"","neve_meta_disable_title":"","footnotes":""},"categories":[4],"tags":[],"_links":{"self":[{"href":"https:\/\/cvmarj.org.br\/site\/index.php\/wp-json\/wp\/v2\/posts\/1953"}],"collection":[{"href":"https:\/\/cvmarj.org.br\/site\/index.php\/wp-json\/wp\/v2\/posts"}],"about":[{"href":"https:\/\/cvmarj.org.br\/site\/index.php\/wp-json\/wp\/v2\/types\/post"}],"author":[{"embeddable":true,"href":"https:\/\/cvmarj.org.br\/site\/index.php\/wp-json\/wp\/v2\/users\/1"}],"replies":[{"embeddable":true,"href":"https:\/\/cvmarj.org.br\/site\/index.php\/wp-json\/wp\/v2\/comments?post=1953"}],"version-history":[{"count":1,"href":"https:\/\/cvmarj.org.br\/site\/index.php\/wp-json\/wp\/v2\/posts\/1953\/revisions"}],"predecessor-version":[{"id":1958,"href":"https:\/\/cvmarj.org.br\/site\/index.php\/wp-json\/wp\/v2\/posts\/1953\/revisions\/1958"}],"wp:featuredmedia":[{"embeddable":true,"href":"https:\/\/cvmarj.org.br\/site\/index.php\/wp-json\/wp\/v2\/media\/1954"}],"wp:attachment":[{"href":"https:\/\/cvmarj.org.br\/site\/index.php\/wp-json\/wp\/v2\/media?parent=1953"}],"wp:term":[{"taxonomy":"category","embeddable":true,"href":"https:\/\/cvmarj.org.br\/site\/index.php\/wp-json\/wp\/v2\/categories?post=1953"},{"taxonomy":"post_tag","embeddable":true,"href":"https:\/\/cvmarj.org.br\/site\/index.php\/wp-json\/wp\/v2\/tags?post=1953"}],"curies":[{"name":"wp","href":"https:\/\/api.w.org\/{rel}","templated":true}]}}