{"id":1959,"date":"2021-06-26T10:49:10","date_gmt":"2021-06-26T13:49:10","guid":{"rendered":"https:\/\/cvmarj.org.br\/site\/?p=1959"},"modified":"2021-06-26T10:49:55","modified_gmt":"2021-06-26T13:49:55","slug":"sefferson-steindorff-37-museu-militar","status":"publish","type":"post","link":"https:\/\/cvmarj.org.br\/site\/index.php\/2021\/06\/26\/sefferson-steindorff-37-museu-militar\/","title":{"rendered":"Sefferson Steindorff 37 (Museu Militar)"},"content":{"rendered":"\n<p>BRASILEIRO \u2013 A37<br>Marca: Viatura TE \u00d4nibus Chevrolet<br>Modelo: n\u00e3o optante<br>Cor: n\u00e3o optante<br>Ano: 1949<br>Placa: N\u00e3o emplacado<br>Identifica\u00e7\u00e3o: Americano<\/p>\n\n\n\n<figure class=\"wp-block-gallery columns-2 is-cropped wp-block-gallery-1 is-layout-flex wp-block-gallery-is-layout-flex\"><ul class=\"blocks-gallery-grid\"><li class=\"blocks-gallery-item\"><figure><img fetchpriority=\"high\" decoding=\"async\" width=\"720\" height=\"344\" src=\"https:\/\/cvmarj.org.br\/site\/wp-content\/uploads\/2021\/06\/726c8461-b8a7-4eb1-933e-5ef542bad437.jpg\" alt=\"\" data-id=\"1961\" data-full-url=\"https:\/\/cvmarj.org.br\/site\/wp-content\/uploads\/2021\/06\/726c8461-b8a7-4eb1-933e-5ef542bad437.jpg\" data-link=\"https:\/\/cvmarj.org.br\/site\/?attachment_id=1961\" class=\"wp-image-1961\" srcset=\"https:\/\/cvmarj.org.br\/site\/wp-content\/uploads\/2021\/06\/726c8461-b8a7-4eb1-933e-5ef542bad437.jpg 720w, https:\/\/cvmarj.org.br\/site\/wp-content\/uploads\/2021\/06\/726c8461-b8a7-4eb1-933e-5ef542bad437-300x143.jpg 300w\" sizes=\"(max-width: 720px) 100vw, 720px\" \/><\/figure><\/li><li class=\"blocks-gallery-item\"><figure><img decoding=\"async\" width=\"458\" height=\"477\" src=\"https:\/\/cvmarj.org.br\/site\/wp-content\/uploads\/2021\/06\/696ff48e-fef0-4bb7-972e-35df68457196-1.jpg\" alt=\"\" data-id=\"1962\" data-full-url=\"https:\/\/cvmarj.org.br\/site\/wp-content\/uploads\/2021\/06\/696ff48e-fef0-4bb7-972e-35df68457196-1.jpg\" data-link=\"https:\/\/cvmarj.org.br\/site\/?attachment_id=1962\" class=\"wp-image-1962\" srcset=\"https:\/\/cvmarj.org.br\/site\/wp-content\/uploads\/2021\/06\/696ff48e-fef0-4bb7-972e-35df68457196-1.jpg 458w, https:\/\/cvmarj.org.br\/site\/wp-content\/uploads\/2021\/06\/696ff48e-fef0-4bb7-972e-35df68457196-1-288x300.jpg 288w\" sizes=\"(max-width: 458px) 100vw, 458px\" \/><\/figure><\/li><\/ul><\/figure>\n","protected":false},"excerpt":{"rendered":"<p>BRASILEIRO \u2013 A37Marca: Viatura TE \u00d4nibus ChevroletModelo: n\u00e3o optanteCor: n\u00e3o optanteAno: 1949Placa: N\u00e3o emplacadoIdentifica\u00e7\u00e3o: Americano<\/p>\n","protected":false},"author":1,"featured_media":1964,"comment_status":"closed","ping_status":"closed","sticky":false,"template":"","format":"standard","meta":{"neve_meta_sidebar":"","neve_meta_container":"","neve_meta_enable_content_width":"","neve_meta_content_width":0,"neve_meta_title_alignment":"","neve_meta_author_avatar":"","neve_post_elements_order":"","neve_meta_disable_header":"","neve_meta_disable_footer":"","neve_meta_disable_title":"","footnotes":""},"categories":[4],"tags":[],"_links":{"self":[{"href":"https:\/\/cvmarj.org.br\/site\/index.php\/wp-json\/wp\/v2\/posts\/1959"}],"collection":[{"href":"https:\/\/cvmarj.org.br\/site\/index.php\/wp-json\/wp\/v2\/posts"}],"about":[{"href":"https:\/\/cvmarj.org.br\/site\/index.php\/wp-json\/wp\/v2\/types\/post"}],"author":[{"embeddable":true,"href":"https:\/\/cvmarj.org.br\/site\/index.php\/wp-json\/wp\/v2\/users\/1"}],"replies":[{"embeddable":true,"href":"https:\/\/cvmarj.org.br\/site\/index.php\/wp-json\/wp\/v2\/comments?post=1959"}],"version-history":[{"count":1,"href":"https:\/\/cvmarj.org.br\/site\/index.php\/wp-json\/wp\/v2\/posts\/1959\/revisions"}],"predecessor-version":[{"id":1963,"href":"https:\/\/cvmarj.org.br\/site\/index.php\/wp-json\/wp\/v2\/posts\/1959\/revisions\/1963"}],"wp:featuredmedia":[{"embeddable":true,"href":"https:\/\/cvmarj.org.br\/site\/index.php\/wp-json\/wp\/v2\/media\/1964"}],"wp:attachment":[{"href":"https:\/\/cvmarj.org.br\/site\/index.php\/wp-json\/wp\/v2\/media?parent=1959"}],"wp:term":[{"taxonomy":"category","embeddable":true,"href":"https:\/\/cvmarj.org.br\/site\/index.php\/wp-json\/wp\/v2\/categories?post=1959"},{"taxonomy":"post_tag","embeddable":true,"href":"https:\/\/cvmarj.org.br\/site\/index.php\/wp-json\/wp\/v2\/tags?post=1959"}],"curies":[{"name":"wp","href":"https:\/\/api.w.org\/{rel}","templated":true}]}}