{"id":1965,"date":"2021-06-26T10:52:32","date_gmt":"2021-06-26T13:52:32","guid":{"rendered":"https:\/\/cvmarj.org.br\/site\/?p=1965"},"modified":"2021-06-26T10:52:34","modified_gmt":"2021-06-26T13:52:34","slug":"sefferson-steindorff-38-museu-militar","status":"publish","type":"post","link":"https:\/\/cvmarj.org.br\/site\/index.php\/2021\/06\/26\/sefferson-steindorff-38-museu-militar\/","title":{"rendered":"Sefferson Steindorff 38 (Museu Militar)"},"content":{"rendered":"\n<p>BRASILEIRO \u2013 A38<br>Marca: Viatura TE Bombeiro<br>Modelo: International Harvester<br>Cor: Vermelho<br>Ano: 1951<br>Placa: N\u00e3o emplacado<br>Identifica\u00e7\u00e3o: Americano<\/p>\n\n\n\n<figure class=\"wp-block-gallery columns-2 is-cropped wp-block-gallery-1 is-layout-flex wp-block-gallery-is-layout-flex\"><ul class=\"blocks-gallery-grid\"><li class=\"blocks-gallery-item\"><figure><img fetchpriority=\"high\" decoding=\"async\" width=\"663\" height=\"410\" src=\"https:\/\/cvmarj.org.br\/site\/wp-content\/uploads\/2021\/06\/fd3f2f3b-0614-4565-80c5-5c7000dfbf69.jpg\" alt=\"\" data-id=\"1967\" data-full-url=\"https:\/\/cvmarj.org.br\/site\/wp-content\/uploads\/2021\/06\/fd3f2f3b-0614-4565-80c5-5c7000dfbf69.jpg\" data-link=\"https:\/\/cvmarj.org.br\/site\/?attachment_id=1967\" class=\"wp-image-1967\" srcset=\"https:\/\/cvmarj.org.br\/site\/wp-content\/uploads\/2021\/06\/fd3f2f3b-0614-4565-80c5-5c7000dfbf69.jpg 663w, https:\/\/cvmarj.org.br\/site\/wp-content\/uploads\/2021\/06\/fd3f2f3b-0614-4565-80c5-5c7000dfbf69-300x186.jpg 300w\" sizes=\"(max-width: 663px) 100vw, 663px\" \/><\/figure><\/li><li class=\"blocks-gallery-item\"><figure><img decoding=\"async\" width=\"540\" height=\"413\" src=\"https:\/\/cvmarj.org.br\/site\/wp-content\/uploads\/2021\/06\/8ef731c9-8077-42ba-82e3-a9362eed646a.jpg\" alt=\"\" data-id=\"1968\" data-full-url=\"https:\/\/cvmarj.org.br\/site\/wp-content\/uploads\/2021\/06\/8ef731c9-8077-42ba-82e3-a9362eed646a.jpg\" data-link=\"https:\/\/cvmarj.org.br\/site\/?attachment_id=1968\" class=\"wp-image-1968\" srcset=\"https:\/\/cvmarj.org.br\/site\/wp-content\/uploads\/2021\/06\/8ef731c9-8077-42ba-82e3-a9362eed646a.jpg 540w, https:\/\/cvmarj.org.br\/site\/wp-content\/uploads\/2021\/06\/8ef731c9-8077-42ba-82e3-a9362eed646a-300x229.jpg 300w\" sizes=\"(max-width: 540px) 100vw, 540px\" \/><\/figure><\/li><\/ul><\/figure>\n","protected":false},"excerpt":{"rendered":"<p>BRASILEIRO \u2013 A38Marca: Viatura TE BombeiroModelo: International HarvesterCor: VermelhoAno: 1951Placa: N\u00e3o emplacadoIdentifica\u00e7\u00e3o: Americano<\/p>\n","protected":false},"author":1,"featured_media":1966,"comment_status":"closed","ping_status":"closed","sticky":false,"template":"","format":"standard","meta":{"neve_meta_sidebar":"","neve_meta_container":"","neve_meta_enable_content_width":"","neve_meta_content_width":0,"neve_meta_title_alignment":"","neve_meta_author_avatar":"","neve_post_elements_order":"","neve_meta_disable_header":"","neve_meta_disable_footer":"","neve_meta_disable_title":"","footnotes":""},"categories":[4],"tags":[],"_links":{"self":[{"href":"https:\/\/cvmarj.org.br\/site\/index.php\/wp-json\/wp\/v2\/posts\/1965"}],"collection":[{"href":"https:\/\/cvmarj.org.br\/site\/index.php\/wp-json\/wp\/v2\/posts"}],"about":[{"href":"https:\/\/cvmarj.org.br\/site\/index.php\/wp-json\/wp\/v2\/types\/post"}],"author":[{"embeddable":true,"href":"https:\/\/cvmarj.org.br\/site\/index.php\/wp-json\/wp\/v2\/users\/1"}],"replies":[{"embeddable":true,"href":"https:\/\/cvmarj.org.br\/site\/index.php\/wp-json\/wp\/v2\/comments?post=1965"}],"version-history":[{"count":1,"href":"https:\/\/cvmarj.org.br\/site\/index.php\/wp-json\/wp\/v2\/posts\/1965\/revisions"}],"predecessor-version":[{"id":1969,"href":"https:\/\/cvmarj.org.br\/site\/index.php\/wp-json\/wp\/v2\/posts\/1965\/revisions\/1969"}],"wp:featuredmedia":[{"embeddable":true,"href":"https:\/\/cvmarj.org.br\/site\/index.php\/wp-json\/wp\/v2\/media\/1966"}],"wp:attachment":[{"href":"https:\/\/cvmarj.org.br\/site\/index.php\/wp-json\/wp\/v2\/media?parent=1965"}],"wp:term":[{"taxonomy":"category","embeddable":true,"href":"https:\/\/cvmarj.org.br\/site\/index.php\/wp-json\/wp\/v2\/categories?post=1965"},{"taxonomy":"post_tag","embeddable":true,"href":"https:\/\/cvmarj.org.br\/site\/index.php\/wp-json\/wp\/v2\/tags?post=1965"}],"curies":[{"name":"wp","href":"https:\/\/api.w.org\/{rel}","templated":true}]}}