{"id":1970,"date":"2021-06-26T10:55:34","date_gmt":"2021-06-26T13:55:34","guid":{"rendered":"https:\/\/cvmarj.org.br\/site\/?p=1970"},"modified":"2021-06-26T10:55:36","modified_gmt":"2021-06-26T13:55:36","slug":"sefferson-steindorff-39-museu-militar","status":"publish","type":"post","link":"https:\/\/cvmarj.org.br\/site\/index.php\/2021\/06\/26\/sefferson-steindorff-39-museu-militar\/","title":{"rendered":"Sefferson Steindorff 39 (Museu Militar)"},"content":{"rendered":"\n<p>BRASILEIRO \u2013 A39<br>Marca: Viatura Austin Cargo Truck MK1<br>Modelo: Cargo Truck MK1<br>Cor: Verde<br>Ano: 1951<br>Placa: N\u00e3o emplacado<br>Identifica\u00e7\u00e3o: Americana<\/p>\n\n\n\n<figure class=\"wp-block-gallery columns-2 is-cropped wp-block-gallery-1 is-layout-flex wp-block-gallery-is-layout-flex\"><ul class=\"blocks-gallery-grid\"><li class=\"blocks-gallery-item\"><figure><img fetchpriority=\"high\" decoding=\"async\" width=\"406\" height=\"366\" src=\"https:\/\/cvmarj.org.br\/site\/wp-content\/uploads\/2021\/06\/ea6aa258-0cab-4310-8825-d9945cb860ed.jpg\" alt=\"\" data-id=\"1972\" data-full-url=\"https:\/\/cvmarj.org.br\/site\/wp-content\/uploads\/2021\/06\/ea6aa258-0cab-4310-8825-d9945cb860ed.jpg\" data-link=\"https:\/\/cvmarj.org.br\/site\/?attachment_id=1972\" class=\"wp-image-1972\" srcset=\"https:\/\/cvmarj.org.br\/site\/wp-content\/uploads\/2021\/06\/ea6aa258-0cab-4310-8825-d9945cb860ed.jpg 406w, https:\/\/cvmarj.org.br\/site\/wp-content\/uploads\/2021\/06\/ea6aa258-0cab-4310-8825-d9945cb860ed-300x270.jpg 300w\" sizes=\"(max-width: 406px) 100vw, 406px\" \/><\/figure><\/li><li class=\"blocks-gallery-item\"><figure><img decoding=\"async\" width=\"555\" height=\"428\" src=\"https:\/\/cvmarj.org.br\/site\/wp-content\/uploads\/2021\/06\/58076a4d-0f52-4a33-a0bd-03f1b482e5d5.jpg\" alt=\"\" data-id=\"1973\" data-full-url=\"https:\/\/cvmarj.org.br\/site\/wp-content\/uploads\/2021\/06\/58076a4d-0f52-4a33-a0bd-03f1b482e5d5.jpg\" data-link=\"https:\/\/cvmarj.org.br\/site\/?attachment_id=1973\" class=\"wp-image-1973\" srcset=\"https:\/\/cvmarj.org.br\/site\/wp-content\/uploads\/2021\/06\/58076a4d-0f52-4a33-a0bd-03f1b482e5d5.jpg 555w, https:\/\/cvmarj.org.br\/site\/wp-content\/uploads\/2021\/06\/58076a4d-0f52-4a33-a0bd-03f1b482e5d5-300x231.jpg 300w\" sizes=\"(max-width: 555px) 100vw, 555px\" \/><\/figure><\/li><\/ul><\/figure>\n","protected":false},"excerpt":{"rendered":"<p>BRASILEIRO \u2013 A39Marca: Viatura Austin Cargo Truck MK1Modelo: Cargo Truck MK1Cor: VerdeAno: 1951Placa: N\u00e3o emplacadoIdentifica\u00e7\u00e3o: Americana<\/p>\n","protected":false},"author":1,"featured_media":1971,"comment_status":"closed","ping_status":"closed","sticky":false,"template":"","format":"standard","meta":{"neve_meta_sidebar":"","neve_meta_container":"","neve_meta_enable_content_width":"","neve_meta_content_width":0,"neve_meta_title_alignment":"","neve_meta_author_avatar":"","neve_post_elements_order":"","neve_meta_disable_header":"","neve_meta_disable_footer":"","neve_meta_disable_title":"","footnotes":""},"categories":[4],"tags":[],"_links":{"self":[{"href":"https:\/\/cvmarj.org.br\/site\/index.php\/wp-json\/wp\/v2\/posts\/1970"}],"collection":[{"href":"https:\/\/cvmarj.org.br\/site\/index.php\/wp-json\/wp\/v2\/posts"}],"about":[{"href":"https:\/\/cvmarj.org.br\/site\/index.php\/wp-json\/wp\/v2\/types\/post"}],"author":[{"embeddable":true,"href":"https:\/\/cvmarj.org.br\/site\/index.php\/wp-json\/wp\/v2\/users\/1"}],"replies":[{"embeddable":true,"href":"https:\/\/cvmarj.org.br\/site\/index.php\/wp-json\/wp\/v2\/comments?post=1970"}],"version-history":[{"count":1,"href":"https:\/\/cvmarj.org.br\/site\/index.php\/wp-json\/wp\/v2\/posts\/1970\/revisions"}],"predecessor-version":[{"id":1974,"href":"https:\/\/cvmarj.org.br\/site\/index.php\/wp-json\/wp\/v2\/posts\/1970\/revisions\/1974"}],"wp:featuredmedia":[{"embeddable":true,"href":"https:\/\/cvmarj.org.br\/site\/index.php\/wp-json\/wp\/v2\/media\/1971"}],"wp:attachment":[{"href":"https:\/\/cvmarj.org.br\/site\/index.php\/wp-json\/wp\/v2\/media?parent=1970"}],"wp:term":[{"taxonomy":"category","embeddable":true,"href":"https:\/\/cvmarj.org.br\/site\/index.php\/wp-json\/wp\/v2\/categories?post=1970"},{"taxonomy":"post_tag","embeddable":true,"href":"https:\/\/cvmarj.org.br\/site\/index.php\/wp-json\/wp\/v2\/tags?post=1970"}],"curies":[{"name":"wp","href":"https:\/\/api.w.org\/{rel}","templated":true}]}}