{"id":2006,"date":"2021-06-29T17:00:36","date_gmt":"2021-06-29T20:00:36","guid":{"rendered":"https:\/\/cvmarj.org.br\/site\/?p=2006"},"modified":"2021-06-29T17:02:40","modified_gmt":"2021-06-29T20:02:40","slug":"jose-augusto-pereira-mais-conhecido-como-zeca","status":"publish","type":"post","link":"https:\/\/cvmarj.org.br\/site\/index.php\/2021\/06\/29\/jose-augusto-pereira-mais-conhecido-como-zeca\/","title":{"rendered":"Jose Augusto Pereira, mais conhecido como ZECA"},"content":{"rendered":"\n<p><strong>Boa noite.<\/strong><br>\u00c9 dever de justi\u00e7a reconhecer e agradecer \u00e0 um dos grandes respons\u00e1veis por termos chegado onde chegamos, al\u00e9m de poder desfrutar de um local incr\u00edvel.<br>Seu nome \u00e9 Jose Augusto Pereira, mais conhecido como ZECA, eterno presidente, que \u00e9 uma das figuras mais representativas da nossa gest\u00e3o.<br>Eterno Presidente do CVMARJ, dedicado \u00e0 nossa causa, pessoa simples e amiga que tenho o prazer de ter como amigo.<br>Zeca em meu nome e de todos os S\u00d3CIOS DO CVMARJ, nosso muito obrigado, por abrir a sua casa para que possamos desfrutar desse local maravilhoso.<\/p>\n\n\n\n<figure class=\"wp-block-gallery columns-3 is-cropped wp-block-gallery-1 is-layout-flex wp-block-gallery-is-layout-flex\"><ul class=\"blocks-gallery-grid\"><li class=\"blocks-gallery-item\"><figure><img fetchpriority=\"high\" decoding=\"async\" width=\"576\" height=\"1024\" src=\"https:\/\/cvmarj.org.br\/site\/wp-content\/uploads\/2021\/06\/2c3c8c5d-1e2a-4797-8b12-dd4b24851e82-576x1024.jpg\" alt=\"\" data-id=\"2008\" data-full-url=\"https:\/\/cvmarj.org.br\/site\/wp-content\/uploads\/2021\/06\/2c3c8c5d-1e2a-4797-8b12-dd4b24851e82.jpg\" data-link=\"https:\/\/cvmarj.org.br\/site\/index.php\/2021\/06\/29\/jose-augusto-pereira-mais-conhecido-como-zeca\/2c3c8c5d-1e2a-4797-8b12-dd4b24851e82\/\" class=\"wp-image-2008\" srcset=\"https:\/\/cvmarj.org.br\/site\/wp-content\/uploads\/2021\/06\/2c3c8c5d-1e2a-4797-8b12-dd4b24851e82-576x1024.jpg 576w, https:\/\/cvmarj.org.br\/site\/wp-content\/uploads\/2021\/06\/2c3c8c5d-1e2a-4797-8b12-dd4b24851e82-169x300.jpg 169w, https:\/\/cvmarj.org.br\/site\/wp-content\/uploads\/2021\/06\/2c3c8c5d-1e2a-4797-8b12-dd4b24851e82.jpg 581w\" sizes=\"(max-width: 576px) 100vw, 576px\" \/><\/figure><\/li><li class=\"blocks-gallery-item\"><figure><img decoding=\"async\" width=\"576\" height=\"1024\" src=\"https:\/\/cvmarj.org.br\/site\/wp-content\/uploads\/2021\/06\/beeabc4d-1a67-4dda-836a-6afb4c2fb104-576x1024.jpg\" alt=\"\" data-id=\"2009\" data-full-url=\"https:\/\/cvmarj.org.br\/site\/wp-content\/uploads\/2021\/06\/beeabc4d-1a67-4dda-836a-6afb4c2fb104.jpg\" data-link=\"https:\/\/cvmarj.org.br\/site\/index.php\/2021\/06\/29\/jose-augusto-pereira-mais-conhecido-como-zeca\/beeabc4d-1a67-4dda-836a-6afb4c2fb104\/\" class=\"wp-image-2009\" srcset=\"https:\/\/cvmarj.org.br\/site\/wp-content\/uploads\/2021\/06\/beeabc4d-1a67-4dda-836a-6afb4c2fb104-576x1024.jpg 576w, https:\/\/cvmarj.org.br\/site\/wp-content\/uploads\/2021\/06\/beeabc4d-1a67-4dda-836a-6afb4c2fb104-169x300.jpg 169w, https:\/\/cvmarj.org.br\/site\/wp-content\/uploads\/2021\/06\/beeabc4d-1a67-4dda-836a-6afb4c2fb104.jpg 581w\" sizes=\"(max-width: 576px) 100vw, 576px\" \/><\/figure><\/li><li class=\"blocks-gallery-item\"><figure><img decoding=\"async\" width=\"1024\" height=\"682\" src=\"https:\/\/cvmarj.org.br\/site\/wp-content\/uploads\/2021\/06\/b5b2c640-73ee-4f9d-b44a-41389880ce8c-1024x682.jpg\" alt=\"\" data-id=\"2010\" data-full-url=\"https:\/\/cvmarj.org.br\/site\/wp-content\/uploads\/2021\/06\/b5b2c640-73ee-4f9d-b44a-41389880ce8c.jpg\" data-link=\"https:\/\/cvmarj.org.br\/site\/index.php\/2021\/06\/29\/jose-augusto-pereira-mais-conhecido-como-zeca\/b5b2c640-73ee-4f9d-b44a-41389880ce8c\/\" class=\"wp-image-2010\" srcset=\"https:\/\/cvmarj.org.br\/site\/wp-content\/uploads\/2021\/06\/b5b2c640-73ee-4f9d-b44a-41389880ce8c-1024x682.jpg 1024w, https:\/\/cvmarj.org.br\/site\/wp-content\/uploads\/2021\/06\/b5b2c640-73ee-4f9d-b44a-41389880ce8c-300x200.jpg 300w, https:\/\/cvmarj.org.br\/site\/wp-content\/uploads\/2021\/06\/b5b2c640-73ee-4f9d-b44a-41389880ce8c-768x512.jpg 768w, https:\/\/cvmarj.org.br\/site\/wp-content\/uploads\/2021\/06\/b5b2c640-73ee-4f9d-b44a-41389880ce8c-930x620.jpg 930w, https:\/\/cvmarj.org.br\/site\/wp-content\/uploads\/2021\/06\/b5b2c640-73ee-4f9d-b44a-41389880ce8c.jpg 1280w\" sizes=\"(max-width: 1024px) 100vw, 1024px\" \/><\/figure><\/li><\/ul><\/figure>\n","protected":false},"excerpt":{"rendered":"<p>Boa noite.\u00c9 dever de justi\u00e7a reconhecer e agradecer \u00e0 um dos grandes respons\u00e1veis por termos chegado onde chegamos, al\u00e9m de poder desfrutar de um local incr\u00edvel.Seu nome \u00e9 Jose Augusto Pereira, mais conhecido como ZECA, eterno presidente, que \u00e9 uma das figuras mais representativas da nossa gest\u00e3o.Eterno Presidente do CVMARJ, dedicado \u00e0 nossa causa, pessoa&hellip;&nbsp;<a href=\"https:\/\/cvmarj.org.br\/site\/index.php\/2021\/06\/29\/jose-augusto-pereira-mais-conhecido-como-zeca\/\" class=\"\" rel=\"bookmark\">Ler mais &raquo;<span class=\"screen-reader-text\">Jose Augusto Pereira, mais conhecido como ZECA<\/span><\/a><\/p>\n","protected":false},"author":1,"featured_media":0,"comment_status":"closed","ping_status":"closed","sticky":false,"template":"","format":"standard","meta":{"neve_meta_sidebar":"","neve_meta_container":"","neve_meta_enable_content_width":"","neve_meta_content_width":0,"neve_meta_title_alignment":"","neve_meta_author_avatar":"","neve_post_elements_order":"","neve_meta_disable_header":"","neve_meta_disable_footer":"","neve_meta_disable_title":"","footnotes":""},"categories":[11],"tags":[],"_links":{"self":[{"href":"https:\/\/cvmarj.org.br\/site\/index.php\/wp-json\/wp\/v2\/posts\/2006"}],"collection":[{"href":"https:\/\/cvmarj.org.br\/site\/index.php\/wp-json\/wp\/v2\/posts"}],"about":[{"href":"https:\/\/cvmarj.org.br\/site\/index.php\/wp-json\/wp\/v2\/types\/post"}],"author":[{"embeddable":true,"href":"https:\/\/cvmarj.org.br\/site\/index.php\/wp-json\/wp\/v2\/users\/1"}],"replies":[{"embeddable":true,"href":"https:\/\/cvmarj.org.br\/site\/index.php\/wp-json\/wp\/v2\/comments?post=2006"}],"version-history":[{"count":2,"href":"https:\/\/cvmarj.org.br\/site\/index.php\/wp-json\/wp\/v2\/posts\/2006\/revisions"}],"predecessor-version":[{"id":2011,"href":"https:\/\/cvmarj.org.br\/site\/index.php\/wp-json\/wp\/v2\/posts\/2006\/revisions\/2011"}],"wp:attachment":[{"href":"https:\/\/cvmarj.org.br\/site\/index.php\/wp-json\/wp\/v2\/media?parent=2006"}],"wp:term":[{"taxonomy":"category","embeddable":true,"href":"https:\/\/cvmarj.org.br\/site\/index.php\/wp-json\/wp\/v2\/categories?post=2006"},{"taxonomy":"post_tag","embeddable":true,"href":"https:\/\/cvmarj.org.br\/site\/index.php\/wp-json\/wp\/v2\/tags?post=2006"}],"curies":[{"name":"wp","href":"https:\/\/api.w.org\/{rel}","templated":true}]}}