{"id":2012,"date":"2021-06-29T17:07:41","date_gmt":"2021-06-29T20:07:41","guid":{"rendered":"https:\/\/cvmarj.org.br\/site\/?p=2012"},"modified":"2021-06-29T17:07:59","modified_gmt":"2021-06-29T20:07:59","slug":"ele-e-uma-lenda-viva-do-cvmarj","status":"publish","type":"post","link":"https:\/\/cvmarj.org.br\/site\/index.php\/2021\/06\/29\/ele-e-uma-lenda-viva-do-cvmarj\/","title":{"rendered":"Ele \u00e9 uma lenda viva do CVMARJ."},"content":{"rendered":"\n<p>Ele \u00e9 uma lenda viva do CVMARJ.<br><br>Fundador do Clube, amigo para todas as horas, com ele n\u00e3o tem tempo quente, sempre consegue resolver os problemas dos S\u00f3cios e entusiastas das viaturas militares antigas.<br>Gosta muito de dan\u00e7ar forr\u00f3, mas seu forte, \u00e9 cuidar das nossas viaturas.<br>Quase todas j\u00e1 passaram pelas suas m\u00e3os, conhece cada detalhe da maioria das nossas m\u00e1quinas.<br>Quando ningu\u00e9m resolve, ele resolve, sua oficina \u00e9 sempre procurada pelos excelentes servi\u00e7os prestados, assim como refei\u00e7\u00f5es variadas em grandes reuni\u00f5es em quase todos os s\u00e1bados.<br>Ele \u00e9 o DIRETOR T\u00c9CNICO DO CVMARJ, mais conhecido como ZEZINHO, refer\u00eancia nacional e mundial, j\u00e1 tendo consertado um Jeep, na Fran\u00e7a, via telefone, permitindo que o na \u00e9poca, o Presidente do CVMARJ, Jo\u00e3o Barone, muito agradecido, pudesse realizar o sonho de andar com seu Jeep, nas praias da Normandia.<br>Em meu nome e de todos que vc sempre ajuda Zezinho, nosso muito obrigado.<br>Cuide se bem, precisamos muito de voc\u00ea.<br>\u00c9 um prazer e uma honra, ser seu amigo.<br>Forte abra\u00e7o.<\/p>\n\n\n\n<figure class=\"wp-block-gallery columns-3 is-cropped wp-block-gallery-1 is-layout-flex wp-block-gallery-is-layout-flex\"><ul class=\"blocks-gallery-grid\"><li class=\"blocks-gallery-item\"><figure><img fetchpriority=\"high\" decoding=\"async\" width=\"1024\" height=\"767\" src=\"https:\/\/cvmarj.org.br\/site\/wp-content\/uploads\/2021\/06\/8fee4935-ef4e-4037-81ee-a9634b8652d1-1024x767.jpg\" alt=\"\" data-id=\"2013\" data-full-url=\"https:\/\/cvmarj.org.br\/site\/wp-content\/uploads\/2021\/06\/8fee4935-ef4e-4037-81ee-a9634b8652d1.jpg\" data-link=\"https:\/\/cvmarj.org.br\/site\/?attachment_id=2013\" class=\"wp-image-2013\" srcset=\"https:\/\/cvmarj.org.br\/site\/wp-content\/uploads\/2021\/06\/8fee4935-ef4e-4037-81ee-a9634b8652d1-1024x767.jpg 1024w, https:\/\/cvmarj.org.br\/site\/wp-content\/uploads\/2021\/06\/8fee4935-ef4e-4037-81ee-a9634b8652d1-300x225.jpg 300w, https:\/\/cvmarj.org.br\/site\/wp-content\/uploads\/2021\/06\/8fee4935-ef4e-4037-81ee-a9634b8652d1-768x575.jpg 768w, https:\/\/cvmarj.org.br\/site\/wp-content\/uploads\/2021\/06\/8fee4935-ef4e-4037-81ee-a9634b8652d1.jpg 1280w\" sizes=\"(max-width: 1024px) 100vw, 1024px\" \/><\/figure><\/li><li class=\"blocks-gallery-item\"><figure><img decoding=\"async\" width=\"576\" height=\"1024\" src=\"https:\/\/cvmarj.org.br\/site\/wp-content\/uploads\/2021\/06\/251d03d5-88cb-4f48-9fa9-da4c1ae1ba32-576x1024.jpg\" alt=\"\" data-id=\"2014\" data-full-url=\"https:\/\/cvmarj.org.br\/site\/wp-content\/uploads\/2021\/06\/251d03d5-88cb-4f48-9fa9-da4c1ae1ba32.jpg\" data-link=\"https:\/\/cvmarj.org.br\/site\/?attachment_id=2014\" class=\"wp-image-2014\" srcset=\"https:\/\/cvmarj.org.br\/site\/wp-content\/uploads\/2021\/06\/251d03d5-88cb-4f48-9fa9-da4c1ae1ba32-576x1024.jpg 576w, https:\/\/cvmarj.org.br\/site\/wp-content\/uploads\/2021\/06\/251d03d5-88cb-4f48-9fa9-da4c1ae1ba32-169x300.jpg 169w, https:\/\/cvmarj.org.br\/site\/wp-content\/uploads\/2021\/06\/251d03d5-88cb-4f48-9fa9-da4c1ae1ba32.jpg 720w\" sizes=\"(max-width: 576px) 100vw, 576px\" \/><\/figure><\/li><li class=\"blocks-gallery-item\"><figure><img decoding=\"async\" width=\"720\" height=\"784\" src=\"https:\/\/cvmarj.org.br\/site\/wp-content\/uploads\/2021\/06\/8c7194a7-5008-4772-af56-c2bcb4f90e7e.jpg\" alt=\"\" data-id=\"2015\" data-full-url=\"https:\/\/cvmarj.org.br\/site\/wp-content\/uploads\/2021\/06\/8c7194a7-5008-4772-af56-c2bcb4f90e7e.jpg\" data-link=\"https:\/\/cvmarj.org.br\/site\/?attachment_id=2015\" class=\"wp-image-2015\" srcset=\"https:\/\/cvmarj.org.br\/site\/wp-content\/uploads\/2021\/06\/8c7194a7-5008-4772-af56-c2bcb4f90e7e.jpg 720w, https:\/\/cvmarj.org.br\/site\/wp-content\/uploads\/2021\/06\/8c7194a7-5008-4772-af56-c2bcb4f90e7e-276x300.jpg 276w\" sizes=\"(max-width: 720px) 100vw, 720px\" \/><\/figure><\/li><\/ul><\/figure>\n","protected":false},"excerpt":{"rendered":"<p>Ele \u00e9 uma lenda viva do CVMARJ. Fundador do Clube, amigo para todas as horas, com ele n\u00e3o tem tempo quente, sempre consegue resolver os problemas dos S\u00f3cios e entusiastas das viaturas militares antigas.Gosta muito de dan\u00e7ar forr\u00f3, mas seu forte, \u00e9 cuidar das nossas viaturas.Quase todas j\u00e1 passaram pelas suas m\u00e3os, conhece cada detalhe&hellip;&nbsp;<a href=\"https:\/\/cvmarj.org.br\/site\/index.php\/2021\/06\/29\/ele-e-uma-lenda-viva-do-cvmarj\/\" class=\"\" rel=\"bookmark\">Ler mais &raquo;<span class=\"screen-reader-text\">Ele \u00e9 uma lenda viva do CVMARJ.<\/span><\/a><\/p>\n","protected":false},"author":1,"featured_media":0,"comment_status":"closed","ping_status":"closed","sticky":false,"template":"","format":"standard","meta":{"neve_meta_sidebar":"","neve_meta_container":"","neve_meta_enable_content_width":"","neve_meta_content_width":0,"neve_meta_title_alignment":"","neve_meta_author_avatar":"","neve_post_elements_order":"","neve_meta_disable_header":"","neve_meta_disable_footer":"","neve_meta_disable_title":"","footnotes":""},"categories":[11],"tags":[],"_links":{"self":[{"href":"https:\/\/cvmarj.org.br\/site\/index.php\/wp-json\/wp\/v2\/posts\/2012"}],"collection":[{"href":"https:\/\/cvmarj.org.br\/site\/index.php\/wp-json\/wp\/v2\/posts"}],"about":[{"href":"https:\/\/cvmarj.org.br\/site\/index.php\/wp-json\/wp\/v2\/types\/post"}],"author":[{"embeddable":true,"href":"https:\/\/cvmarj.org.br\/site\/index.php\/wp-json\/wp\/v2\/users\/1"}],"replies":[{"embeddable":true,"href":"https:\/\/cvmarj.org.br\/site\/index.php\/wp-json\/wp\/v2\/comments?post=2012"}],"version-history":[{"count":1,"href":"https:\/\/cvmarj.org.br\/site\/index.php\/wp-json\/wp\/v2\/posts\/2012\/revisions"}],"predecessor-version":[{"id":2016,"href":"https:\/\/cvmarj.org.br\/site\/index.php\/wp-json\/wp\/v2\/posts\/2012\/revisions\/2016"}],"wp:attachment":[{"href":"https:\/\/cvmarj.org.br\/site\/index.php\/wp-json\/wp\/v2\/media?parent=2012"}],"wp:term":[{"taxonomy":"category","embeddable":true,"href":"https:\/\/cvmarj.org.br\/site\/index.php\/wp-json\/wp\/v2\/categories?post=2012"},{"taxonomy":"post_tag","embeddable":true,"href":"https:\/\/cvmarj.org.br\/site\/index.php\/wp-json\/wp\/v2\/tags?post=2012"}],"curies":[{"name":"wp","href":"https:\/\/api.w.org\/{rel}","templated":true}]}}