{"id":2017,"date":"2021-06-29T17:10:18","date_gmt":"2021-06-29T20:10:18","guid":{"rendered":"https:\/\/cvmarj.org.br\/site\/?p=2017"},"modified":"2021-06-29T17:10:22","modified_gmt":"2021-06-29T20:10:22","slug":"guerreiro-alado-jose-carlos-bastos","status":"publish","type":"post","link":"https:\/\/cvmarj.org.br\/site\/index.php\/2021\/06\/29\/guerreiro-alado-jose-carlos-bastos\/","title":{"rendered":"GUERREIRO ALADO &#8211; Jos\u00e9 Carlos Bastos"},"content":{"rendered":"\n<p>Presto minha contin\u00eancia \u00e0 esse GUERREIRO ALADO, o Veterano Paraquedista, Jos\u00e9 Carlos Bastos, Diretor de Rela\u00e7\u00f5es P\u00fablicas do CVMARJ.<br>Sempre com seu Kaiser.M 606, padr\u00e3o 8\u00b0 Grupo de Artilharia Paraquedista, \u00e9 um dos \u00edcones do CVMARJ.<br>Exemplo de militar e cidad\u00e3o, refer\u00eancia aos S\u00f3cios mais modernos, por sua dedica\u00e7\u00e3o e carinho com o CVMARJ.<br>Sempre disposto a ajudar quando necess\u00e1rio, \u00e9 um dos elos mais fortes do Clube com as FA, trabalhando nos bastidores, cumprindo miss\u00f5es avan\u00e7adas e que n\u00e3o aparecem nas nossas midias, mas muito do que fazemos e por onde andamos, o amigo Bastos, j\u00e1 passou por l\u00e1, planejando e organizando nossas apresenta\u00e7\u00f5es.<br>\u00c9 o &#8220;PORTA BANDEIRA OFICIAL do CVMARJ.<br>Com certeza, um dos grandes respons\u00e1veis pelos nossos sucessos.<br>Amigo Bastos, \u00e9 uma honra e um prazer ter vc como membro do CLUBE.<br>Estamos sempre \u00e0 disposi\u00e7\u00e3o, para juntos seguir em frente.<br>VELAME<\/p>\n\n\n\n<figure class=\"wp-block-gallery columns-3 is-cropped wp-block-gallery-1 is-layout-flex wp-block-gallery-is-layout-flex\"><ul class=\"blocks-gallery-grid\"><li class=\"blocks-gallery-item\"><figure><img fetchpriority=\"high\" decoding=\"async\" width=\"577\" height=\"1024\" src=\"https:\/\/cvmarj.org.br\/site\/wp-content\/uploads\/2021\/06\/b39ae851-e366-478c-ae95-ded4daf46664-577x1024.jpg\" alt=\"\" data-id=\"2018\" data-full-url=\"https:\/\/cvmarj.org.br\/site\/wp-content\/uploads\/2021\/06\/b39ae851-e366-478c-ae95-ded4daf46664.jpg\" data-link=\"https:\/\/cvmarj.org.br\/site\/?attachment_id=2018\" class=\"wp-image-2018\" srcset=\"https:\/\/cvmarj.org.br\/site\/wp-content\/uploads\/2021\/06\/b39ae851-e366-478c-ae95-ded4daf46664-577x1024.jpg 577w, https:\/\/cvmarj.org.br\/site\/wp-content\/uploads\/2021\/06\/b39ae851-e366-478c-ae95-ded4daf46664-169x300.jpg 169w, https:\/\/cvmarj.org.br\/site\/wp-content\/uploads\/2021\/06\/b39ae851-e366-478c-ae95-ded4daf46664.jpg 721w\" sizes=\"(max-width: 577px) 100vw, 577px\" \/><\/figure><\/li><li class=\"blocks-gallery-item\"><figure><img decoding=\"async\" width=\"1024\" height=\"768\" src=\"https:\/\/cvmarj.org.br\/site\/wp-content\/uploads\/2021\/06\/a7319762-d5d5-45de-898a-cd253591b3bb-1024x768.jpg\" alt=\"\" data-id=\"2019\" data-full-url=\"https:\/\/cvmarj.org.br\/site\/wp-content\/uploads\/2021\/06\/a7319762-d5d5-45de-898a-cd253591b3bb.jpg\" data-link=\"https:\/\/cvmarj.org.br\/site\/?attachment_id=2019\" class=\"wp-image-2019\" srcset=\"https:\/\/cvmarj.org.br\/site\/wp-content\/uploads\/2021\/06\/a7319762-d5d5-45de-898a-cd253591b3bb-1024x768.jpg 1024w, https:\/\/cvmarj.org.br\/site\/wp-content\/uploads\/2021\/06\/a7319762-d5d5-45de-898a-cd253591b3bb-300x225.jpg 300w, https:\/\/cvmarj.org.br\/site\/wp-content\/uploads\/2021\/06\/a7319762-d5d5-45de-898a-cd253591b3bb-768x576.jpg 768w, https:\/\/cvmarj.org.br\/site\/wp-content\/uploads\/2021\/06\/a7319762-d5d5-45de-898a-cd253591b3bb.jpg 1040w\" sizes=\"(max-width: 1024px) 100vw, 1024px\" \/><\/figure><\/li><li class=\"blocks-gallery-item\"><figure><img decoding=\"async\" width=\"683\" height=\"1024\" src=\"https:\/\/cvmarj.org.br\/site\/wp-content\/uploads\/2021\/06\/2af9198d-85db-4f13-9319-8a4e94360acb-683x1024.jpg\" alt=\"\" data-id=\"2020\" data-full-url=\"https:\/\/cvmarj.org.br\/site\/wp-content\/uploads\/2021\/06\/2af9198d-85db-4f13-9319-8a4e94360acb.jpg\" data-link=\"https:\/\/cvmarj.org.br\/site\/?attachment_id=2020\" class=\"wp-image-2020\" srcset=\"https:\/\/cvmarj.org.br\/site\/wp-content\/uploads\/2021\/06\/2af9198d-85db-4f13-9319-8a4e94360acb-683x1024.jpg 683w, https:\/\/cvmarj.org.br\/site\/wp-content\/uploads\/2021\/06\/2af9198d-85db-4f13-9319-8a4e94360acb-200x300.jpg 200w, https:\/\/cvmarj.org.br\/site\/wp-content\/uploads\/2021\/06\/2af9198d-85db-4f13-9319-8a4e94360acb.jpg 720w\" sizes=\"(max-width: 683px) 100vw, 683px\" \/><\/figure><\/li><\/ul><\/figure>\n","protected":false},"excerpt":{"rendered":"<p>Presto minha contin\u00eancia \u00e0 esse GUERREIRO ALADO, o Veterano Paraquedista, Jos\u00e9 Carlos Bastos, Diretor de Rela\u00e7\u00f5es P\u00fablicas do CVMARJ.Sempre com seu Kaiser.M 606, padr\u00e3o 8\u00b0 Grupo de Artilharia Paraquedista, \u00e9 um dos \u00edcones do CVMARJ.Exemplo de militar e cidad\u00e3o, refer\u00eancia aos S\u00f3cios mais modernos, por sua dedica\u00e7\u00e3o e carinho com o CVMARJ.Sempre disposto a ajudar&hellip;&nbsp;<a href=\"https:\/\/cvmarj.org.br\/site\/index.php\/2021\/06\/29\/guerreiro-alado-jose-carlos-bastos\/\" class=\"\" rel=\"bookmark\">Ler mais &raquo;<span class=\"screen-reader-text\">GUERREIRO ALADO &#8211; Jos\u00e9 Carlos Bastos<\/span><\/a><\/p>\n","protected":false},"author":1,"featured_media":0,"comment_status":"closed","ping_status":"closed","sticky":false,"template":"","format":"standard","meta":{"neve_meta_sidebar":"","neve_meta_container":"","neve_meta_enable_content_width":"","neve_meta_content_width":0,"neve_meta_title_alignment":"","neve_meta_author_avatar":"","neve_post_elements_order":"","neve_meta_disable_header":"","neve_meta_disable_footer":"","neve_meta_disable_title":"","footnotes":""},"categories":[11],"tags":[],"_links":{"self":[{"href":"https:\/\/cvmarj.org.br\/site\/index.php\/wp-json\/wp\/v2\/posts\/2017"}],"collection":[{"href":"https:\/\/cvmarj.org.br\/site\/index.php\/wp-json\/wp\/v2\/posts"}],"about":[{"href":"https:\/\/cvmarj.org.br\/site\/index.php\/wp-json\/wp\/v2\/types\/post"}],"author":[{"embeddable":true,"href":"https:\/\/cvmarj.org.br\/site\/index.php\/wp-json\/wp\/v2\/users\/1"}],"replies":[{"embeddable":true,"href":"https:\/\/cvmarj.org.br\/site\/index.php\/wp-json\/wp\/v2\/comments?post=2017"}],"version-history":[{"count":1,"href":"https:\/\/cvmarj.org.br\/site\/index.php\/wp-json\/wp\/v2\/posts\/2017\/revisions"}],"predecessor-version":[{"id":2021,"href":"https:\/\/cvmarj.org.br\/site\/index.php\/wp-json\/wp\/v2\/posts\/2017\/revisions\/2021"}],"wp:attachment":[{"href":"https:\/\/cvmarj.org.br\/site\/index.php\/wp-json\/wp\/v2\/media?parent=2017"}],"wp:term":[{"taxonomy":"category","embeddable":true,"href":"https:\/\/cvmarj.org.br\/site\/index.php\/wp-json\/wp\/v2\/categories?post=2017"},{"taxonomy":"post_tag","embeddable":true,"href":"https:\/\/cvmarj.org.br\/site\/index.php\/wp-json\/wp\/v2\/tags?post=2017"}],"curies":[{"name":"wp","href":"https:\/\/api.w.org\/{rel}","templated":true}]}}