{"id":2022,"date":"2021-06-29T17:13:08","date_gmt":"2021-06-29T20:13:08","guid":{"rendered":"https:\/\/cvmarj.org.br\/site\/?p=2022"},"modified":"2021-06-29T17:13:10","modified_gmt":"2021-06-29T20:13:10","slug":"o-dono-do-jeep-boina-preta-dr-edson-vargas","status":"publish","type":"post","link":"https:\/\/cvmarj.org.br\/site\/index.php\/2021\/06\/29\/o-dono-do-jeep-boina-preta-dr-edson-vargas\/","title":{"rendered":"O dono do Jeep BOINA PRETA &#8211; Dr. EDSON VARGAS"},"content":{"rendered":"\n<p>O dono do Jeep BOINA PRETA, \u00e9 o Dr. EDSON VARGAS, nosso Diretor Secret\u00e1rio, respons\u00e1vel por toda a parte de documenta\u00e7\u00e3o do Clube.<br>Respons\u00e1vel pelas convoca\u00e7\u00f5es, atas e registros de tudo o que fazemos.<br>Sempre disposto a ajudar, tamb\u00e9m faz um trabalho estrat\u00e9gico para o Clube, aparecendo muito pouco nas nossas midias, mas tem um trabalho de extrema responsabilidade para o nosso Clube.<br>Veterano do 1\u00b0 RCC, carrega orgulhosamente na sua viatura, o S\u00edmbolo do Pelot\u00e3o de Sa\u00fade da sua Unidade.<br>Extremamente dedicado, contribui muito com sua experi\u00eancia profissional para que tomemos medidas com o menor risco poss\u00edvel de n\u00e3o obtermos sucesso nas nossas atividades.<br>Amigo Edson Vargas, vc tamb\u00e9m \u00e9 pessoa que agrega muito valor ao que temos alcan\u00e7ado.<\/p>\n\n\n\n<figure class=\"wp-block-gallery columns-3 is-cropped wp-block-gallery-1 is-layout-flex wp-block-gallery-is-layout-flex\"><ul class=\"blocks-gallery-grid\"><li class=\"blocks-gallery-item\"><figure><img fetchpriority=\"high\" decoding=\"async\" width=\"408\" height=\"763\" src=\"https:\/\/cvmarj.org.br\/site\/wp-content\/uploads\/2021\/06\/000ec24b-d381-4192-bb0f-9d362f1a1ded.jpg\" alt=\"\" data-id=\"2023\" data-full-url=\"https:\/\/cvmarj.org.br\/site\/wp-content\/uploads\/2021\/06\/000ec24b-d381-4192-bb0f-9d362f1a1ded.jpg\" data-link=\"https:\/\/cvmarj.org.br\/site\/?attachment_id=2023\" class=\"wp-image-2023\" srcset=\"https:\/\/cvmarj.org.br\/site\/wp-content\/uploads\/2021\/06\/000ec24b-d381-4192-bb0f-9d362f1a1ded.jpg 408w, https:\/\/cvmarj.org.br\/site\/wp-content\/uploads\/2021\/06\/000ec24b-d381-4192-bb0f-9d362f1a1ded-160x300.jpg 160w\" sizes=\"(max-width: 408px) 100vw, 408px\" \/><\/figure><\/li><li class=\"blocks-gallery-item\"><figure><img decoding=\"async\" width=\"640\" height=\"640\" src=\"https:\/\/cvmarj.org.br\/site\/wp-content\/uploads\/2021\/06\/8501ea6f-4524-4c4a-90f6-c7b433150baa.jpg\" alt=\"\" data-id=\"2024\" data-full-url=\"https:\/\/cvmarj.org.br\/site\/wp-content\/uploads\/2021\/06\/8501ea6f-4524-4c4a-90f6-c7b433150baa.jpg\" data-link=\"https:\/\/cvmarj.org.br\/site\/?attachment_id=2024\" class=\"wp-image-2024\" srcset=\"https:\/\/cvmarj.org.br\/site\/wp-content\/uploads\/2021\/06\/8501ea6f-4524-4c4a-90f6-c7b433150baa.jpg 640w, https:\/\/cvmarj.org.br\/site\/wp-content\/uploads\/2021\/06\/8501ea6f-4524-4c4a-90f6-c7b433150baa-300x300.jpg 300w, https:\/\/cvmarj.org.br\/site\/wp-content\/uploads\/2021\/06\/8501ea6f-4524-4c4a-90f6-c7b433150baa-150x150.jpg 150w\" sizes=\"(max-width: 640px) 100vw, 640px\" \/><\/figure><\/li><li class=\"blocks-gallery-item\"><figure><img decoding=\"async\" width=\"340\" height=\"340\" src=\"https:\/\/cvmarj.org.br\/site\/wp-content\/uploads\/2021\/06\/e80fdcb8-1b02-4fec-b5e5-95e9cd21878c.jpg\" alt=\"\" data-id=\"2025\" data-full-url=\"https:\/\/cvmarj.org.br\/site\/wp-content\/uploads\/2021\/06\/e80fdcb8-1b02-4fec-b5e5-95e9cd21878c.jpg\" data-link=\"https:\/\/cvmarj.org.br\/site\/?attachment_id=2025\" class=\"wp-image-2025\" srcset=\"https:\/\/cvmarj.org.br\/site\/wp-content\/uploads\/2021\/06\/e80fdcb8-1b02-4fec-b5e5-95e9cd21878c.jpg 340w, https:\/\/cvmarj.org.br\/site\/wp-content\/uploads\/2021\/06\/e80fdcb8-1b02-4fec-b5e5-95e9cd21878c-300x300.jpg 300w, https:\/\/cvmarj.org.br\/site\/wp-content\/uploads\/2021\/06\/e80fdcb8-1b02-4fec-b5e5-95e9cd21878c-150x150.jpg 150w\" sizes=\"(max-width: 340px) 100vw, 340px\" \/><\/figure><\/li><\/ul><\/figure>\n","protected":false},"excerpt":{"rendered":"<p>O dono do Jeep BOINA PRETA, \u00e9 o Dr. EDSON VARGAS, nosso Diretor Secret\u00e1rio, respons\u00e1vel por toda a parte de documenta\u00e7\u00e3o do Clube.Respons\u00e1vel pelas convoca\u00e7\u00f5es, atas e registros de tudo o que fazemos.Sempre disposto a ajudar, tamb\u00e9m faz um trabalho estrat\u00e9gico para o Clube, aparecendo muito pouco nas nossas midias, mas tem um trabalho de&hellip;&nbsp;<a href=\"https:\/\/cvmarj.org.br\/site\/index.php\/2021\/06\/29\/o-dono-do-jeep-boina-preta-dr-edson-vargas\/\" class=\"\" rel=\"bookmark\">Ler mais &raquo;<span class=\"screen-reader-text\">O dono do Jeep BOINA PRETA &#8211; Dr. EDSON VARGAS<\/span><\/a><\/p>\n","protected":false},"author":1,"featured_media":0,"comment_status":"closed","ping_status":"closed","sticky":false,"template":"","format":"standard","meta":{"neve_meta_sidebar":"","neve_meta_container":"","neve_meta_enable_content_width":"","neve_meta_content_width":0,"neve_meta_title_alignment":"","neve_meta_author_avatar":"","neve_post_elements_order":"","neve_meta_disable_header":"","neve_meta_disable_footer":"","neve_meta_disable_title":"","footnotes":""},"categories":[11],"tags":[],"_links":{"self":[{"href":"https:\/\/cvmarj.org.br\/site\/index.php\/wp-json\/wp\/v2\/posts\/2022"}],"collection":[{"href":"https:\/\/cvmarj.org.br\/site\/index.php\/wp-json\/wp\/v2\/posts"}],"about":[{"href":"https:\/\/cvmarj.org.br\/site\/index.php\/wp-json\/wp\/v2\/types\/post"}],"author":[{"embeddable":true,"href":"https:\/\/cvmarj.org.br\/site\/index.php\/wp-json\/wp\/v2\/users\/1"}],"replies":[{"embeddable":true,"href":"https:\/\/cvmarj.org.br\/site\/index.php\/wp-json\/wp\/v2\/comments?post=2022"}],"version-history":[{"count":1,"href":"https:\/\/cvmarj.org.br\/site\/index.php\/wp-json\/wp\/v2\/posts\/2022\/revisions"}],"predecessor-version":[{"id":2026,"href":"https:\/\/cvmarj.org.br\/site\/index.php\/wp-json\/wp\/v2\/posts\/2022\/revisions\/2026"}],"wp:attachment":[{"href":"https:\/\/cvmarj.org.br\/site\/index.php\/wp-json\/wp\/v2\/media?parent=2022"}],"wp:term":[{"taxonomy":"category","embeddable":true,"href":"https:\/\/cvmarj.org.br\/site\/index.php\/wp-json\/wp\/v2\/categories?post=2022"},{"taxonomy":"post_tag","embeddable":true,"href":"https:\/\/cvmarj.org.br\/site\/index.php\/wp-json\/wp\/v2\/tags?post=2022"}],"curies":[{"name":"wp","href":"https:\/\/api.w.org\/{rel}","templated":true}]}}