{"id":2027,"date":"2021-06-29T17:16:22","date_gmt":"2021-06-29T20:16:22","guid":{"rendered":"https:\/\/cvmarj.org.br\/site\/?p=2027"},"modified":"2021-06-29T17:16:25","modified_gmt":"2021-06-29T20:16:25","slug":"o-homem-que-administra-nossas-financas-major-edson-carneiro","status":"publish","type":"post","link":"https:\/\/cvmarj.org.br\/site\/index.php\/2021\/06\/29\/o-homem-que-administra-nossas-financas-major-edson-carneiro\/","title":{"rendered":"O homem que administra nossas finan\u00e7as &#8211; Major Edson Carneiro"},"content":{"rendered":"\n<p>O homem que administra nossas finan\u00e7as, \u00e9 o Major Edson Carneiro, nosso Diretor Tesoureiro, Oficial da Pol\u00edcia Militar do Rio de Janeiro, agora na Reserva, \u00e9 extremamente respons\u00e1vel e zeloso de suas atribui\u00e7\u00f5es.<br>Gra\u00e7as aos seus servi\u00e7os, conseguimos administrar de maneira simples, direta e r\u00e1pida as finan\u00e7as do CLUBE.<br>Hoje sabemos o que pagamos, o que temos que gastar, quanto temos dispon\u00edvel para nossas a\u00e7\u00f5es, al\u00e9m de previs\u00f5es de gastos para todo o ano.<br>Propriet\u00e1rio de uma Toyota Bandeirante, sempre representa muito bem o nosso Clube.<br>Vibrador, correto e amigo, conseguiu responder plenamente pelas necessidades que o Clube tinha em rela\u00e7\u00e3o \u00e0 \u00e1rea financeira.<br>Major Edson, contamos sempre com sua inestim\u00e1vel contribui\u00e7\u00e3o para o sucesso da nossa gest\u00e3o.<\/p>\n\n\n\n<figure class=\"wp-block-gallery columns-3 is-cropped wp-block-gallery-1 is-layout-flex wp-block-gallery-is-layout-flex\"><ul class=\"blocks-gallery-grid\"><li class=\"blocks-gallery-item\"><figure><img fetchpriority=\"high\" decoding=\"async\" width=\"1024\" height=\"768\" src=\"https:\/\/cvmarj.org.br\/site\/wp-content\/uploads\/2021\/06\/4f0293b3-11cc-4146-be55-b74d370f3504-1024x768.jpg\" alt=\"\" data-id=\"2028\" data-full-url=\"https:\/\/cvmarj.org.br\/site\/wp-content\/uploads\/2021\/06\/4f0293b3-11cc-4146-be55-b74d370f3504.jpg\" data-link=\"https:\/\/cvmarj.org.br\/site\/?attachment_id=2028\" class=\"wp-image-2028\" srcset=\"https:\/\/cvmarj.org.br\/site\/wp-content\/uploads\/2021\/06\/4f0293b3-11cc-4146-be55-b74d370f3504-1024x768.jpg 1024w, https:\/\/cvmarj.org.br\/site\/wp-content\/uploads\/2021\/06\/4f0293b3-11cc-4146-be55-b74d370f3504-300x225.jpg 300w, https:\/\/cvmarj.org.br\/site\/wp-content\/uploads\/2021\/06\/4f0293b3-11cc-4146-be55-b74d370f3504-768x576.jpg 768w, https:\/\/cvmarj.org.br\/site\/wp-content\/uploads\/2021\/06\/4f0293b3-11cc-4146-be55-b74d370f3504.jpg 1280w\" sizes=\"(max-width: 1024px) 100vw, 1024px\" \/><\/figure><\/li><li class=\"blocks-gallery-item\"><figure><img decoding=\"async\" width=\"960\" height=\"720\" src=\"https:\/\/cvmarj.org.br\/site\/wp-content\/uploads\/2021\/06\/1aa2262c-24b7-49f7-b0ba-cb1cec824677.jpg\" alt=\"\" data-id=\"2029\" data-full-url=\"https:\/\/cvmarj.org.br\/site\/wp-content\/uploads\/2021\/06\/1aa2262c-24b7-49f7-b0ba-cb1cec824677.jpg\" data-link=\"https:\/\/cvmarj.org.br\/site\/?attachment_id=2029\" class=\"wp-image-2029\" srcset=\"https:\/\/cvmarj.org.br\/site\/wp-content\/uploads\/2021\/06\/1aa2262c-24b7-49f7-b0ba-cb1cec824677.jpg 960w, https:\/\/cvmarj.org.br\/site\/wp-content\/uploads\/2021\/06\/1aa2262c-24b7-49f7-b0ba-cb1cec824677-300x225.jpg 300w, https:\/\/cvmarj.org.br\/site\/wp-content\/uploads\/2021\/06\/1aa2262c-24b7-49f7-b0ba-cb1cec824677-768x576.jpg 768w\" sizes=\"(max-width: 960px) 100vw, 960px\" \/><\/figure><\/li><li class=\"blocks-gallery-item\"><figure><img decoding=\"async\" width=\"960\" height=\"720\" src=\"https:\/\/cvmarj.org.br\/site\/wp-content\/uploads\/2021\/06\/5ac11dc1-0a38-4e3b-9094-527a39016cc0.jpg\" alt=\"\" data-id=\"2030\" data-full-url=\"https:\/\/cvmarj.org.br\/site\/wp-content\/uploads\/2021\/06\/5ac11dc1-0a38-4e3b-9094-527a39016cc0.jpg\" data-link=\"https:\/\/cvmarj.org.br\/site\/?attachment_id=2030\" class=\"wp-image-2030\" srcset=\"https:\/\/cvmarj.org.br\/site\/wp-content\/uploads\/2021\/06\/5ac11dc1-0a38-4e3b-9094-527a39016cc0.jpg 960w, https:\/\/cvmarj.org.br\/site\/wp-content\/uploads\/2021\/06\/5ac11dc1-0a38-4e3b-9094-527a39016cc0-300x225.jpg 300w, https:\/\/cvmarj.org.br\/site\/wp-content\/uploads\/2021\/06\/5ac11dc1-0a38-4e3b-9094-527a39016cc0-768x576.jpg 768w\" sizes=\"(max-width: 960px) 100vw, 960px\" \/><\/figure><\/li><\/ul><\/figure>\n","protected":false},"excerpt":{"rendered":"<p>O homem que administra nossas finan\u00e7as, \u00e9 o Major Edson Carneiro, nosso Diretor Tesoureiro, Oficial da Pol\u00edcia Militar do Rio de Janeiro, agora na Reserva, \u00e9 extremamente respons\u00e1vel e zeloso de suas atribui\u00e7\u00f5es.Gra\u00e7as aos seus servi\u00e7os, conseguimos administrar de maneira simples, direta e r\u00e1pida as finan\u00e7as do CLUBE.Hoje sabemos o que pagamos, o que temos&hellip;&nbsp;<a href=\"https:\/\/cvmarj.org.br\/site\/index.php\/2021\/06\/29\/o-homem-que-administra-nossas-financas-major-edson-carneiro\/\" class=\"\" rel=\"bookmark\">Ler mais &raquo;<span class=\"screen-reader-text\">O homem que administra nossas finan\u00e7as &#8211; Major Edson Carneiro<\/span><\/a><\/p>\n","protected":false},"author":1,"featured_media":0,"comment_status":"closed","ping_status":"closed","sticky":false,"template":"","format":"standard","meta":{"neve_meta_sidebar":"","neve_meta_container":"","neve_meta_enable_content_width":"","neve_meta_content_width":0,"neve_meta_title_alignment":"","neve_meta_author_avatar":"","neve_post_elements_order":"","neve_meta_disable_header":"","neve_meta_disable_footer":"","neve_meta_disable_title":"","footnotes":""},"categories":[11],"tags":[],"_links":{"self":[{"href":"https:\/\/cvmarj.org.br\/site\/index.php\/wp-json\/wp\/v2\/posts\/2027"}],"collection":[{"href":"https:\/\/cvmarj.org.br\/site\/index.php\/wp-json\/wp\/v2\/posts"}],"about":[{"href":"https:\/\/cvmarj.org.br\/site\/index.php\/wp-json\/wp\/v2\/types\/post"}],"author":[{"embeddable":true,"href":"https:\/\/cvmarj.org.br\/site\/index.php\/wp-json\/wp\/v2\/users\/1"}],"replies":[{"embeddable":true,"href":"https:\/\/cvmarj.org.br\/site\/index.php\/wp-json\/wp\/v2\/comments?post=2027"}],"version-history":[{"count":1,"href":"https:\/\/cvmarj.org.br\/site\/index.php\/wp-json\/wp\/v2\/posts\/2027\/revisions"}],"predecessor-version":[{"id":2031,"href":"https:\/\/cvmarj.org.br\/site\/index.php\/wp-json\/wp\/v2\/posts\/2027\/revisions\/2031"}],"wp:attachment":[{"href":"https:\/\/cvmarj.org.br\/site\/index.php\/wp-json\/wp\/v2\/media?parent=2027"}],"wp:term":[{"taxonomy":"category","embeddable":true,"href":"https:\/\/cvmarj.org.br\/site\/index.php\/wp-json\/wp\/v2\/categories?post=2027"},{"taxonomy":"post_tag","embeddable":true,"href":"https:\/\/cvmarj.org.br\/site\/index.php\/wp-json\/wp\/v2\/tags?post=2027"}],"curies":[{"name":"wp","href":"https:\/\/api.w.org\/{rel}","templated":true}]}}