{"id":2106,"date":"2021-07-06T12:26:00","date_gmt":"2021-07-06T15:26:00","guid":{"rendered":"https:\/\/cvmarj.org.br\/site\/?p=2106"},"modified":"2021-07-06T12:32:34","modified_gmt":"2021-07-06T15:32:34","slug":"jeep-willys-bombeiro-1947","status":"publish","type":"post","link":"https:\/\/cvmarj.org.br\/site\/index.php\/2021\/07\/06\/jeep-willys-bombeiro-1947\/","title":{"rendered":"Jeep Willys Bombeiro 1947"},"content":{"rendered":"\n<p>N\u00e3o \u00e9 todo dia que se v\u00ea um carro dessa idade, com todos esses acess\u00f3rios como novos e num dia normal!<br><br><a href=\"http:\/\/www.essevaleumafoto.com\/2012\/02\/jeep-willys-bombeiro-1947.html?m=1\" data-type=\"URL\" data-id=\"http:\/\/www.essevaleumafoto.com\/2012\/02\/jeep-willys-bombeiro-1947.html?m=1\" target=\"_blank\" rel=\"noreferrer noopener\">http:\/\/www.essevaleumafoto.com\/2012\/02\/jeep-willys-bombeiro-1947.html?m=1<\/a><\/p>\n\n\n\n<figure class=\"wp-block-image size-large\"><img fetchpriority=\"high\" decoding=\"async\" width=\"1024\" height=\"869\" src=\"https:\/\/cvmarj.org.br\/site\/wp-content\/uploads\/2021\/07\/6938808283_85fecd0174_b.jpg\" alt=\"\" class=\"wp-image-2108\" srcset=\"https:\/\/cvmarj.org.br\/site\/wp-content\/uploads\/2021\/07\/6938808283_85fecd0174_b.jpg 1024w, https:\/\/cvmarj.org.br\/site\/wp-content\/uploads\/2021\/07\/6938808283_85fecd0174_b-300x255.jpg 300w, https:\/\/cvmarj.org.br\/site\/wp-content\/uploads\/2021\/07\/6938808283_85fecd0174_b-768x652.jpg 768w\" sizes=\"(max-width: 1024px) 100vw, 1024px\" \/><\/figure>\n","protected":false},"excerpt":{"rendered":"<p>N\u00e3o \u00e9 todo dia que se v\u00ea um carro dessa idade, com todos esses acess\u00f3rios como novos e num dia normal! http:\/\/www.essevaleumafoto.com\/2012\/02\/jeep-willys-bombeiro-1947.html?m=1<\/p>\n","protected":false},"author":1,"featured_media":0,"comment_status":"closed","ping_status":"closed","sticky":false,"template":"","format":"standard","meta":{"neve_meta_sidebar":"","neve_meta_container":"","neve_meta_enable_content_width":"","neve_meta_content_width":0,"neve_meta_title_alignment":"","neve_meta_author_avatar":"","neve_post_elements_order":"","neve_meta_disable_header":"","neve_meta_disable_footer":"","neve_meta_disable_title":"","footnotes":""},"categories":[11],"tags":[],"_links":{"self":[{"href":"https:\/\/cvmarj.org.br\/site\/index.php\/wp-json\/wp\/v2\/posts\/2106"}],"collection":[{"href":"https:\/\/cvmarj.org.br\/site\/index.php\/wp-json\/wp\/v2\/posts"}],"about":[{"href":"https:\/\/cvmarj.org.br\/site\/index.php\/wp-json\/wp\/v2\/types\/post"}],"author":[{"embeddable":true,"href":"https:\/\/cvmarj.org.br\/site\/index.php\/wp-json\/wp\/v2\/users\/1"}],"replies":[{"embeddable":true,"href":"https:\/\/cvmarj.org.br\/site\/index.php\/wp-json\/wp\/v2\/comments?post=2106"}],"version-history":[{"count":2,"href":"https:\/\/cvmarj.org.br\/site\/index.php\/wp-json\/wp\/v2\/posts\/2106\/revisions"}],"predecessor-version":[{"id":2111,"href":"https:\/\/cvmarj.org.br\/site\/index.php\/wp-json\/wp\/v2\/posts\/2106\/revisions\/2111"}],"wp:attachment":[{"href":"https:\/\/cvmarj.org.br\/site\/index.php\/wp-json\/wp\/v2\/media?parent=2106"}],"wp:term":[{"taxonomy":"category","embeddable":true,"href":"https:\/\/cvmarj.org.br\/site\/index.php\/wp-json\/wp\/v2\/categories?post=2106"},{"taxonomy":"post_tag","embeddable":true,"href":"https:\/\/cvmarj.org.br\/site\/index.php\/wp-json\/wp\/v2\/tags?post=2106"}],"curies":[{"name":"wp","href":"https:\/\/api.w.org\/{rel}","templated":true}]}}