{"id":2163,"date":"2021-07-06T13:53:55","date_gmt":"2021-07-06T16:53:55","guid":{"rendered":"https:\/\/cvmarj.org.br\/site\/?p=2163"},"modified":"2021-07-06T13:53:57","modified_gmt":"2021-07-06T16:53:57","slug":"eles-sao-os-conselheiros-eleitos-do-cvmarj","status":"publish","type":"post","link":"https:\/\/cvmarj.org.br\/site\/index.php\/2021\/07\/06\/eles-sao-os-conselheiros-eleitos-do-cvmarj\/","title":{"rendered":"ELES S\u00c3O OS CONSELHEIROS ELEITOS DO CVMARJ"},"content":{"rendered":"\n<p>Eles s\u00e3o o ponto de equil\u00edbrio das decis\u00f5es da Diretoria.<br>Pouco aparecem, s\u00e3o discretos, experientes, equilibrados, com grande experi\u00eancia de vida, pessoal e profissional, dedicam muito dos seus tempos, buscando ajudar aos Diretores, solu\u00e7\u00f5es que tragam benef\u00edcios para os S\u00f3cios do CVMARJ.<br>Quem s\u00e3o eles, o que fazem, onde est\u00e3o, s\u00e3o perguntas que um S\u00f3cio muitas vezes, se faz e nos faz\u2026<br>Eles s\u00e3o os CONSELHEIROS ELEITOS DO CVMARJ:<\/p>\n\n\n\n<ul><li>CARLOS MAGNO.<\/li><li>\u00c1LVARO FRANCISCO.<\/li><li>ALEXANDRE LISBOA.<\/li><li>GUILHERME TURCHETO.<\/li><li>CARLOS DIAS.<\/li><\/ul>\n\n\n\n<p>\u00c0 voc\u00eas amigos, o nosso &#8220;muito obrigado&#8221; pela constante ajuda e orienta\u00e7\u00f5es que nos prestam, sempre buscando o &#8220;melhor para o CVMARJ&#8221;.<\/p>\n\n\n\n<figure class=\"wp-block-gallery columns-3 is-cropped wp-block-gallery-1 is-layout-flex wp-block-gallery-is-layout-flex\"><ul class=\"blocks-gallery-grid\"><li class=\"blocks-gallery-item\"><figure><img fetchpriority=\"high\" decoding=\"async\" width=\"693\" height=\"1024\" src=\"https:\/\/cvmarj.org.br\/site\/wp-content\/uploads\/2021\/07\/d488469a-e34b-412a-b8c9-4ba49313628a.jpg\" alt=\"\" data-id=\"2168\" data-link=\"https:\/\/cvmarj.org.br\/site\/?attachment_id=2168\" class=\"wp-image-2168\" srcset=\"https:\/\/cvmarj.org.br\/site\/wp-content\/uploads\/2021\/07\/d488469a-e34b-412a-b8c9-4ba49313628a.jpg 693w, https:\/\/cvmarj.org.br\/site\/wp-content\/uploads\/2021\/07\/d488469a-e34b-412a-b8c9-4ba49313628a-203x300.jpg 203w\" sizes=\"(max-width: 693px) 100vw, 693px\" \/><\/figure><\/li><li class=\"blocks-gallery-item\"><figure><img decoding=\"async\" width=\"603\" height=\"1024\" src=\"https:\/\/cvmarj.org.br\/site\/wp-content\/uploads\/2021\/07\/7d33ba79-4508-49bd-b69d-27020013788b-1-603x1024.jpg\" alt=\"\" data-id=\"2169\" data-link=\"https:\/\/cvmarj.org.br\/site\/?attachment_id=2169\" class=\"wp-image-2169\" srcset=\"https:\/\/cvmarj.org.br\/site\/wp-content\/uploads\/2021\/07\/7d33ba79-4508-49bd-b69d-27020013788b-1-603x1024.jpg 603w, https:\/\/cvmarj.org.br\/site\/wp-content\/uploads\/2021\/07\/7d33ba79-4508-49bd-b69d-27020013788b-1-177x300.jpg 177w, https:\/\/cvmarj.org.br\/site\/wp-content\/uploads\/2021\/07\/7d33ba79-4508-49bd-b69d-27020013788b-1.jpg 720w\" sizes=\"(max-width: 603px) 100vw, 603px\" \/><\/figure><\/li><li class=\"blocks-gallery-item\"><figure><img decoding=\"async\" width=\"782\" height=\"1024\" src=\"https:\/\/cvmarj.org.br\/site\/wp-content\/uploads\/2021\/07\/18e596e3-a11e-4d19-9f49-cc1135e19ec2-1-782x1024.jpg\" alt=\"\" data-id=\"2170\" data-link=\"https:\/\/cvmarj.org.br\/site\/?attachment_id=2170\" class=\"wp-image-2170\" srcset=\"https:\/\/cvmarj.org.br\/site\/wp-content\/uploads\/2021\/07\/18e596e3-a11e-4d19-9f49-cc1135e19ec2-1-782x1024.jpg 782w, https:\/\/cvmarj.org.br\/site\/wp-content\/uploads\/2021\/07\/18e596e3-a11e-4d19-9f49-cc1135e19ec2-1-229x300.jpg 229w, https:\/\/cvmarj.org.br\/site\/wp-content\/uploads\/2021\/07\/18e596e3-a11e-4d19-9f49-cc1135e19ec2-1-768x1005.jpg 768w, https:\/\/cvmarj.org.br\/site\/wp-content\/uploads\/2021\/07\/18e596e3-a11e-4d19-9f49-cc1135e19ec2-1.jpg 978w\" sizes=\"(max-width: 782px) 100vw, 782px\" \/><\/figure><\/li><li class=\"blocks-gallery-item\"><figure><img loading=\"lazy\" decoding=\"async\" width=\"577\" height=\"1024\" src=\"https:\/\/cvmarj.org.br\/site\/wp-content\/uploads\/2021\/07\/343e8ea3-cf7f-4c40-a453-6ddedeb55140-1.jpg\" alt=\"\" data-id=\"2171\" data-link=\"https:\/\/cvmarj.org.br\/site\/?attachment_id=2171\" class=\"wp-image-2171\" srcset=\"https:\/\/cvmarj.org.br\/site\/wp-content\/uploads\/2021\/07\/343e8ea3-cf7f-4c40-a453-6ddedeb55140-1.jpg 577w, https:\/\/cvmarj.org.br\/site\/wp-content\/uploads\/2021\/07\/343e8ea3-cf7f-4c40-a453-6ddedeb55140-1-169x300.jpg 169w\" sizes=\"(max-width: 577px) 100vw, 577px\" \/><\/figure><\/li><li class=\"blocks-gallery-item\"><figure><img loading=\"lazy\" decoding=\"async\" width=\"734\" height=\"1024\" src=\"https:\/\/cvmarj.org.br\/site\/wp-content\/uploads\/2021\/07\/a1cc977e-3a40-4e99-b1e6-9821227a973b-1-734x1024.jpg\" alt=\"\" data-id=\"2172\" data-full-url=\"https:\/\/cvmarj.org.br\/site\/wp-content\/uploads\/2021\/07\/a1cc977e-3a40-4e99-b1e6-9821227a973b-1.jpg\" data-link=\"https:\/\/cvmarj.org.br\/site\/?attachment_id=2172\" class=\"wp-image-2172\" srcset=\"https:\/\/cvmarj.org.br\/site\/wp-content\/uploads\/2021\/07\/a1cc977e-3a40-4e99-b1e6-9821227a973b-1-734x1024.jpg 734w, https:\/\/cvmarj.org.br\/site\/wp-content\/uploads\/2021\/07\/a1cc977e-3a40-4e99-b1e6-9821227a973b-1-215x300.jpg 215w, https:\/\/cvmarj.org.br\/site\/wp-content\/uploads\/2021\/07\/a1cc977e-3a40-4e99-b1e6-9821227a973b-1-768x1072.jpg 768w, https:\/\/cvmarj.org.br\/site\/wp-content\/uploads\/2021\/07\/a1cc977e-3a40-4e99-b1e6-9821227a973b-1.jpg 917w\" sizes=\"(max-width: 734px) 100vw, 734px\" \/><\/figure><\/li><\/ul><\/figure>\n","protected":false},"excerpt":{"rendered":"<p>Eles s\u00e3o o ponto de equil\u00edbrio das decis\u00f5es da Diretoria.Pouco aparecem, s\u00e3o discretos, experientes, equilibrados, com grande experi\u00eancia de vida, pessoal e profissional, dedicam muito dos seus tempos, buscando ajudar aos Diretores, solu\u00e7\u00f5es que tragam benef\u00edcios para os S\u00f3cios do CVMARJ.Quem s\u00e3o eles, o que fazem, onde est\u00e3o, s\u00e3o perguntas que um S\u00f3cio muitas vezes,&hellip;&nbsp;<a href=\"https:\/\/cvmarj.org.br\/site\/index.php\/2021\/07\/06\/eles-sao-os-conselheiros-eleitos-do-cvmarj\/\" class=\"\" rel=\"bookmark\">Ler mais &raquo;<span class=\"screen-reader-text\">ELES S\u00c3O OS CONSELHEIROS ELEITOS DO CVMARJ<\/span><\/a><\/p>\n","protected":false},"author":1,"featured_media":0,"comment_status":"closed","ping_status":"closed","sticky":false,"template":"","format":"standard","meta":{"neve_meta_sidebar":"","neve_meta_container":"","neve_meta_enable_content_width":"","neve_meta_content_width":0,"neve_meta_title_alignment":"","neve_meta_author_avatar":"","neve_post_elements_order":"","neve_meta_disable_header":"","neve_meta_disable_footer":"","neve_meta_disable_title":"","footnotes":""},"categories":[11],"tags":[],"_links":{"self":[{"href":"https:\/\/cvmarj.org.br\/site\/index.php\/wp-json\/wp\/v2\/posts\/2163"}],"collection":[{"href":"https:\/\/cvmarj.org.br\/site\/index.php\/wp-json\/wp\/v2\/posts"}],"about":[{"href":"https:\/\/cvmarj.org.br\/site\/index.php\/wp-json\/wp\/v2\/types\/post"}],"author":[{"embeddable":true,"href":"https:\/\/cvmarj.org.br\/site\/index.php\/wp-json\/wp\/v2\/users\/1"}],"replies":[{"embeddable":true,"href":"https:\/\/cvmarj.org.br\/site\/index.php\/wp-json\/wp\/v2\/comments?post=2163"}],"version-history":[{"count":1,"href":"https:\/\/cvmarj.org.br\/site\/index.php\/wp-json\/wp\/v2\/posts\/2163\/revisions"}],"predecessor-version":[{"id":2173,"href":"https:\/\/cvmarj.org.br\/site\/index.php\/wp-json\/wp\/v2\/posts\/2163\/revisions\/2173"}],"wp:attachment":[{"href":"https:\/\/cvmarj.org.br\/site\/index.php\/wp-json\/wp\/v2\/media?parent=2163"}],"wp:term":[{"taxonomy":"category","embeddable":true,"href":"https:\/\/cvmarj.org.br\/site\/index.php\/wp-json\/wp\/v2\/categories?post=2163"},{"taxonomy":"post_tag","embeddable":true,"href":"https:\/\/cvmarj.org.br\/site\/index.php\/wp-json\/wp\/v2\/tags?post=2163"}],"curies":[{"name":"wp","href":"https:\/\/api.w.org\/{rel}","templated":true}]}}