{"id":2271,"date":"2021-07-25T17:53:42","date_gmt":"2021-07-25T20:53:42","guid":{"rendered":"https:\/\/cvmarj.org.br\/site\/?p=2271"},"modified":"2021-07-25T17:53:44","modified_gmt":"2021-07-25T20:53:44","slug":"tenham-orgulho-de-pertencer-ao-cvmarj","status":"publish","type":"post","link":"https:\/\/cvmarj.org.br\/site\/index.php\/2021\/07\/25\/tenham-orgulho-de-pertencer-ao-cvmarj\/","title":{"rendered":"Tenham orgulho de pertencer ao CVMARJ."},"content":{"rendered":"\n<p>Boa tarde!<\/p>\n\n\n\n<p>Tenham orgulho de pertencer ao CVMARJ.<\/p>\n\n\n\n<p>Somos um Grupo diferenciado dos demais, vibramos, nos dedicamos, lutamos contra tudo e contra todos, pelos nossos ideais.<\/p>\n\n\n\n<p>Somos unidos e comprometidos com a nossa causa, lutamos pelo bem estar do Grupo, tamb\u00e9m conhecida como a &#8220;FAM\u00cdLIA CVMARJ&#8221;.<\/p>\n\n\n\n<p>Se vc n\u00e3o se orgulha de estar aqui, com certeza est\u00e1 no lugar errado\u2026<\/p>\n\n\n\n<p>Chegamos e estamos aqui como volunt\u00e1rios, fazemos o que fazemos por entender ser o melhor para o Clube, que est\u00e1 sempre acima dos interesses pessoais.<\/p>\n\n\n\n<p>19 anos se passaram, muitas coisas foram realizadas, e muito ainda por fazer.<\/p>\n\n\n\n<p>O Clube n\u00e3o tem dono, pertence aos seus S\u00f3cios, ent\u00e3o todos tem que mobilizar, e trabalhar de v\u00e1rias formas, em benef\u00edcio da entidade.<\/p>\n\n\n\n<p>FAREMOS SEMPRE O QUE TIVER QUE SER FEITO, EM BENEF\u00cdCIO DO CVMARJ!<\/p>\n\n\n\n<p>AVANTE CVMARJ!<\/p>\n\n\n\n<p>SOMOS CVMARJ!<\/p>\n\n\n\n<p>VAMOS EM FRENTE!<\/p>\n\n\n\n<p>At.<\/p>\n\n\n\n<p>S\u00e9rgio Capella.<br>Presidente do CVMARJ.<\/p>\n","protected":false},"excerpt":{"rendered":"<p>Boa tarde! Tenham orgulho de pertencer ao CVMARJ. Somos um Grupo diferenciado dos demais, vibramos, nos dedicamos, lutamos contra tudo e contra todos, pelos nossos ideais. Somos unidos e comprometidos com a nossa causa, lutamos pelo bem estar do Grupo, tamb\u00e9m conhecida como a &#8220;FAM\u00cdLIA CVMARJ&#8221;. Se vc n\u00e3o se orgulha de estar aqui, com&hellip;&nbsp;<a href=\"https:\/\/cvmarj.org.br\/site\/index.php\/2021\/07\/25\/tenham-orgulho-de-pertencer-ao-cvmarj\/\" class=\"\" rel=\"bookmark\">Ler mais &raquo;<span class=\"screen-reader-text\">Tenham orgulho de pertencer ao CVMARJ.<\/span><\/a><\/p>\n","protected":false},"author":1,"featured_media":0,"comment_status":"closed","ping_status":"closed","sticky":false,"template":"","format":"standard","meta":{"neve_meta_sidebar":"","neve_meta_container":"","neve_meta_enable_content_width":"","neve_meta_content_width":0,"neve_meta_title_alignment":"","neve_meta_author_avatar":"","neve_post_elements_order":"","neve_meta_disable_header":"","neve_meta_disable_footer":"","neve_meta_disable_title":"","footnotes":""},"categories":[11],"tags":[],"_links":{"self":[{"href":"https:\/\/cvmarj.org.br\/site\/index.php\/wp-json\/wp\/v2\/posts\/2271"}],"collection":[{"href":"https:\/\/cvmarj.org.br\/site\/index.php\/wp-json\/wp\/v2\/posts"}],"about":[{"href":"https:\/\/cvmarj.org.br\/site\/index.php\/wp-json\/wp\/v2\/types\/post"}],"author":[{"embeddable":true,"href":"https:\/\/cvmarj.org.br\/site\/index.php\/wp-json\/wp\/v2\/users\/1"}],"replies":[{"embeddable":true,"href":"https:\/\/cvmarj.org.br\/site\/index.php\/wp-json\/wp\/v2\/comments?post=2271"}],"version-history":[{"count":1,"href":"https:\/\/cvmarj.org.br\/site\/index.php\/wp-json\/wp\/v2\/posts\/2271\/revisions"}],"predecessor-version":[{"id":2272,"href":"https:\/\/cvmarj.org.br\/site\/index.php\/wp-json\/wp\/v2\/posts\/2271\/revisions\/2272"}],"wp:attachment":[{"href":"https:\/\/cvmarj.org.br\/site\/index.php\/wp-json\/wp\/v2\/media?parent=2271"}],"wp:term":[{"taxonomy":"category","embeddable":true,"href":"https:\/\/cvmarj.org.br\/site\/index.php\/wp-json\/wp\/v2\/categories?post=2271"},{"taxonomy":"post_tag","embeddable":true,"href":"https:\/\/cvmarj.org.br\/site\/index.php\/wp-json\/wp\/v2\/tags?post=2271"}],"curies":[{"name":"wp","href":"https:\/\/api.w.org\/{rel}","templated":true}]}}