{"id":2285,"date":"2021-07-25T18:11:14","date_gmt":"2021-07-25T21:11:14","guid":{"rendered":"https:\/\/cvmarj.org.br\/site\/?p=2285"},"modified":"2021-07-25T18:13:50","modified_gmt":"2021-07-25T21:13:50","slug":"voce-faz-parte-de-um-grupo-muito-seleto","status":"publish","type":"post","link":"https:\/\/cvmarj.org.br\/site\/index.php\/2021\/07\/25\/voce-faz-parte-de-um-grupo-muito-seleto\/","title":{"rendered":"Voc\u00ea faz parte de um grupo muito seleto"},"content":{"rendered":"\n<p>Bom dia!<\/p>\n\n\n\n<p>Voc\u00ea faz parte de um grupo muito seleto de pessoas que tem uma hist\u00f3ria no CVMARJ.<\/p>\n\n\n\n<p>Temos muito prazer e orgulho de termos as mesmas preocupa\u00e7\u00f5es, de manter viva a hist\u00f3ria do nosso Clube, nosso, pois ele pertence \u00e0 todos os seus S\u00d3CIOS, sejam eles fundadores, remidos ou contribuintes.<\/p>\n\n\n\n<p>A atual Diretoria e Conselho eleitos, procura fazer de tudo que \u00e9 poss\u00edvel, para atender as expectativas e necessidades do que chamamos hoje, &#8220;A FAM\u00cdLIA CVMARJ&#8221;, criando a\u00e7\u00f5es civis e militares dentro do foco do Clube.<\/p>\n\n\n\n<p>N\u00e3o somos melhores, nem piores do que os outros Clubes do nosso segmento, apenas somos diferentes.<\/p>\n\n\n\n<p>N\u00e3o somos Clube de Ve\u00edculos Antigos, nem Jeep Clube, somos o &#8220;CLUBE DE VE\u00cdCULOS MILITARES ANTIGOS DO RIO DE JANEIRO_ CVMARJ&#8221;.<\/p>\n\n\n\n<p>Todos estamos aqui por vontade pr\u00f3pria, somos volunt\u00e1rios, temos que nos orgulhar muito de quem somos.<\/p>\n\n\n\n<p>Temos direitos e deveres, como pagar nossa anuidade, comparecer aos eventos previamente divulgados, manter as nossas viaturas sempre em condi\u00e7\u00f5es de operacionalidade plena, adquirir produtos do Clube, usar camisa, bon\u00e9 e fl\u00e2mula do CVMARJ, divulgar nossas atividades, sugerir mudan\u00e7as e a\u00e7\u00f5es em benef\u00edcio da nossa coletividade, entre outras\u2026<\/p>\n\n\n\n<p>Ainda temos pend\u00eancias de anuidades de alguns S\u00d3CIOS, e precisamos dessas contribui\u00e7\u00f5es para gerenciar o Clube. Se ainda tem pend\u00eancia, por favor fa\u00e7a o seu dep\u00f3sito e me mande o comprovante por ZAP.<\/p>\n\n\n\n<p>Em breve teremos reuni\u00e3o da Diretoria e Conselho eleitos, e depois Assembleia Geral, com os S\u00f3cios.<\/p>\n\n\n\n<p>Estamos com nossas contas em dia, temos grandes projetos em andamento, e previs\u00e3o de muitas atividades ainda em 2021.<\/p>\n\n\n\n<p>Durante essa pandemia, a Diretoria e Conselho eleitos nunca pararam de trabalhar.<\/p>\n\n\n\n<p>Hoje, temos mais de 10 entusiastas como candidatos \u00e0 S\u00d3CIO do CVMARJ, alguns membros antigos voltando para o Clube, isso \u00e9 um excelente sinal de que estamos no caminho certo.<\/p>\n\n\n\n<p>Temos mais de 10 redes sociais, nosso site, www.cvmarj.org.br iniciado em 20 de fevereiro de 2021, tem mais de 16.700 visitas.<\/p>\n\n\n\n<p>Contamos com o entendimento e participa\u00e7\u00e3o dos nossos S\u00f3cios, para prosseguir na miss\u00e3o de gerir o Clube at\u00e9 a pr\u00f3xima elei\u00e7\u00e3o em 06 de junho de 2022.<\/p>\n\n\n\n<p>N\u00c3O PERGUNTE O QU\u00ca O CVMARJ PODE FAZER FAZER POR VOC\u00ca, E SIM O QU\u00ca VOC\u00ca PODE FAZER PELO CVMARJ!<\/p>\n\n\n\n<p>SOMOS CVMARJ!<\/p>\n\n\n\n<p>VAMOS EM FRENTE!<\/p>\n\n\n\n<p>At.<\/p>\n\n\n\n<p>S\u00e9rgio Capella.<br>Presidente do CVMARJ.<\/p>\n","protected":false},"excerpt":{"rendered":"<p>Bom dia! Voc\u00ea faz parte de um grupo muito seleto de pessoas que tem uma hist\u00f3ria no CVMARJ. Temos muito prazer e orgulho de termos as mesmas preocupa\u00e7\u00f5es, de manter viva a hist\u00f3ria do nosso Clube, nosso, pois ele pertence \u00e0 todos os seus S\u00d3CIOS, sejam eles fundadores, remidos ou contribuintes. A atual Diretoria e&hellip;&nbsp;<a href=\"https:\/\/cvmarj.org.br\/site\/index.php\/2021\/07\/25\/voce-faz-parte-de-um-grupo-muito-seleto\/\" class=\"\" rel=\"bookmark\">Ler mais &raquo;<span class=\"screen-reader-text\">Voc\u00ea faz parte de um grupo muito seleto<\/span><\/a><\/p>\n","protected":false},"author":1,"featured_media":0,"comment_status":"closed","ping_status":"closed","sticky":false,"template":"","format":"standard","meta":{"neve_meta_sidebar":"","neve_meta_container":"","neve_meta_enable_content_width":"","neve_meta_content_width":0,"neve_meta_title_alignment":"","neve_meta_author_avatar":"","neve_post_elements_order":"","neve_meta_disable_header":"","neve_meta_disable_footer":"","neve_meta_disable_title":"","footnotes":""},"categories":[11],"tags":[],"_links":{"self":[{"href":"https:\/\/cvmarj.org.br\/site\/index.php\/wp-json\/wp\/v2\/posts\/2285"}],"collection":[{"href":"https:\/\/cvmarj.org.br\/site\/index.php\/wp-json\/wp\/v2\/posts"}],"about":[{"href":"https:\/\/cvmarj.org.br\/site\/index.php\/wp-json\/wp\/v2\/types\/post"}],"author":[{"embeddable":true,"href":"https:\/\/cvmarj.org.br\/site\/index.php\/wp-json\/wp\/v2\/users\/1"}],"replies":[{"embeddable":true,"href":"https:\/\/cvmarj.org.br\/site\/index.php\/wp-json\/wp\/v2\/comments?post=2285"}],"version-history":[{"count":1,"href":"https:\/\/cvmarj.org.br\/site\/index.php\/wp-json\/wp\/v2\/posts\/2285\/revisions"}],"predecessor-version":[{"id":2286,"href":"https:\/\/cvmarj.org.br\/site\/index.php\/wp-json\/wp\/v2\/posts\/2285\/revisions\/2286"}],"wp:attachment":[{"href":"https:\/\/cvmarj.org.br\/site\/index.php\/wp-json\/wp\/v2\/media?parent=2285"}],"wp:term":[{"taxonomy":"category","embeddable":true,"href":"https:\/\/cvmarj.org.br\/site\/index.php\/wp-json\/wp\/v2\/categories?post=2285"},{"taxonomy":"post_tag","embeddable":true,"href":"https:\/\/cvmarj.org.br\/site\/index.php\/wp-json\/wp\/v2\/tags?post=2285"}],"curies":[{"name":"wp","href":"https:\/\/api.w.org\/{rel}","templated":true}]}}